{"id":109354,"date":"2025-05-18T12:47:11","date_gmt":"2025-05-18T12:47:11","guid":{"rendered":"https:\/\/www.europesays.com\/fr\/109354\/"},"modified":"2025-05-18T12:47:11","modified_gmt":"2025-05-18T12:47:11","slug":"le-parquet-de-marseille-contredit-le-depute-lfi","status":"publish","type":"post","link":"https:\/\/www.europesays.com\/fr\/109354\/","title":{"rendered":"le parquet de Marseille contredit le d\u00e9put\u00e9 LFI"},"content":{"rendered":"<p>            Par<br \/>\n        <strong><br \/>\n            <a href=\"https:\/\/actu.fr\/auteur\/fabien-binacchi\" title=\"Consulter tous les articles de Fabien Binacchi\" rel=\"nofollow noopener\" target=\"_blank\">Fabien Binacchi<\/a><br \/>\n        <\/strong><\/p>\n<p>        Publi\u00e9 le<\/p>\n<p>            18 mai 2025 \u00e0 13h41        <\/p>\n<p>Au lendemain de perquisitions dans ses locaux, le d\u00e9put\u00e9 LFI des Bouches-du-Rh\u00f4ne <a href=\"https:\/\/actu.fr\/provence-alpes-cote-d-azur\/marseille_13055\/marseille-le-depute-lfi-sebastien-delogu-dans-le-viseur-de-la-justice-des-perquisitions_62639790.html\" rel=\"nofollow noopener\" target=\"_blank\">S\u00e9bastien Delogu<\/a> a \u00e9t\u00e9 entendu pr\u00e8s de trois heures ce vendredi 16\u00a0mai \u00e0 <a href=\"https:\/\/actu.fr\/marseille\/\" rel=\"nofollow noopener\" target=\"_blank\">Marseille<\/a>, dans le cadre de <strong>l\u2019enqu\u00eate sur des documents priv\u00e9s vol\u00e9s \u00e0 un chef d\u2019entreprise,<\/strong> que le parlementaire a diffus\u00e9s sur ses r\u00e9seaux sociaux.<\/p>\n<p class=\" wall-content\">\u00ab\u2009Contrairement \u00e0 la <strong>communication erron\u00e9e<\/strong> relay\u00e9e dans la presse et sur les r\u00e9seaux sociaux, notamment par S\u00e9bastien Delogu\u2009\u00bb, les visites des enqu\u00eateurs \u00e0 son domicile et \u00e0 sa permanence \u00e9lectorale sont <strong>\u00ab\u2009sans aucun lien\u2009\u00bb<\/strong> avec le signalement que le d\u00e9put\u00e9 marseillais a transmis au procureur de la R\u00e9publique le 5\u00a0septembre 2024 sur une entreprise de nettoyage, a insist\u00e9 le parquet de Marseille dans un communiqu\u00e9.<\/p>\n<p>\u00ab\u2009Des documents ayant trait \u00e0 la vie priv\u00e9e\u2009\u00bb<\/p>\n<p class=\" wall-content\">S\u00e9bastien Delogu, son entourage et de nombreux responsables de LFI, dont Jean-Luc M\u00e9lenchon, avaient aussit\u00f4t d\u00e9nonc\u00e9 ces perquisitions, les liant \u00e0 cette saisie de la justice sur <strong>des soup\u00e7ons d\u2019abus de biens sociaux<\/strong> au sein de Laser Propret\u00e9, alors au centre d\u2019un conflit social touchant le nettoyage du m\u00e9tro et de la gare Saint-Charles de Marseille.<\/p>\n<p class=\" wall-content\">Ces perquisitions, men\u00e9es par la brigade financi\u00e8re, \u00ab\u2009ont eu lieu dans le cadre d\u2019une enqu\u00eate pr\u00e9liminaire ouverte en octobre\u00a02024 pour vol, recel de vol, mise en danger par r\u00e9v\u00e9lation d\u2019information relative \u00e0 la vie priv\u00e9e par communication publique en ligne et <strong>atteinte au secret des correspondances<\/strong>\u2009\u00bb, avait indiqu\u00e9 le parquet de Marseille jeudi.<\/p>\n<p class=\" wall-content\">Dans son communiqu\u00e9 de vendredi, il pr\u00e9cise qu\u2019elles ont en fait \u00e9t\u00e9 men\u00e9es suite au \u00ab\u2009vol d\u2019une pochette contenant des documents ayant trait \u00e0 la vie priv\u00e9e\u2009\u00bb d\u2019<strong>Isidore Aragones<\/strong>, \u00e9ph\u00e9m\u00e8re pr\u00e9sident de Laser Propret\u00e9, du 12\u00a0septembre \u00e0 d\u00e9but octobre.<\/p>\n<p>Vid\u00e9os : en ce moment sur Actu\u00ab\u2009Il m\u2019a expos\u00e9 \u00e0 un danger r\u00e9el\u2009\u00bb<\/p>\n<p class=\" wall-content\">Cet avocat \u00e0 la retraite, ex-pr\u00e9sident du Conseil repr\u00e9sentatif des institutions juives de France (Crif) de Marseille, se serait rendu compte de ce vol apr\u00e8s que son bureau avait \u00e9t\u00e9 \u00ab\u2009envahi par une d\u00e9l\u00e9gation syndicale de la CGT\u2009\u00bb, le 19\u00a0septembre 2024.<\/p>\n<p class=\" wall-content\">Cinq jours plus tard, \u00ab\u2009S\u00e9bastien Delogu diffusait sur son compte Instagram, fort de 95.000 abonn\u00e9s, une grande partie des documents d\u00e9rob\u00e9s \u00e0 Isidore Aragones, <strong>\u00e9voquant ses liens avec l\u2019\u00c9tat d\u2019Isra\u00ebl,<\/strong> ainsi que ses projets financiers personnels, et en pr\u00e9cisant que des gens bienveillants les lui avaient transmis\u2009\u00bb, poursuit le communiqu\u00e9.<\/p>\n<p class=\" wall-content\">Les perquisitions jeudi avaient \u00ab\u2009pour objectif de rechercher\u2009\u00bb ces documents \u00ab\u2009et de permettre d\u2019identifier les personnes qui ont commis ce vol\u2009\u00bb, d\u00e9taille encore le parquet.<\/p>\n<p class=\" wall-content\">\u00ab\u2009Dans le contexte [du conflit au Proche-Orient], <strong>c\u2019est ma vie qu\u2019il a expos\u00e9e,<\/strong> et il m\u2019a expos\u00e9 \u00e0 un danger r\u00e9el, \u00e0 un grave danger\u2009\u00bb, a t\u00e9moign\u00e9 Isidore Aragones aupr\u00e8s de l\u2019AFP.<\/p>\n<p>L\u2019autre enqu\u00eate est \u00ab\u2009toujours en cours\u2009\u00bb<\/p>\n<p class=\" wall-content\">\u00ab\u2009On a \u00e9t\u00e9 auditionn\u00e9s librement, on a fait des d\u00e9clarations, <strong>on est rest\u00e9 sereins<\/strong>\u2009\u00bb, a comment\u00e9 l\u2019avocat de l\u2019\u00e9lu, Me Yones Taguelmint, \u00e0 la sortie de l\u2019audition de S\u00e9bastien Delogu vendredi. Le d\u00e9put\u00e9 LFI n\u2019a fait aucune d\u00e9claration.<\/p>\n<p class=\" wall-content\">\u00ab\u2009\u00c9videmment qu\u2019on a <strong>h\u00e2te que la proc\u00e9dure avance, vraiment dans la globalit\u00e9,<\/strong> j\u2019insiste sur \u00e7a, que tout soit ressorti de ce qui s\u2019est pass\u00e9, de A \u00e0 Z\u2009\u00bb, a poursuivi le conseil aupr\u00e8s de l\u2019AFP, r\u00e9p\u00e9tant que selon lui \u00ab\u2009il y a une enqu\u00eate principale\u2009\u00bb sur les faits d\u00e9nonc\u00e9s par S\u00e9bastien Delogu le 5\u00a0septembre \u00ab\u2009et il faudrait qu\u2019elle avance\u2009\u00bb.<\/p>\n<p class=\" wall-content\">Le parquet confirme de son c\u00f4t\u00e9 qu\u2019\u00ab\u2009ils ont fait l\u2019objet d\u2019une <strong>ouverture d\u2019enqu\u00eate pr\u00e9liminaire<\/strong> le 16\u00a0septembre\u2009\u00bb et cette derni\u00e8re est \u00ab\u2009toujours en cours\u2009\u00bb.<\/p>\n<p class=\" wall-content\"><strong>Avec AFP<\/strong><\/p>\n<p class=\" wall-content\">Suivez toute l\u2019actualit\u00e9 de vos villes et m\u00e9dias favoris en vous inscrivant \u00e0 <a href=\"https:\/\/moncompte.actu.fr\" title=\"D\u00e9couvez Mon Actu\" rel=\"nofollow noopener\" data-trk=\"{&quot;cta&quot;:{&quot;action&quot;:&quot;https:\\\/\\\/moncompte.actu.fr&quot;,&quot;category&quot;:&quot;mon compte&quot;,&quot;from&quot;:&quot;article footer&quot;,&quot;name&quot;:&quot;Mon actu&quot;,&quot;type&quot;:&quot;cta&quot;}}\" target=\"_blank\">Mon Actu<\/a>.<\/p>\n<ul class=\"ac-article-tag wall-content\">\n<li><a href=\"https:\/\/actu.fr\/tag\/la-france-insoumise-lfi\" data-trk=\"{&quot;cta&quot;:{&quot;action&quot;:&quot;La France Insoumise (LFI)&quot;,&quot;category&quot;:&quot;tag&quot;,&quot;from&quot;:&quot;article footer&quot;,&quot;name&quot;:&quot;La France Insoumise (LFI)&quot;,&quot;type&quot;:&quot;cta&quot;}}\" rel=\"nofollow noopener\" target=\"_blank\">#La France Insoumise (LFI)<\/a><\/li>\n<\/ul>\n","protected":false},"excerpt":{"rendered":"Par Fabien Binacchi Publi\u00e9 le 18 mai 2025 \u00e0 13h41 Au lendemain de perquisitions dans ses locaux, le&hellip;\n","protected":false},"author":2,"featured_media":109355,"comment_status":"","ping_status":"","sticky":false,"template":"","format":"standard","meta":{"footnotes":""},"categories":[2814],"tags":[1111,11,1777,674,1011,27,1023,884,12,882,25,104],"class_list":{"0":"post-109354","1":"post","2":"type-post","3":"status-publish","4":"format-standard","5":"has-post-thumbnail","7":"category-marseille","8":"tag-actu","9":"tag-actualites","10":"tag-eu","11":"tag-europe","12":"tag-fr","13":"tag-france","14":"tag-la-france-insoumise-lfi","15":"tag-marseille","16":"tag-news","17":"tag-provence-alpes-cote-dazur","18":"tag-republique-francaise","19":"tag-societe"},"share_on_mastodon":{"url":"https:\/\/pubeurope.com\/@fr\/114528914287696270","error":""},"_links":{"self":[{"href":"https:\/\/www.europesays.com\/fr\/wp-json\/wp\/v2\/posts\/109354","targetHints":{"allow":["GET"]}}],"collection":[{"href":"https:\/\/www.europesays.com\/fr\/wp-json\/wp\/v2\/posts"}],"about":[{"href":"https:\/\/www.europesays.com\/fr\/wp-json\/wp\/v2\/types\/post"}],"author":[{"embeddable":true,"href":"https:\/\/www.europesays.com\/fr\/wp-json\/wp\/v2\/users\/2"}],"replies":[{"embeddable":true,"href":"https:\/\/www.europesays.com\/fr\/wp-json\/wp\/v2\/comments?post=109354"}],"version-history":[{"count":0,"href":"https:\/\/www.europesays.com\/fr\/wp-json\/wp\/v2\/posts\/109354\/revisions"}],"wp:featuredmedia":[{"embeddable":true,"href":"https:\/\/www.europesays.com\/fr\/wp-json\/wp\/v2\/media\/109355"}],"wp:attachment":[{"href":"https:\/\/www.europesays.com\/fr\/wp-json\/wp\/v2\/media?parent=109354"}],"wp:term":[{"taxonomy":"category","embeddable":true,"href":"https:\/\/www.europesays.com\/fr\/wp-json\/wp\/v2\/categories?post=109354"},{"taxonomy":"post_tag","embeddable":true,"href":"https:\/\/www.europesays.com\/fr\/wp-json\/wp\/v2\/tags?post=109354"}],"curies":[{"name":"wp","href":"https:\/\/api.w.org\/{rel}","templated":true}]}}