{"id":109364,"date":"2025-05-18T12:54:21","date_gmt":"2025-05-18T12:54:21","guid":{"rendered":"https:\/\/www.europesays.com\/fr\/109364\/"},"modified":"2025-05-18T12:54:21","modified_gmt":"2025-05-18T12:54:21","slug":"je-vis-a-paris-la-meilleure-ville-du-monde-pour-la-culture-en-ce-moment-voici-mes-7-incontournables","status":"publish","type":"post","link":"https:\/\/www.europesays.com\/fr\/109364\/","title":{"rendered":"Je vis \u00e0 Paris, la meilleure ville du monde pour la culture en ce moment \u2013 voici mes 7 incontournables"},"content":{"rendered":"<p>Je ne suis peut-\u00eatre pas la plus objective quand je crie partout que <a href=\"https:\/\/www.timeout.fr\/paris\/actualites\/paris-elue-meilleure-ville-du-monde-pour-la-culture-en-2025-par-time-out-051425\" target=\"_blank\" rel=\"noopener\">Paris est la meilleure ville du monde\u00a0pour la culture<\/a> \u2013 mais c\u2019est aussi <a href=\"https:\/\/www.timeout.fr\/paris\/art\/les-20-meilleures-villes-du-monde-pour-la-culture-en-2025-selon-time-out\" target=\"_blank\" rel=\"noopener\">le verdict du dernier classement de Time Out<\/a>. J&rsquo;ai beau avoir bourlingu\u00e9, j\u2019y reviens toujours. Pour ses toits en ardoise, ses restos ouverts \u00e0 2 h du mat, ses <a href=\"https:\/\/www.timeout.fr\/paris\/que-faire-a-paris\" target=\"_blank\" rel=\"noopener\">soir\u00e9es<\/a> qui s\u2019improvisent. Pour son m\u00e9tro cracra mais pratique, ses chemins de traverse, ses pop-up qui apparaissent et disparaissent comme par magie.<\/p>\n<p class=\"\" data-start=\"436\" data-end=\"1344\">Et surtout, parce qu\u2019ici, marcher revient \u00e0 feuilleter tous les mus\u00e9es du monde en quelques rues. On y vit le nez en l\u2019air, \u00e0 traquer une cariatide ou une fresque planqu\u00e9e. On s\u2019assoit aux Tuileries comme d\u2019autres s\u2019installent au mus\u00e9e d\u2019Orsay. On squatte un vernissage de la rue de Seine un verre \u00e0 la main, une clope dans l\u2019autre. Avant d\u2019\u00eatre capitale de la mode, de la bouffe ou de la teuf, Paris reste et demeure la ville du beau. Et nous, Parisiens, les esth\u00e8tes autoproclam\u00e9s de cette galerie \u00e0 ciel ouvert.<\/p>\n<p class=\"\" data-start=\"1346\" data-end=\"1699\">Plus de 200 mus\u00e9es, un millier de galeries, et probablement tout autant de lieux \u00e9ph\u00e9m\u00e8res o\u00f9 la beaut\u00e9 r\u00e8gne en grande ma\u00eetresse. Difficile parfois de s\u2019y retrouver. Et si le Louvre et le Centre Pompidou continuent de m\u2019\u00e9merveiller, le Paris-mus\u00e9al, c\u2019est bien plus que \u00e7a. Voici quelques-uns de mes repaires pr\u00e9f\u00e9r\u00e9s, pour s\u2019en mettre plein la r\u00e9tine.<\/p>\n<p><strong>Le Mus\u00e9e des Arts D\u00e9coratifs (MAD)<\/strong><\/p>\n<p class=\"\" data-start=\"1346\" data-end=\"1699\">D&rsquo;abord, quitte \u00e0 fl\u00e2ner du c\u00f4t\u00e9 du Louvre, autant \u00e9viter la foule compacte de visiteurs (que l\u2019on appr\u00e9cie, mais avec mod\u00e9ration) pour se glisser \u00e0 quelques m\u00e8tres de l\u00e0, au Mus\u00e9e des Arts D\u00e9coratifs, sobrement renomm\u00e9 MAD depuis 2018. Install\u00e9e dans la superbe aile Marsan du palais du Louvre, cette institution fond\u00e9e en 1864 s\u2019appuie aussi bien sur sa vaste collection permanente que sur ses expositions temporaires, toujours remarquablement con\u00e7ues pour s\u00e9duire un large public. Et si elle se consacre principalement au design et aux arts d\u00e9coratifs, c\u2019est bien pour ses expositions de mode que l\u2019on s\u2019y rend en priorit\u00e9. Dior, Mugler, Iris Van Herpen, Schiaparelli\u2026 tous y ont \u00e9t\u00e9 mis \u00e0 l\u2019honneur, leurs silhouettes spectaculaires sublim\u00e9es par des sc\u00e9nographies d\u00e9lirantes et un sens du commissariat particuli\u00e8rement aiguis\u00e9. Mention sp\u00e9ciale \u00e9galement pour la boutique du mus\u00e9e, sp\u00e9cialis\u00e9e dans le design, qui propose des pi\u00e8ces d\u2019exception \u00e0 acqu\u00e9rir pour repenser sa d\u00e9coration \u2014 ou simplement prolonger l\u2019exp\u00e9rience de l\u2019exposition, au choix.<\/p>\n<p><img decoding=\"async\" id=\"53146afd-1338-74ef-6c2c-1fbfb0930f50\" class=\"photo lazy inline\" loading=\"lazy\" data-component=\"lazy-embed\" src=\"https:\/\/www.europesays.com\/fr\/wp-content\/uploads\/2025\/05\/1747572854_814_image.webp.webp\" alt=\"mus\u00e9e des Arts d\u00e9coratifs pr\u00e9sentera sa premi\u00e8re grande monographie d\u00e9di\u00e9e \u00e0 Paul Poiret\" data-caption=\"\" data-credit=\"Mus\u00e9e des Arts d\u00e9coratifs - Exposition Paul Poiret.\" data-width-class=\"\" data-image-id=\"106275565\"\/>&#13;<br \/>\nEn juin, le mus\u00e9e des Arts d\u00e9coratifs pr\u00e9sentera sa premi\u00e8re grande monographie d\u00e9di\u00e9e \u00e0 Paul Poiret.&#13;<\/p>\n<p class=\"\" data-start=\"1346\" data-end=\"1699\">Du 25 juin 2025 au 11 janvier 2026, le mus\u00e9e des Arts d\u00e9coratifs pr\u00e9sentera sa premi\u00e8re grande monographie d\u00e9di\u00e9e \u00e0 Paul Poiret (1879-1944).<\/p>\n<p class=\"\" data-start=\"1346\" data-end=\"1699\"><strong>Mus\u00e9e des Arts d\u00e9coratifs<\/strong><br \/>107 Rue de Rivoli, 75001 Paris<\/p>\n<p><strong data-start=\"257\" data-end=\"279\">Le Palais de Tokyo<\/strong><\/p>\n<p class=\"\" data-start=\"281\" data-end=\"1499\">C\u2019est un incontournable que, pourtant, (presque) seuls les Franciliens visitent. Situ\u00e9 dans le quartier du Trocad\u00e9ro, face \u00e0 la Seine, juste \u00e0 c\u00f4t\u00e9 du Mus\u00e9e d\u2019Art Moderne, celui que l\u2019on consid\u00e8re comme le plus grand centre d\u2019art contemporain du monde a bien des atouts dans sa manche. Il para\u00eet d\u2019ailleurs que son immense parvis \u2013 o\u00f9 se croisent skateurs et influenceuses \u2013 est l\u2019un des meilleurs spots de Paris pour r\u00e9aliser le selfie parfait, avec la Tour Eiffel en arri\u00e8re-plan. Et \u00e0 l\u2019int\u00e9rieur, l\u2019effet \u00ab\u00a0waouh\u00a0\u00bb ne faiblit pas, bien au contraire. Sur 22 000 m\u00e8tres carr\u00e9s, l\u2019espace accueille diff\u00e9rentes expositions temporaires (ici, pas de collection permanente), toujours avant-gardistes, toujours politiques. Au sous-sol, une grotte de Lascaux 2.0 abrite la fine fleur des street-artists, tandis qu\u2019\u00e0 l\u2019\u00e9tage principal, deux restaurants et une librairie (l\u2019une des meilleures sp\u00e9cialis\u00e9es dans l\u2019art \u00e0 Paris) permettent de prendre le temps de dig\u00e9rer ce que l\u2019on vient de voir. Et si l\u2019on ne veut vraiment pas partir \u2013 ce qui m\u2019est arriv\u00e9 plus d\u2019une fois \u2013, on peut attendre la nuit pour faire un tour au YOYO, le club du mus\u00e9e, agr\u00e9able mais franchement on\u00e9reux. Bon, apr\u00e8s tout, on reste dans le 16e.<\/p>\n<p><img decoding=\"async\" id=\"9ccd8883-2e3a-f276-5505-f0877d849071\" class=\"photo lazy inline\" loading=\"lazy\" data-component=\"lazy-embed\" src=\"https:\/\/www.europesays.com\/fr\/wp-content\/uploads\/2025\/05\/1747572855_649_image.webp.webp\" alt=\"Palais de Tokyo\" data-caption=\"\" data-credit=\"\u00a9 Nigel Jarvis \/ Shutterstock.com\" data-width-class=\"\" data-image-id=\"106022010\"\/>&#13;<br \/>\n\u00a9 Nigel Jarvis \/ Shutterstock.com&#13;<\/p>\n<p class=\"\" data-start=\"281\" data-end=\"1499\"><strong>Le Palais de Tokyo<\/strong><br \/>13 Av. du Pr\u00e9sident Wilson, 75116 Paris<\/p>\n<p><strong data-start=\"184\" data-end=\"204\">La Ga\u00eet\u00e9 Lyrique<\/strong><\/p>\n<p class=\"\" data-start=\"206\" data-end=\"1434\">Ancien th\u00e9\u00e2tre du quartier du Marais transform\u00e9 en centre culturel en 2011, la Ga\u00eet\u00e9 Lyrique a toujours fait partie de ces lieux o\u00f9 l\u2019on se sent imm\u00e9diatement bien. Sp\u00e9cialiste des cultures post-internet, le lieu s\u2019\u00e9tend sur sept \u00e9tages, chacun invitant \u00e0 un voyage au c\u0153ur de l\u2019\u00e8re num\u00e9rique. Entre arts visuels, jeu vid\u00e9o, mode ou musique, la Ga\u00eet\u00e9 Lyrique se veut le t\u00e9moin d\u2019une \u00e9poque mouvante, toujours inspir\u00e9e et souvent engag\u00e9e. La preuve : en d\u00e9cembre dernier, l\u2019espace culturel a accueilli, malgr\u00e9 lui, des mineurs isol\u00e9s en attente de logement. L\u2019occupation a dur\u00e9 quatre mois, durant lesquels la Ga\u00eet\u00e9 n\u2019a cess\u00e9 d\u2019interpeller la Ville de Paris, sans jamais abandonner ces jeunes, malgr\u00e9 les difficult\u00e9s d\u2019accueil. Aujourd\u2019hui <a href=\"https:\/\/www.timeout.fr\/paris\/actualites\/vers-une-fermeture-definitive-gaite-lyrique-051525\" target=\"_blank\" rel=\"noopener\">menac\u00e9e de fermeture, la Ga\u00eet\u00e9<\/a> doit retrouver sa joie de vivre \u2013 et je recommande plus que jamais \u00e0 quiconque d\u2019y faire un tour quand elle aura r\u00e9ouverte. Les expositions y sont grandioses, le caf\u00e9 d\u00e9licieux, et la programmation aussi dense qu\u2019\u00e9clectique : on peut, par exemple, suivre un cours de voguing, assister \u00e0 un concert, enregistrer un podcast ou apprendre \u00e0 r\u00e9parer soi-m\u00eame ses appareils \u00e9lectroniques.\u00a0<\/p>\n<p><img decoding=\"async\" id=\"445cc7db-4fd4-27f8-c49b-96df122aacca\" class=\"photo lazy inline\" loading=\"lazy\" data-component=\"lazy-embed\" src=\"https:\/\/www.europesays.com\/fr\/wp-content\/uploads\/2025\/05\/1747572859_39_image.webp.webp\" alt=\"Ga\u00eet\u00e9 Lyrique\" data-caption=\"\" data-credit=\"\u00a9 Beno\u00eet Rousseau\" data-width-class=\"\" data-image-id=\"106001639\"\/>&#13;<br \/>\n\u00a9 Beno\u00eet Rousseau&#13;<\/p>\n<p class=\"\" data-start=\"206\" data-end=\"1434\"><strong>La Ga\u00eet\u00e9 Lyrique<\/strong><br \/>3 bis Rue Papin, 75003 Paris<\/p>\n<p><strong data-start=\"178\" data-end=\"194\">Chapelle XVI<\/strong><\/p>\n<p class=\"\" data-start=\"196\" data-end=\"1074\">Non, \u00e0 Paris, il n\u2019y a pas que le Marais, Saint-Germain ou le Troca\u2019 pour se faire une expo. Ce ne sont d\u2019ailleurs pas les quartiers que je fr\u00e9quente le plus, et pourtant, j\u2019arrive \u00e0 prendre ma dose d\u2019art \u00e0 peu pr\u00e8s tous les jours \u2013 parfois sans m\u00eame le chercher. Du c\u00f4t\u00e9 du 18e, par exemple \u2013 un arrondissement (trop) rarement cit\u00e9 dans les guides touristiques \u00e0 la rubrique art \u2013, on trouve pas mal d\u2019endroits \u00e0 la programmation surprenante. Parmi eux, la Chapelle XVI, un lieu difficile \u00e0 d\u00e9finir, mais franchement enthousiasmant. \u00c0 mi-chemin entre caf\u00e9, disquaire, galerie d\u2019art et boutique design, ce spot est \u00e0 l\u2019image du quartier : vibrant, \u00e9clectique et sans compromis. \u00c0 mille lieues des galeries pompeuses de la rue de Seine, la Chapelle XVI prouve que non, l\u2019art n\u2019a pas besoin d\u2019\u00eatre \u00e9litiste \u2013 ni ennuyeux. Et qu\u2019il peut tr\u00e8s bien se d\u00e9couvrir \u00e0 plein volume.<\/p>\n<p class=\"\" data-start=\"196\" data-end=\"1074\"><strong>Chapelle XVI<\/strong><br \/>14 boulevard de la Chapelle, 75018 Paris<\/p>\n<p><strong data-start=\"200\" data-end=\"236\">Galerie Thaddaeus Ropac \u2013 Pantin<\/strong><\/p>\n<p class=\"\" data-start=\"238\" data-end=\"1028\">Un peu dans la m\u00eame veine, j\u2019aurais du mal \u00e0 recommander des lieux culturels parisiens sans sugg\u00e9rer, au moins une fois, de franchir le p\u00e9riph\u2019. La transition la plus douce entre la capitale et sa petite couronne se fait probablement \u00e0 Pantin \u2014 un peu notre Brooklyn \u00e0 nous. Grand nom de l\u2019art international, Thaddaeus Ropac a \u00e9t\u00e9 l\u2019un des premiers \u00e0 migrer vers la banlieue, en installant ses locaux dans cette ancienne usine de 2 000 m\u00e8tres carr\u00e9s en 2012. R\u00e9sultat : un espace bien plus vaste que celui situ\u00e9 rue Debelleyme (dans le 3e arrondissement), capable d\u2019accueillir des installations monumentales de Georg Baselitz ou des toiles XXL d\u2019Anselm Kiefer.<br data-start=\"900\" data-end=\"903\"\/> Des solo shows aux monographies, le galeriste ne rate jamais sa cible. Et moi, j\u2019en ressors toujours les yeux grands ouverts.<\/p>\n<p class=\"\" data-start=\"238\" data-end=\"1028\"><strong>Thaddaeus Ropac<\/strong><br \/>69 Av. du G\u00e9n\u00e9ral Leclerc, 93500 Pantin<\/p>\n<p><strong data-start=\"223\" data-end=\"272\">La Maison Europ\u00e9enne de la Photographie (MEP)<\/strong><\/p>\n<p class=\"\" data-start=\"274\" data-end=\"1219\">M\u00eame si j\u2019avoue \u00eatre plus branch\u00e9e peinture que photo, je crois n\u2019avoir jamais pass\u00e9 un mauvais moment \u00e0 la MEP. Install\u00e9 dans un h\u00f4tel particulier du XVIIIe si\u00e8cle, au c\u0153ur du Marais, l\u2019espace accueille depuis 1996 les plus grands noms de la discipline : de Larry Clark \u00e0 Martin Parr, en passant par Zanele Muholi ou Viviane Sassen. Les angles sont toujours d\u2019une pertinence rare, les accrochages sublimes (et ce n\u2019est pas \u00e9vident de se d\u00e9marquer quand on n\u2019expose que de la photographie), et le rythme entre les diff\u00e9rentes programmations suffisamment soutenu pour donner envie d\u2019y revenir chaque mois. Sans parler de l\u2019architecture du lieu, de son parquet qui grince et de son escalier d\u2019\u00e9poque. D\u2019ailleurs, une fois le photographe du moment d\u00e9couvert, il faut prolonger la visite, fl\u00e2ner dans les \u00e9tages, jusqu\u2019\u00e0 s\u2019attarder dans la biblioth\u00e8que et feuilleter ses ouvrages rares, tous consacr\u00e9s au huiti\u00e8me art.<br data-start=\"1192\" data-end=\"1195\"\/> C\u2019est un passage oblig\u00e9.\u00a0<\/p>\n<p class=\"\" data-start=\"274\" data-end=\"1219\"><strong>MEP &#8211; Maison Europ\u00e9enne de la Photographie<br \/><\/strong>5\/7 Rue de Fourcy, 75004 Paris<\/p>\n<p><strong data-start=\"208\" data-end=\"218\">Le BAL<\/strong><\/p>\n<p class=\"\" data-start=\"220\" data-end=\"1368\">Autre spot photo, le BAL est une version plus confidentielle de la MEP \u2013 peut-\u00eatre aussi plus en prise avec l\u2019\u00e9poque. Ultra-pointu, cet espace d\u00e9di\u00e9 \u00e0 l\u2019image contemporaine, nich\u00e9 pr\u00e8s de la place de Clichy, est un havre de paix au milieu des klaxons et des terrasses bond\u00e9es du quartier. Cr\u00e9\u00e9 en 2010, le BAL mise souvent sur l\u2019\u00e9mergence pour faire r\u00e9sonner des probl\u00e9matiques contemporaines, et tente parfois de raviver certaines gloires pass\u00e9es de la photographie \u00e0 travers un regard ancr\u00e9 dans le pr\u00e9sent. J\u2019ai beau chercher, je ne me souviens pas d\u2019une seule fois o\u00f9 l\u2019accrochage ou le propos de l\u2019artiste pr\u00e9sent\u00e9 m\u2019ait laiss\u00e9e indiff\u00e9rente. Le commissariat y est toujours impeccable, la d\u00e9ambulation agr\u00e9able, car, malgr\u00e9 la qualit\u00e9 des expositions, le lieu reste encore trop discret. Et donc jamais satur\u00e9. Pourtant, au-del\u00e0 de sa programmation irr\u00e9prochable, le BAL a tout pour attirer : un adorable petit caf\u00e9 ensoleill\u00e9 (le brunch du dimanche est \u00e0 tomber) et une librairie incontournable. Car oui, avant m\u00eame d\u2019\u00eatre un centre culturel, le BAL est aussi \u2013 et surtout \u2013 une maison d\u2019\u00e9dition qui fait du livre un v\u00e9ritable objet d\u2019art.<\/p>\n<p class=\"\" data-start=\"220\" data-end=\"1368\"><strong>Le BAL<\/strong><br \/>6 Imp. de la D\u00e9fense, 75018 Paris<\/p>\n<p><strong data-start=\"205\" data-end=\"235\">La Fondation Louis Vuitton<\/strong><\/p>\n<p class=\"\" data-start=\"237\" data-end=\"1403\">\u00c0 Paris, la Fondation Louis Vuitton fait d\u00e9bat. C\u2019est vrai : trop ch\u00e8re, trop loin, pas toujours exemplaire sur le plan \u00e9thique. Mais qu\u2019importe \u2014 qu\u2019est-ce qu\u2019elle est belle. Souvent, dans le m\u00e9tro pour aller voir l\u2019une des nombreuses expositions propos\u00e9es depuis 2014, je me demande pourquoi je m\u2019inflige ce trajet de l\u2019enfer. Et une fois le Bois de Boulogne franchi, face \u00e0 l\u2019\u00e9crin de verre sign\u00e9 Frank Gehry, je me souviens. Aussi impressionnante \u00e0 l\u2019ext\u00e9rieur qu\u2019\u00e0 l\u2019int\u00e9rieur, cette cath\u00e9drale culturelle de LVMH r\u00e9unit les plus grands noms de l\u2019art contemporain dans des expositions blockbusters, o\u00f9 les vastes galeries permettent aux artistes de d\u00e9ployer leur \u0153uvre en formats XXL. Basquiat, Hockney, Cindy Sherman, Charlotte Perriand\u2026 Allez-y, pensez \u00e0 un artiste : je mets ma main \u00e0 couper qu\u2019il est d\u00e9j\u00e0 pass\u00e9 par la FLV. Et \u00e0 ceux qui opposent la Fondation Louis Vuitton \u00e0 la Bourse de Commerce, je pr\u00e9f\u00e8re ne rien entendre. Le seul avantage du mus\u00e9e de Fran\u00e7ois Pinault sur celui de Bernard Arnault, c\u2019est son accessibilit\u00e9 \u2013 et sa coupole. Autrement, d\u00e9sol\u00e9e, mais dans le match des esth\u00e8tes milliardaires de Paname, c\u2019est Kering qui s\u2019incline.<\/p>\n<p><img decoding=\"async\" id=\"acfb5129-071b-5c7d-5ff4-c641202162ab\" class=\"photo lazy inline\" loading=\"lazy\" data-component=\"lazy-embed\" src=\"https:\/\/www.europesays.com\/fr\/wp-content\/uploads\/2025\/05\/1747572861_343_image.webp.webp\" alt=\"Fondation Louis Vuitton\" data-caption=\"\" data-credit=\"Frederic Legrand - COMEO \/ Shutterstock.com\" data-width-class=\"\" data-image-id=\"106151668\"\/>&#13;<br \/>\nFrederic Legrand &#8211; COMEO \/ Shutterstock.com&#13;<\/p>\n<p><strong data-start=\"205\" data-end=\"235\">La Fondation Louis Vuitton<br \/><\/strong>8 Av. du Mahatma Gandhi, 75116 Paris<strong data-start=\"205\" data-end=\"235\"><br \/><\/strong><\/p>\n<p>\u00c0 lire aussi :<\/p>\n","protected":false},"excerpt":{"rendered":"Je ne suis peut-\u00eatre pas la plus objective quand je crie partout que Paris est la meilleure ville&hellip;\n","protected":false},"author":2,"featured_media":109365,"comment_status":"","ping_status":"","sticky":false,"template":"","format":"standard","meta":{"footnotes":""},"categories":[1888],"tags":[1111,1928,11,1927,19909,3734,19908,1777,674,1011,27,12,1926,626,1925,25],"class_list":{"0":"post-109364","1":"post","2":"type-post","3":"status-publish","4":"format-standard","5":"has-post-thumbnail","7":"category-paris","8":"tag-actu","9":"tag-actu-paris","10":"tag-actualites","11":"tag-actualites-paris","12":"tag-actualites-art","13":"tag-art","14":"tag-categories-art","15":"tag-eu","16":"tag-europe","17":"tag-fr","18":"tag-france","19":"tag-news","20":"tag-news-paris","21":"tag-paris","22":"tag-paris-news","23":"tag-republique-francaise"},"share_on_mastodon":{"url":"https:\/\/pubeurope.com\/@fr\/114528942115696306","error":""},"_links":{"self":[{"href":"https:\/\/www.europesays.com\/fr\/wp-json\/wp\/v2\/posts\/109364","targetHints":{"allow":["GET"]}}],"collection":[{"href":"https:\/\/www.europesays.com\/fr\/wp-json\/wp\/v2\/posts"}],"about":[{"href":"https:\/\/www.europesays.com\/fr\/wp-json\/wp\/v2\/types\/post"}],"author":[{"embeddable":true,"href":"https:\/\/www.europesays.com\/fr\/wp-json\/wp\/v2\/users\/2"}],"replies":[{"embeddable":true,"href":"https:\/\/www.europesays.com\/fr\/wp-json\/wp\/v2\/comments?post=109364"}],"version-history":[{"count":0,"href":"https:\/\/www.europesays.com\/fr\/wp-json\/wp\/v2\/posts\/109364\/revisions"}],"wp:featuredmedia":[{"embeddable":true,"href":"https:\/\/www.europesays.com\/fr\/wp-json\/wp\/v2\/media\/109365"}],"wp:attachment":[{"href":"https:\/\/www.europesays.com\/fr\/wp-json\/wp\/v2\/media?parent=109364"}],"wp:term":[{"taxonomy":"category","embeddable":true,"href":"https:\/\/www.europesays.com\/fr\/wp-json\/wp\/v2\/categories?post=109364"},{"taxonomy":"post_tag","embeddable":true,"href":"https:\/\/www.europesays.com\/fr\/wp-json\/wp\/v2\/tags?post=109364"}],"curies":[{"name":"wp","href":"https:\/\/api.w.org\/{rel}","templated":true}]}}