{"id":109378,"date":"2025-05-18T13:02:08","date_gmt":"2025-05-18T13:02:08","guid":{"rendered":"https:\/\/www.europesays.com\/fr\/109378\/"},"modified":"2025-05-18T13:02:08","modified_gmt":"2025-05-18T13:02:08","slug":"leurodepute-rn-gilles-pennelle-dans-lindre-pour-parler-europe","status":"publish","type":"post","link":"https:\/\/www.europesays.com\/fr\/109378\/","title":{"rendered":"l\u2019eurod\u00e9put\u00e9 RN Gilles Pennelle dans l\u2019Indre pour parler Europe"},"content":{"rendered":"<p>L\u2019eurod\u00e9put\u00e9 Rassemblement national Gilles Pennelle \u00e9tait, samedi 17\u00a0mai, au restaurant La Promenade\u00a0\u00e0 Coings pour un d\u00e9jeuner-d\u00e9bat dont le th\u00e8me \u00e9tait \u00ab\u00a0L\u2019actualit\u00e9 europ\u00e9enne\u00a0\u00bb. Et plus pr\u00e9cis\u00e9ment sur l\u2019agriculture, l\u2019\u00e9lu breton \u00e9tant membre de la\u00a0commission de l\u2019agriculture et du d\u00e9veloppement rural\u00a0au sein du parlement europ\u00e9en. \u00c0 l\u2019issue, il s\u2019est d\u2019ailleurs rendu sur une exploitation m\u00ealant c\u00e9r\u00e9ales et \u00e9levage \u00e0\u00a0Verneuil-sur-Igneraie.<\/p>\n<p class=\"interview\">L\u2019actualit\u00e9 europ\u00e9enne, pour le RN, c\u2019est <a title=\"Lien vers le site de La Nouvelle R\u00e9publique.\" target=\"_self\" href=\"https:\/\/www.lanouvellerepublique.fr\/a-la-une\/proces-du-rn-marine-le-pen-reconnue-coupable-de-detournement-de-fonds-publics-1743411785\" rel=\"noopener\">la condamnation de Marine Le\u00a0Pen\u00a0pour d\u00e9tournement de fonds publics<\/a> dans l\u2019affaire des assistants des d\u00e9put\u00e9s europ\u00e9ens \u00e0 cinq ans d\u2019in\u00e9ligibilit\u00e9 dont l\u2019application est imm\u00e9diate (1). Il y a quelques ann\u00e9es, vous, Gilles Pennelle, exigiez la d\u00e9mission d\u2019un d\u00e9put\u00e9 macroniste in\u00e9ligible\u2026 Ne devriez-vous pas appliquer la m\u00eame exigence \u00e0 Mme\u00a0Le Pen\u00a0?<\/p>\n<p>\u00ab\u00a0Cela ne s\u2019applique pas \u00e0 Marine Le\u00a0Pen, ni \u00e0 nos d\u00e9put\u00e9s europ\u00e9ens (2). Nous estimons que, dans ce dossier, nous n\u2019avons pas commis de faute (3). On dit que le RN a d\u00e9tourn\u00e9 4,3\u00a0millions d\u2019euros. Ce sont des salaires pay\u00e9s \u00e0 des gens\u00a0! On ne parle pas d\u2019argent qui serait all\u00e9 dans la poche du RN ou de Marine Le\u00a0Pen\u00a0! Nous estimons que nos assistants ont fait le travail pour lequel ils ont \u00e9t\u00e9 embauch\u00e9s. L\u2019assistant d\u2019un d\u00e9put\u00e9, c\u2019est avant tout un assistant politique. Quant \u00e0 l\u2019in\u00e9ligibilit\u00e9 imm\u00e9diate [<a title=\"Lien vers le site de La Nouvelle R\u00e9publique.\" target=\"_self\" href=\"https:\/\/www.lanouvellerepublique.fr\/a-la-une\/condamnation-de-marine-le-pen-et-si-l-on-s-en-tenait-aux-faits-1743450367\" rel=\"noopener\">pr\u00e9vue par la loi<\/a>, NDLR] avant m\u00eame l\u2019appel, cela a choqu\u00e9 beaucoup de gens. Certes, l\u2019appel va \u00eatre acc\u00e9l\u00e9r\u00e9 mais il faudrait lever cette in\u00e9ligibilit\u00e9 imm\u00e9diate. Je ne renonce pas \u00e0 ce que j\u2019ai dit il y a quelques ann\u00e9es, mais pour Marine Le\u00a0Pen, c\u2019est injuste.\u00a0\u00bb<\/p>\n<p class=\"interview\">L\u2019actualit\u00e9 europ\u00e9enne, c\u2019est aussi les troubles engendr\u00e9s pour notre continent par les actions combin\u00e9es de Donald Trump et Vladimir Poutine, deux dirigeants que le RN a pu prendre comme inspiration voire mod\u00e8les\u2026<\/p>\n<p>\u00ab\u00a0Nous avons toujours d\u00e9fendu l\u2019ind\u00e9pendance et la souverainet\u00e9 de la France. Nous ne sommes pas des admirateurs de Poutine et de Trump. Quand Trump a \u00e9t\u00e9 \u00e9lu, on a dit qu\u2019il allait d\u00e9fendre d\u2019abord les int\u00e9r\u00eats des \u00c9tats-Unis. Effectivement, Marine Le\u00a0Pen l\u2019a rencontr\u00e9. Tous les dirigeants l\u2019ont fait, dans ces ann\u00e9es-l\u00e0. Et lorsque Poutine a agress\u00e9 l\u2019Ukraine, nous avons condamn\u00e9 cette agression. D\u00e9sormais, il faut faire tout pour imposer la paix et mettre fin \u00e0 cette guerre d\u2019Ukraine.\u00a0\u00bb<\/p>\n<p class=\"interview\">Le RN envisage-t-il de censurer le gouvernement Bayrou\u00a0?<\/p>\n<p>\u00ab\u00a0Marine Le\u00a0Pen a annonc\u00e9 que compte tenu de la politique conduite, on se rapproche d\u2019une \u00e9ventuelle censure car les Fran\u00e7ais ne peuvent plus attendre\u00a0!\u00a0\u00bb<\/p>\n<p class=\"interview\">L\u2019ann\u00e9e derni\u00e8re, en vue des l\u00e9gislatives, vous \u00e9tiez charg\u00e9 de trouver des candidats fiables pour votre parti. Or, un certain nombre se sont r\u00e9v\u00e9l\u00e9s\u00a0racistes, homophobes ou antis\u00e9mites. Difficile pour le RN de correspondre \u00e0 la ligne de \u00ab\u00a0d\u00e9diabolisation\u00a0\u00bb\u00a0?<\/p>\n<p>\u00ab\u00a0J\u2019\u00e9tais alors directeur g\u00e9n\u00e9ral du RN. Je n\u2019\u00e9tais pas charg\u00e9 de s\u00e9lectionner les candidats, pour cela nous avons une commission nationale d\u2019investiture de seize membres. Il est vrai que j\u2019\u00e9tais charg\u00e9 d\u2019organiser la campagne, au niveau logistique, r\u00e9glementaire\u2026 Il y a eu une hyperm\u00e9diatisation autour d\u2019une infime minorit\u00e9 de cas [plusieurs dizaines de cas ont \u00e9t\u00e9 recens\u00e9es, NDLR] que n\u2019importe quel parti n\u2019aurait pas pu \u00e9viter. Un acharnement pour passer au scanner nos candidats. Il y a la faiblesse humaine, des histoires personnelles. Chaque fois, on les a sanctionn\u00e9s et exclus.\u00a0\u00bb<\/p>\n<p>(1) Ainsi qu\u2019\u00e0 quatre ans de prison dont deux avec sursis et\u00a0100.000\u00a0euros d\u2019amende.<\/p>\n<p>(2) Au total 25 personnes du Rassemblement national ont \u00e9t\u00e9 condamn\u00e9es, dont 9 eurod\u00e9put\u00e9s (Gilles Pennelle n\u2019est pas concern\u00e9 personnellement\u00a0: il n\u2019\u00e9tait pas \u00e9lu au moment des faits).<\/p>\n<p>(3) Le tribunal a n\u00e9anmoins estim\u00e9 que \u00ab\u00a0le syst\u00e8me \u00e9tait destin\u00e9 \u00e0 constituer une v\u00e9ritable manne financi\u00e8re pour le parti. Syst\u00e8me mis en place pour\u00a0r\u00e9mun\u00e9rer, sous couvert de contrats fictifs d\u2019assistant parlementaire, des personnes qui travaillent en r\u00e9alit\u00e9 pour le parti ou pour ses dirigeants\u00a0\u00bb.<\/p>\n<p>\u00ab\u00a0On a vu que l\u2019on pouvait d\u00e9gager de nouvelles majorit\u00e9s\u00a0\u00bb<\/p>\n<p><strong>&gt;\u00a0Agriculture.<\/strong> L\u2019eurod\u00e9put\u00e9 RN\u00a0Gilles Pennelle r\u00e9affirme l\u2019opposition du RN au trait\u00e9 de libre-\u00e9change du Mercosur, qui \u00ab\u00a0va impacter tr\u00e8s durement l\u2019agriculture fran\u00e7aise\u00a0\u00bb. Autre cheval de bataille du RN au plan europ\u00e9en, la lutte contre le \u00ab\u00a0Green deal\u00a0\u00bb (1) et sa d\u00e9clinaison agricole.\u00a0Gilles Pennelle y voit \u00ab\u00a0une \u00e9cologie punitive\u00a0\u00bb qui \u00ab\u00a0fait mourir\u00a0\u00bb les agriculteurs. L\u2019accord sur les c\u00e9r\u00e9ales avec l\u2019Ukraine est \u00e9galement dans le viseur de l\u2019eurod\u00e9put\u00e9\u00a0: \u00ab\u00a0On est tr\u00e8s inquiets d\u2019une \u00e9ventuelle adh\u00e9sion de l\u2019Ukraine \u00e0 l\u2019Union europ\u00e9enne. L\u2019Ukraine est un g\u00e9ant agricole. Si l\u2019Ukraine rentrait dans la politique agricole commune (PAC), ce serait une catastrophe quasiment mortelle pour nos agriculteurs\u00a0\u00bb. La nouvelle PAC, premier budget de l\u2019Union europ\u00e9enne, est \u00e9galement en train de se b\u00e2tir. \u00ab\u00a0Elle est tr\u00e8s attendue par le monde agricole. Nous d\u00e9fendons le retour vers une PAC qui soutient la production et le revenu des agriculteurs\u00a0\u00bb.\u00a0L\u2019eurod\u00e9put\u00e9 RN se dit n\u00e9anmoins \u00ab\u00a0optimiste\u00a0\u00bb\u00a0: \u00ab\u00a0au Parlement europ\u00e9en, les rapports de force ont chang\u00e9 depuis les \u00e9lections europ\u00e9ennes de l\u2019ann\u00e9e derni\u00e8re\u00a0\u00bb. Il cite les liens avec les autres groupes d\u2019extr\u00eame droite, ainsi que l\u2019\u00e9volution de \u00ab\u00a0certains membres du PPE (2) (droite). On a vu que l\u2019on pouvait d\u00e9gager de nouvelles majorit\u00e9s, par exemple contre le green deal\u00a0\u00bb.<\/p>\n<p><strong>&gt;\u00a0Municipales\u00a0: Myl\u00e8ne Wunsch entre Ch\u00e2teauroux et Niherne.<\/strong> Pr\u00e9sente samedi au c\u00f4t\u00e9 de Gilles Pennelle, l\u2019Indrienne Myl\u00e8ne Wunsch, d\u00e9l\u00e9gu\u00e9e d\u00e9partementale du\u00a0Rassemblement national, indique ne pas avoir encore d\u00e9pos\u00e9 sa candidature aupr\u00e8s de la commission nationale d\u2019investiture de son parti en vue des municipales\u00a0: \u00ab\u00a0La logique voudrait que je le fasse assez rapidement. Je m\u2019interroge entre une candidature \u00e0 Ch\u00e2teauroux et une candidature \u00e0 Niherne\u00a0\u00bb.<\/p>\n<p>(1) \u00ab\u00a0Une s\u00e9rie de propositions visant \u00e0 adapter les politiques de l\u2019UE en mati\u00e8re de climat, d\u2019\u00e9nergie, de transport et de fiscalit\u00e9 en vue de r\u00e9duire les \u00e9missions nettes de gaz \u00e0 effet de serre d\u2019au moins 55\u00a0% d\u2019ici \u00e0 2030 par rapport aux niveaux de 1990.\u00a0\u00bb<\/p>\n<p>(2) Parti populaire europ\u00e9en.<\/p>\n","protected":false},"excerpt":{"rendered":"L\u2019eurod\u00e9put\u00e9 Rassemblement national Gilles Pennelle \u00e9tait, samedi 17\u00a0mai, au restaurant La Promenade\u00a0\u00e0 Coings pour un d\u00e9jeuner-d\u00e9bat dont le&hellip;\n","protected":false},"author":2,"featured_media":109379,"comment_status":"","ping_status":"","sticky":false,"template":"","format":"standard","meta":{"footnotes":""},"categories":[1586],"tags":[1392,11,327,4351,22753,436,1777,674,1011,27,5052,12,22754,316,25],"class_list":{"0":"post-109378","1":"post","2":"type-post","3":"status-publish","4":"format-standard","5":"has-post-thumbnail","7":"category-europe","8":"tag-a-la-une-local","9":"tag-actualites","10":"tag-agriculture","11":"tag-chateauroux","12":"tag-coings","13":"tag-environnement","14":"tag-eu","15":"tag-europe","16":"tag-fr","17":"tag-france","18":"tag-indre","19":"tag-news","20":"tag-niherne","21":"tag-politique","22":"tag-republique-francaise"},"share_on_mastodon":{"url":"https:\/\/pubeurope.com\/@fr\/114528973239470400","error":""},"_links":{"self":[{"href":"https:\/\/www.europesays.com\/fr\/wp-json\/wp\/v2\/posts\/109378","targetHints":{"allow":["GET"]}}],"collection":[{"href":"https:\/\/www.europesays.com\/fr\/wp-json\/wp\/v2\/posts"}],"about":[{"href":"https:\/\/www.europesays.com\/fr\/wp-json\/wp\/v2\/types\/post"}],"author":[{"embeddable":true,"href":"https:\/\/www.europesays.com\/fr\/wp-json\/wp\/v2\/users\/2"}],"replies":[{"embeddable":true,"href":"https:\/\/www.europesays.com\/fr\/wp-json\/wp\/v2\/comments?post=109378"}],"version-history":[{"count":0,"href":"https:\/\/www.europesays.com\/fr\/wp-json\/wp\/v2\/posts\/109378\/revisions"}],"wp:featuredmedia":[{"embeddable":true,"href":"https:\/\/www.europesays.com\/fr\/wp-json\/wp\/v2\/media\/109379"}],"wp:attachment":[{"href":"https:\/\/www.europesays.com\/fr\/wp-json\/wp\/v2\/media?parent=109378"}],"wp:term":[{"taxonomy":"category","embeddable":true,"href":"https:\/\/www.europesays.com\/fr\/wp-json\/wp\/v2\/categories?post=109378"},{"taxonomy":"post_tag","embeddable":true,"href":"https:\/\/www.europesays.com\/fr\/wp-json\/wp\/v2\/tags?post=109378"}],"curies":[{"name":"wp","href":"https:\/\/api.w.org\/{rel}","templated":true}]}}