{"id":10938,"date":"2025-04-08T19:06:13","date_gmt":"2025-04-08T19:06:13","guid":{"rendered":"https:\/\/www.europesays.com\/fr\/10938\/"},"modified":"2025-04-08T19:06:13","modified_gmt":"2025-04-08T19:06:13","slug":"pourquoi-les-jeunes-musulmans-britanniques-sont-ils-moins-integres","status":"publish","type":"post","link":"https:\/\/www.europesays.com\/fr\/10938\/","title":{"rendered":"Pourquoi les jeunes musulmans britanniques sont-ils moins int\u00e9gr\u00e9s ?"},"content":{"rendered":"<p>Les jeunes musulmans au Royaume-Uni sont de plus en plus d\u00e9sillusionn\u00e9s par la d\u00e9mocratie britannique et isol\u00e9s du courant dominant en raison du conflit \u00e0 Gaza, <a href=\"https:\/\/www.thetimes.com\/uk\/politics\/article\/disillusionment-of-young-british-muslims-is-a-security-issue-kjhjw22wh\" target=\"_blank\" rel=\"noopener\">selon<\/a> une figure islamique de haut rang qui a encourag\u00e9 le Royaume-Uni \u00e0 consid\u00e9rer l\u2019int\u00e9gration comme une question de s\u00e9curit\u00e9 nationale.<\/p>\n<p>Le cheikh Mohammad bin Abdulkarim al-Issa \u2014 le secr\u00e9taire g\u00e9n\u00e9ral de la Ligue musulmane mondiale (MWL) soutenue par l\u2019Arabie saoudite, qui cherche \u00e0 promouvoir l\u2019islam et \u00e0 contester les r\u00e9cits extr\u00e9mistes \u2014 a appel\u00e9 \u00e0 la fois les musulmans et les non-musulmans en Grande-Bretagne \u00e0 se concentrer sur les pr\u00e9occupations domestiques. Il a d\u00e9clar\u00e9 qu\u2019une \u00ab situation politique ext\u00e9rieure \u00bb, comme les conflits en cours au Moyen-Orient, \u00ab ne devrait pas interf\u00e9rer avec l\u2019int\u00e9gration int\u00e9rieure \u00bb.<\/p>\n<p>L\u2019intervention de la MWL est une autre d\u00e9monstration que certaines des interventions les plus sens\u00e9es et pratiques sur la coh\u00e9sion sociale dans la Grande-Bretagne moderne proviennent du soi-disant \u00ab monde islamique \u00bb. Ce sont des organisations mod\u00e9r\u00e9es dans la r\u00e9gion du Moyen-Orient et d\u2019Afrique du Nord (MENA) qui ont une bonne compr\u00e9hension de la menace de l\u2019islamisme. Des pays comme les \u00c9mirats arabes unis ont d\u00e9j\u00e0 exprim\u00e9 leurs pr\u00e9occupations concernant l\u2019extr\u00e9misme islamiste au Royaume-Uni, le cabinet du pays du Golfe ayant r\u00e9cemment inscrit huit groupes bas\u00e9s au Royaume-Uni sur sa <a href=\"https:\/\/www.telegraph.co.uk\/news\/2025\/01\/10\/muslim-brotherhood-uae-michael-gove-yvette-cooper-extremism\/\" target=\"_blank\" rel=\"noopener\">liste \u00ab locale de terrorisme \u00bb approuv\u00e9e<\/a>. Pendant ce temps, le Maroc a interdit le voile int\u00e9gral (la burqa) pour des raisons de s\u00e9curit\u00e9 et dans le cadre de ses efforts pour <a href=\"https:\/\/theconversation.com\/why-moroccos-burqa-ban-is-more-than-just-a-security-measure-72120#:~:text=Moroccan%20authorities%20have%20recently%20banned,shielding%20the%20eyes%20from%20view.\" target=\"_blank\" rel=\"noopener\">combattre<\/a> la propagation du salafisme radical.<\/p>\n<p>La r\u00e9alit\u00e9 est que, bien que la Grande-Bretagne ait \u00e9t\u00e9 plus r\u00e9ussie dans l\u2019int\u00e9gration socio-\u00e9conomique de ses communaut\u00e9s musulmanes que ses homologues europ\u00e9ens comme la France et l\u2019Allemagne, nous n\u2019avons pas \u00e9t\u00e9 t\u00e9moins de ce que certains ont appel\u00e9 un \u00ab miracle d\u2019int\u00e9gration \u00bb. Des chiffres r\u00e9cents de Whitestone Polling <a href=\"https:\/\/www.thetimes.com\/uk\/religion\/article\/most-uk-muslims-define-themselves-by-faith-first-kp5xlplkm#:~:text=Charlotte%20Littlewood%2C%20the%20IIFL&#039;s%20director,to%20identify%20as%20British%20first.%E2%80%9D\" target=\"_blank\" rel=\"noopener\">ont r\u00e9v\u00e9l\u00e9<\/a> que les jeunes musulmans britanniques, principalement n\u00e9s au Royaume-Uni, sont plus susceptibles de s\u2019identifier d\u2019abord par leur foi plut\u00f4t que par leur nationalit\u00e9.<\/p>\n<p>Cela a \u00e9t\u00e9 suivi par une nouvelle recherche de la MWL r\u00e9v\u00e9lant que, compar\u00e9s \u00e0 leurs a\u00een\u00e9s, les jeunes musulmans sont plus susceptibles de consid\u00e9rer la soci\u00e9t\u00e9 britannique comme intol\u00e9rante et de croire que les pr\u00e9occupations autour de l\u2019islam sont bas\u00e9es sur des repr\u00e9sentations sensationnalistes dans les m\u00e9dias. La th\u00e8se selon laquelle les \u00ab identit\u00e9s minoritaires \u00bb sont d\u00e9prioris\u00e9es avec chaque nouvelle g\u00e9n\u00e9ration ne s\u2019est pas v\u00e9rifi\u00e9e en ce qui concerne les musulmans britanniques. En fait, c\u2019est le contraire qui est vrai.<\/p>\n<p>Les musulmans britanniques vivent-ils un \u00ab <a href=\"https:\/\/journals.sagepub.com\/doi\/abs\/10.1177\/01979183231170809\" target=\"_blank\" rel=\"noopener\">paradoxe d\u2019int\u00e9gration<\/a> \u00bb ? La th\u00e9orie postule qu\u2019\u00e0 mesure que les communaut\u00e9s minoritaires deviennent plus int\u00e9gr\u00e9es socialement, \u00e9ducativement et \u00e9conomiquement, il y a une plus grande chance qu\u2019elles per\u00e7oivent des formes de discrimination, d\u2019injustice et d\u2019in\u00e9quit\u00e9 en raison de leur origine ethnique et\/ou de leur affiliation religieuse.<\/p>\n<p>Alors que leurs a\u00een\u00e9s ont pu avoir des orientations naturellement positives envers la d\u00e9mocratie britannique apr\u00e8s avoir quitt\u00e9 des r\u00e9gions sous-d\u00e9velopp\u00e9es et instables comme le sous-continent indien ou la Corne de l\u2019Afrique, les musulmans n\u00e9s et \u00e9lev\u00e9s au Royaume-Uni ont un \u00ab cadre de r\u00e9f\u00e9rence \u00bb largement britannique. Cela signifie que leurs attentes et leurs exigences vis-\u00e0-vis du syst\u00e8me politique britannique sont plus \u00e9lev\u00e9es. Cela ne les rend pas seulement plus enclins \u00e0 la d\u00e9ception \u2014 cela signifie qu\u2019ils sont plus \u00e0 risque de d\u00e9velopper des sentiments de trahison face \u00e0 des conflits \u00e9trangers d\u2019un caract\u00e8re r\u00e9solument religieux, comme la guerre Isra\u00ebl-Hamas.<\/p>\n<p>En l\u2019\u00e9tat actuel des choses, l\u2019establishment politique britannique est perdu. La t\u00e2che ind\u00e9niablement difficile d\u2019int\u00e9grer les diverses communaut\u00e9s du pays dans un arrangement coh\u00e9rent ne re\u00e7oit tout simplement pas l\u2019attention s\u00e9rieuse qu\u2019elle m\u00e9rite. Quatorze ann\u00e9es de r\u00e8gne conservateur peu convaincant ont laiss\u00e9 le Royaume-Uni sans strat\u00e9gie nationale d\u2019int\u00e9gration significative et avec d\u2019\u00e9normes augmentations de la migration. Le gouvernement travailliste actuel n\u2019offre que la politique du ressentiment, y compris des plans pour un nouveau \u00ab Race Equality Act \u00bb et des initiatives identitaires telles que la <a href=\"https:\/\/unherd.com\/newsroom\/angela-rayners-islamophobia-council-is-a-threat-to-free-speech\/\" target=\"_blank\" rel=\"noopener\">cr\u00e9ation<\/a> d\u2019un nouveau groupe de travail sur l\u2019\u00ab islamophobie \u00bb.<\/p>\n<p>Il y a un manque fondamental de leadership politique national en ce qui concerne la coh\u00e9sion sociale dans la Grande-Bretagne moderne. Les organisations de la soci\u00e9t\u00e9 civile britannique conscientes des enjeux sont plus susceptibles d\u2019avoir le soutien de forces \u00ab modernisatrices \u00bb dans le monde islamique que de celui du village de Westminster.<\/p>\n","protected":false},"excerpt":{"rendered":"Les jeunes musulmans au Royaume-Uni sont de plus en plus d\u00e9sillusionn\u00e9s par la d\u00e9mocratie britannique et isol\u00e9s du&hellip;\n","protected":false},"author":2,"featured_media":10939,"comment_status":"","ping_status":"","sticky":false,"template":"","format":"standard","meta":{"footnotes":""},"categories":[1588],"tags":[11,5316,1777,674,5317,5318,5319,664,12,5322,5323,3518,473,1853,5320,5321,1851,1850,1852],"class_list":{"0":"post-10938","1":"post","2":"type-post","3":"status-publish","4":"format-standard","5":"has-post-thumbnail","7":"category-royaume-uni","8":"tag-actualites","9":"tag-british-muslims","10":"tag-eu","11":"tag-europe","12":"tag-integration","13":"tag-islam","14":"tag-islamism","15":"tag-israel","16":"tag-news","17":"tag-non-classifiu00e9e","18":"tag-optional","19":"tag-palestine","20":"tag-royaume-uni","21":"tag-royaume-uni-de-grande-bretagne-et-dirlande-du-nord","22":"tag-saudi-arabia","23":"tag-society","24":"tag-uk","25":"tag-united-kingdom","26":"tag-united-kingdom-of-great-britain-and-northern-ireland"},"share_on_mastodon":{"url":"https:\/\/pubeurope.com\/@fr\/114303912101979725","error":""},"_links":{"self":[{"href":"https:\/\/www.europesays.com\/fr\/wp-json\/wp\/v2\/posts\/10938","targetHints":{"allow":["GET"]}}],"collection":[{"href":"https:\/\/www.europesays.com\/fr\/wp-json\/wp\/v2\/posts"}],"about":[{"href":"https:\/\/www.europesays.com\/fr\/wp-json\/wp\/v2\/types\/post"}],"author":[{"embeddable":true,"href":"https:\/\/www.europesays.com\/fr\/wp-json\/wp\/v2\/users\/2"}],"replies":[{"embeddable":true,"href":"https:\/\/www.europesays.com\/fr\/wp-json\/wp\/v2\/comments?post=10938"}],"version-history":[{"count":0,"href":"https:\/\/www.europesays.com\/fr\/wp-json\/wp\/v2\/posts\/10938\/revisions"}],"wp:featuredmedia":[{"embeddable":true,"href":"https:\/\/www.europesays.com\/fr\/wp-json\/wp\/v2\/media\/10939"}],"wp:attachment":[{"href":"https:\/\/www.europesays.com\/fr\/wp-json\/wp\/v2\/media?parent=10938"}],"wp:term":[{"taxonomy":"category","embeddable":true,"href":"https:\/\/www.europesays.com\/fr\/wp-json\/wp\/v2\/categories?post=10938"},{"taxonomy":"post_tag","embeddable":true,"href":"https:\/\/www.europesays.com\/fr\/wp-json\/wp\/v2\/tags?post=10938"}],"curies":[{"name":"wp","href":"https:\/\/api.w.org\/{rel}","templated":true}]}}