{"id":109380,"date":"2025-05-18T13:03:09","date_gmt":"2025-05-18T13:03:09","guid":{"rendered":"https:\/\/www.europesays.com\/fr\/109380\/"},"modified":"2025-05-18T13:03:09","modified_gmt":"2025-05-18T13:03:09","slug":"atp-hambourg-alexander-zverev-lorsque-jentre-sur-le-court-face-a-carlos-alcaraz-ou-jannik-sinner-cest-generalement-en-demies-ou-en-finale-a-ce-stade-du-tournoi-jai-donc-toujours-limpress","status":"publish","type":"post","link":"https:\/\/www.europesays.com\/fr\/109380\/","title":{"rendered":"ATP &#8211; Hambourg > Alexander Zverev : \u00ab\u00a0Lorsque j&rsquo;entre sur le court face \u00e0 Carlos Alcaraz ou Jannik Sinner, c&rsquo;est g\u00e9n\u00e9ralement en demies ou en finale. \u00c0 ce stade du tournoi, j&rsquo;ai donc toujours l&rsquo;impression de jouer du bon tennis\u00a0\u00bb"},"content":{"rendered":"<p>\u00c9limin\u00e9 en quart de finale du Masters 1000 de Rome, par un excellent Lorenzo Musetti (7\u22126, 6\u20134), Alexander Zverev n\u2019a pas connu la pr\u00e9pa\u00adra\u00adtion esp\u00e9r\u00e9e pour Roland\u2010Garros.\u00a0<\/p>\n<p>Pour peau\u00adfiner les derniers d\u00e9tails avant le Grand Chelem fran\u00adci\u00adlien, <a href=\"https:\/\/www.welovetennis.fr\/atp\/la-decision-forte-de-zverev-avant-roland-garros\" data-wpel-link=\"internal\" rel=\"nofollow noopener\" target=\"_blank\">le num\u00e9ro deux mondial a choisi de s\u2019ali\u00adgner sur l\u2019ATP 500 d\u2019Hambourg<\/a>, dont il sera la premi\u00e8re t\u00eate de s\u00e9rie, <a href=\"https:\/\/www.welovetennis.fr\/atp\/hecatombe-de-forfaits-a-hambourg-les-quatre-premieres-tetes-de-serie-se-retirent-en-meme-temps-dont-jannik-sinner\" data-wpel-link=\"internal\" rel=\"nofollow noopener\" target=\"_blank\">apr\u00e8s la cascade de forfaits, dont celle de Jannik Sinner<\/a>.<\/p>\n<p>Interrog\u00e9 en conf\u00e9\u00adrence de presse sur ses confron\u00adta\u00adtions avec Carlos Alcaraz et le num\u00e9ro un mondial, il estime avoir le jeu pour riva\u00adliser, \u00e0 son meilleur niveau.<\/p>\n<p><strong>\u00ab\u202fAvec Carlos, nous avons toujours eu de grandes batailles. Parfois il gagne, parfois je gagne. L\u2019ann\u00e9e derni\u00e8re, \u00e0 Paris, c\u2019est malheu\u00adreu\u00adse\u00adment lui qui a gagn\u00e9. En Australie, j\u2019ai gagn\u00e9. C\u2019est donc souvent un peu un va\u2010et\u2010vient. Mais lorsque j\u2019entre sur le court contre eux, c\u2019est g\u00e9n\u00e9\u00adra\u00adle\u00adment en demi\u2010finale ou en finale, parce que nous sommes num\u00e9ro 1, 2 et 3 dans le monde. \u00c0 ce stade du tournoi, j\u2019ai donc toujours l\u2019im\u00adpres\u00adsion de jouer un bon tennis. Pour moi, c\u2019est parfois plus compliqu\u00e9 dans les premiers tours. Quand je ne suis pas au mieux de ma forme, ce sont les tours o\u00f9 j\u2019ai le plus de mal. Mais quand je joue \u00e0 mon meilleur niveau, je sens que je peux riva\u00adliser avec n\u2019im\u00adporte\u00a0qui\u2026\u202f\u00bb<\/strong>, a comment\u00e9 le triple fina\u00adliste en Grand Chelem, dans des propos relay\u00e9s par <a href=\"https:\/\/www.ubitennis.com\/blog\/2025\/05\/17\/atp-amburgo-zverev-qui-per-vincere-piu-gare-possibili-sinner-di-un-altro-livello\/\" data-wpel-link=\"external\" target=\"_blank\" rel=\"nofollow external noopener\">Ubitennis<\/a>.<\/p>\n<p class=\"post-published-date\" style=\"color: silver; font-size: 75%; text-align: left;\">Publi\u00e9 le dimanche 18 mai 2025 \u00e0 13:45<\/p>\n","protected":false},"excerpt":{"rendered":"\u00c9limin\u00e9 en quart de finale du Masters 1000 de Rome, par un excellent Lorenzo Musetti (7\u22126, 6\u20134), Alexander&hellip;\n","protected":false},"author":2,"featured_media":109381,"comment_status":"","ping_status":"","sticky":false,"template":"","format":"standard","meta":{"footnotes":""},"categories":[1586],"tags":[11,1744,1777,674,1779,1011,27,12,25,2127,1778,364,4542],"class_list":{"0":"post-109380","1":"post","2":"type-post","3":"status-publish","4":"format-standard","5":"has-post-thumbnail","7":"category-europe","8":"tag-actualites","9":"tag-alcaraz","10":"tag-eu","11":"tag-europe","12":"tag-european-union","13":"tag-fr","14":"tag-france","15":"tag-news","16":"tag-republique-francaise","17":"tag-sinner","18":"tag-ue","19":"tag-union-europeenne","20":"tag-zverev"},"share_on_mastodon":{"url":"https:\/\/pubeurope.com\/@fr\/114528977084532101","error":""},"_links":{"self":[{"href":"https:\/\/www.europesays.com\/fr\/wp-json\/wp\/v2\/posts\/109380","targetHints":{"allow":["GET"]}}],"collection":[{"href":"https:\/\/www.europesays.com\/fr\/wp-json\/wp\/v2\/posts"}],"about":[{"href":"https:\/\/www.europesays.com\/fr\/wp-json\/wp\/v2\/types\/post"}],"author":[{"embeddable":true,"href":"https:\/\/www.europesays.com\/fr\/wp-json\/wp\/v2\/users\/2"}],"replies":[{"embeddable":true,"href":"https:\/\/www.europesays.com\/fr\/wp-json\/wp\/v2\/comments?post=109380"}],"version-history":[{"count":0,"href":"https:\/\/www.europesays.com\/fr\/wp-json\/wp\/v2\/posts\/109380\/revisions"}],"wp:featuredmedia":[{"embeddable":true,"href":"https:\/\/www.europesays.com\/fr\/wp-json\/wp\/v2\/media\/109381"}],"wp:attachment":[{"href":"https:\/\/www.europesays.com\/fr\/wp-json\/wp\/v2\/media?parent=109380"}],"wp:term":[{"taxonomy":"category","embeddable":true,"href":"https:\/\/www.europesays.com\/fr\/wp-json\/wp\/v2\/categories?post=109380"},{"taxonomy":"post_tag","embeddable":true,"href":"https:\/\/www.europesays.com\/fr\/wp-json\/wp\/v2\/tags?post=109380"}],"curies":[{"name":"wp","href":"https:\/\/api.w.org\/{rel}","templated":true}]}}