{"id":109384,"date":"2025-05-18T13:05:09","date_gmt":"2025-05-18T13:05:09","guid":{"rendered":"https:\/\/www.europesays.com\/fr\/109384\/"},"modified":"2025-05-18T13:05:09","modified_gmt":"2025-05-18T13:05:09","slug":"il-a-refait-une-commotion-visiblement-le-point-sur-les-blesses-apres-la-cruelle-defaite-du-rc-vannes-a-bayonne","status":"publish","type":"post","link":"https:\/\/www.europesays.com\/fr\/109384\/","title":{"rendered":"\u00ab\u00a0Il a refait une commotion, visiblement\u00a0\u00bb\u00a0: le point sur les bless\u00e9s apr\u00e8s la cruelle d\u00e9faite du RC Vannes \u00e0 Bayonne"},"content":{"rendered":"<p>Top 14 (24e journ\u00e9e). Bayonne &#8211; RC Vannes\u00a0: 38-32<\/p>\n<p>Pour aller chercher les cinq points qu\u2019il lui faudra au minimum (plus probablement deux victoires) pour d\u00e9crocher un improbable maintien en <a href=\"https:\/\/www.letelegramme.fr\/partenaires\/sports\/rugby\/top-14\" target=\"_blank\" rel=\"noopener\">Top 14<\/a>, le <a href=\"https:\/\/www.letelegramme.fr\/sports\/rugby\/rc-vannes\/\" target=\"_blank\" rel=\"noopener\">RC Vannes<\/a> devra faire sans quelques pi\u00e8ces majeures.<\/p>\n<p>Tout d\u2019abord, le capitaine <a href=\"https:\/\/www.letelegramme.fr\/sports\/rugby\/rc-vannes\/je-suis-sur-que-le-club-a-un-grand-avenir-les-premiers-mots-de-francisco-gorrissen-apres-sa-prolongation-au-rc-vannes-6785991.php\" target=\"_blank\" rel=\"noopener\">Francisco Gorrissen<\/a> manquera la r\u00e9ception de Pau. L\u2019Argentin est suspendu apr\u00e8s avoir r\u00e9colt\u00e9 son troisi\u00e8me carton jaune.<\/p>\n<p>\u00ab\u00a0C\u2018est emb\u00eatant parce que c\u2019est vraiment notre leader. C\u2018est vraiment probl\u00e9matique pour nous, mais c\u2019est comme \u00e7a\u00a0\u00bb, a comment\u00e9 Jean-No\u00ebl Spitzer.<\/p>\n<p>Nouvelle commotion pour Rayasi<\/p>\n<p>Ensuite, <a href=\"https:\/\/www.letelegramme.fr\/sports\/rugby\/rc-vannes\/enfance-au-japon-grand-pere-marin-mere-dorigine-samoane-allemande-qui-est-salesi-rayasi-le-facteur-x-du-rc-vannes-6764166.php\" target=\"_blank\" rel=\"noopener\">Salesi Rayasi<\/a> \u00ab\u00a0a refait une commotion, visiblement\u00a0\u00bb, a indiqu\u00e9 le coach du RC Vannes \u00e0 propos de son plus flamboyant ailier, auteur de deux des quatre essais morbihannais en Pays basque. Le N\u00e9o-Z\u00e9landais, qui effectuait son retour apr\u00e8s un mois et demi d\u2019absence \u00e0 cause d\u2019<a href=\"https:\/\/www.letelegramme.fr\/sports\/rugby\/rc-vannes\/rc-vannes-perpignan-commotion-pour-salesi-rayasi-6787850.php\" target=\"_blank\" rel=\"noopener\">une commotion \u00e0 Perpignan<\/a> est le meilleur marqueur d\u2019essai pour le RC Vannes (6).<\/p>\n<p>Le deuxi\u00e8me ligne allemand <a href=\"https:\/\/www.letelegramme.fr\/morbihan\/vannes-56000\/interview-selfie-eric-marks-futur-ambassadeur-du-rugby-en-allemagne-3619459.php\" target=\"_blank\" rel=\"noopener\">Eric Marks<\/a> est \u00e9galement touch\u00e9 \u00e0 la cheville.<\/p>\n<p>Lors de la 25e et ant\u00e9p\u00e9nulti\u00e8me journ\u00e9e du Top 14, le RC Vannes recevra Pau \u00e0 La Rabine, le samedi 31 mai \u00e0 16\u00a0h\u00a030.<\/p>\n","protected":false},"excerpt":{"rendered":"Top 14 (24e journ\u00e9e). Bayonne &#8211; RC Vannes\u00a0: 38-32 Pour aller chercher les cinq points qu\u2019il lui faudra&hellip;\n","protected":false},"author":2,"featured_media":109385,"comment_status":"","ping_status":"","sticky":false,"template":"","format":"standard","meta":{"footnotes":""},"categories":[2],"tags":[11,3166,1011,27,12,3164,25,479,60,3165],"class_list":{"0":"post-109384","1":"post","2":"type-post","3":"status-publish","4":"format-standard","5":"has-post-thumbnail","7":"category-actualites","8":"tag-actualites","9":"tag-en-continu-sports","10":"tag-fr","11":"tag-france","12":"tag-news","13":"tag-rc-vannes","14":"tag-republique-francaise","15":"tag-rugby","16":"tag-sports","17":"tag-vannes"},"share_on_mastodon":{"url":"https:\/\/pubeurope.com\/@fr\/114528985171226327","error":""},"_links":{"self":[{"href":"https:\/\/www.europesays.com\/fr\/wp-json\/wp\/v2\/posts\/109384","targetHints":{"allow":["GET"]}}],"collection":[{"href":"https:\/\/www.europesays.com\/fr\/wp-json\/wp\/v2\/posts"}],"about":[{"href":"https:\/\/www.europesays.com\/fr\/wp-json\/wp\/v2\/types\/post"}],"author":[{"embeddable":true,"href":"https:\/\/www.europesays.com\/fr\/wp-json\/wp\/v2\/users\/2"}],"replies":[{"embeddable":true,"href":"https:\/\/www.europesays.com\/fr\/wp-json\/wp\/v2\/comments?post=109384"}],"version-history":[{"count":0,"href":"https:\/\/www.europesays.com\/fr\/wp-json\/wp\/v2\/posts\/109384\/revisions"}],"wp:featuredmedia":[{"embeddable":true,"href":"https:\/\/www.europesays.com\/fr\/wp-json\/wp\/v2\/media\/109385"}],"wp:attachment":[{"href":"https:\/\/www.europesays.com\/fr\/wp-json\/wp\/v2\/media?parent=109384"}],"wp:term":[{"taxonomy":"category","embeddable":true,"href":"https:\/\/www.europesays.com\/fr\/wp-json\/wp\/v2\/categories?post=109384"},{"taxonomy":"post_tag","embeddable":true,"href":"https:\/\/www.europesays.com\/fr\/wp-json\/wp\/v2\/tags?post=109384"}],"curies":[{"name":"wp","href":"https:\/\/api.w.org\/{rel}","templated":true}]}}