{"id":1093876,"date":"2026-07-29T00:34:31","date_gmt":"2026-07-29T00:34:31","guid":{"rendered":"https:\/\/www.europesays.com\/fr\/1093876\/"},"modified":"2026-07-29T00:34:31","modified_gmt":"2026-07-29T00:34:31","slug":"pres-de-nantes-le-chateau-de-la-fremoire-nouvelle-echappee-entre-vignes-vins-et-randos","status":"publish","type":"post","link":"https:\/\/www.europesays.com\/fr\/1093876\/","title":{"rendered":"Pr\u00e8s de Nantes : le ch\u00e2teau de la Fr\u00e9moire, nouvelle \u00e9chapp\u00e9e entre vignes, vins et randos"},"content":{"rendered":"<p>                    Par<br \/>\n        <strong><br \/>\n            <a href=\"https:\/\/actu.fr\/auteur\/herve-pavageau\" title=\"Consulter tous les articles de Herv\u00e9 Pavageau\" rel=\"nofollow noopener\" target=\"_blank\">Herv\u00e9 Pavageau<\/a><br \/>\n                    <\/strong><\/p>\n<p>        Publi\u00e9 le<\/p>\n<p>            28 juil. 2026 \u00e0 11h44        <\/p>\n<p>Deux jours d\u00e9di\u00e9s <b>aux vins, aux balades et aux rencontres<\/b>\u2009; c\u2019est le rendez-vous engageant qui va avoir lieu dans les vignobles <b>de Loire<\/b> les 29 et 30\u00a0ao\u00fbt 2026.<\/p>\n<p class=\" wall-content\">L\u2019\u00e9v\u00e9nement \u0153notouristique, organis\u00e9 depuis plus de 20\u00a0ans par les Vins de Loire, invite \u00e0 rencontrer les vigneronnes et vignerons, tout en d\u00e9couvrant les richesses des paysages et des territoires viticoles de la r\u00e9gion,<b> inscrite au patrimoine mondial de l\u2019Unesco<\/b>.<\/p>\n<p class=\" wall-content\">Pour cette 23e \u00e9dition qui attend 5\u2009000\u00a0participants, onze balades de 3 \u00e0 8\u00a0km (sur inscription), propos\u00e9es dans tout le Val de Loire, de <a href=\"https:\/\/actu.fr\/nantes\/\" rel=\"nofollow noopener\" target=\"_blank\">Nantes<\/a> \u00e0 Blois, en passant par <b>Angers<\/b>, <b>Saumur <\/b>et Tours, sont au programme du mill\u00e9sime qui reprend son ancien nom\u2009: <b>Vignes, Vins, Randos.<\/b><\/p>\n<p class=\" wall-content\">Au gr\u00e9 de ces balades, les participants pourront aussi d\u00e9guster des vins, assister \u00e0 des concerts, visiter le patrimoine local.<\/p>\n<p class=\" wall-content\">Dans la r\u00e9gion, deux \u00e9chapp\u00e9es sont au menu le samedi 29\u00a0ao\u00fbt\u2009: \u00e0 <b>Drain-Or\u00e9e d\u2019Anjou<\/b> pour d\u00e9couvrir les Coteaux d\u2019Ancenis <a href=\"https:\/\/actu.fr\/pays-de-la-loire\/vertou_44215\/nouvelle-formule-nouveaux-chefs-ce-chateau-pres-de-nantes-ouvre-un-restaurant-toute-lannee_64155227.html\" rel=\"nofollow noopener\" target=\"_blank\">et au ch\u00e2teau de la Fr\u00e9moire \u00e0 Vertou, vitrine<\/a> et ambassade de l\u2019appellation <a href=\"https:\/\/actu.fr\/tag\/muscadet\" rel=\"nofollow noopener\" target=\"_blank\">muscadet <\/a>dans laquelle si\u00e8ge la F\u00e9d\u00e9ration des vins de Nantes.<\/p>\n<p>Vid\u00e9os : en ce moment sur Actu<\/p>\n<p class=\" wall-content\">La structure professionnelle est d\u2019ailleurs \u00e0 l\u2019organisation du rendez-vous 2026.<\/p>\n<p class=\" wall-content\">Pour ce cru, la manifestation devait s\u2019organiser avec les vignerons de la commune de Vertou.<\/p>\n<p class=\" wall-content\">Mais en raison des <a href=\"https:\/\/actu.fr\/pays-de-la-loire\/vertou_44215\/a-annee-exceptionnelle-moyens-exceptionnels-vers-une-recolte-historique-par-sa-precocite-dans-le-muscadet_64575361.html\" rel=\"nofollow noopener\" target=\"_blank\">vendanges qui s\u2019annoncent historiquement t\u00f4<\/a>t dans le pays nantais (autour du 15\u00a0ao\u00fbt), les producteurs, en pleine r\u00e9colte, ne pourront pas se lib\u00e9rer au moment de Vignes, Vins, Randos.<\/p>\n<p>Un parcours de 3\u00a0km<\/p>\n<p class=\" wall-content\">Dans ce vignoble qui f\u00eate les <b>90<\/b>\u00a0<b>ans de l\u2019appellation du muscadet<\/b>, c\u2019est un parcours de 3\u00a0km qui attend les participants.<\/p>\n<p class=\" wall-content\">L\u2019itin\u00e9raire partira du ch\u00e2teau de la Fr\u00e9moire, avant de faire un arr\u00eat dans les vignes d\u2019Antoine Delaunay.<\/p>\n<blockquote class=\"ac-article-quote wall-content\">\n<p>Ce sera l\u2019occasion de pr\u00e9senter les vignes, le c\u00e9page Melon B et de parler des diff\u00e9rents c\u00e9pages.<\/p>\n<p>Emma Jolly, assistante \u00e9v\u00e9nementielle \u00e0 la F\u00e9d\u00e9ration des vins de Nantes<\/p><\/blockquote>\n<p class=\" wall-content\">Retour ensuite au ch\u00e2teau de la Fr\u00e9moire et plus pr\u00e9cis\u00e9ment \u00e0 la cave exp\u00e9rimentale<b> de l\u2019Institut fran\u00e7ais de la vigne et du vin.<\/b><\/p>\n<p class=\" wall-content\">Dans ce lieu de recherche \u0153nologique, seront pr\u00e9sent\u00e9s l\u2019\u00e9levage sur lie ainsi que les<b> stades et \u00e9tapes de la fermentation<\/b> et de la vinification.<\/p>\n<p class=\" wall-content\">La balade se poursuivra ensuite dans la grande salle de d\u00e9gustation du ch\u00e2teau de la Fr\u00e9moire, espace dans lequel sera propos\u00e9 un <b>atelier olfactif, <\/b>avant une d\u00e9gustation d\u2019accords mets et vins.<\/p>\n<p>Quatre cr\u00e9neaux horaires<\/p>\n<p class=\" wall-content\">Pour ce premier rendez-vous, le ch\u00e2teau de la Fr\u00e9moire a opt\u00e9 pour \u00ab\u2009un format convivial \u00e0 taille humaine\u2009\u00bb, d\u2019une trentaine de personnes par cr\u00e9neau.<\/p>\n<p class=\" wall-content\"><b>Quatre d\u00e9parts<\/b> sont en effet pr\u00e9vus le samedi 29\u00a0ao\u00fbt\u2009: \u00e0 9\u2009h, 11\u2009h, 15\u2009h et 17\u2009h.<\/p>\n<p class=\" wall-content\">130\u00a0personnes sont attendues au ch\u00e2teau de la Fr\u00e9moire, site qui entend bien renouveler l\u2019op\u00e9ration en accueillant d\u2019autres<b> rendez-vous <\/b>dans le cadre des prochaines \u00e9ditions <a href=\"https:\/\/www.echappeesloire.fr\/\" rel=\"nofollow noopener\" target=\"_blank\">des \u00c9chapp\u00e9es en Loire<\/a>.<\/p>\n<p class=\" wall-content\">En attendant, il faut se d\u00e9p\u00eacher pour s\u2019inscrire.<\/p>\n<p class=\" wall-content\">Les r\u00e9servations pour l\u2019\u00e9v\u00e9nement se remplissent vite. Sur les premiers inscrits (pr\u00e8s d\u2019une centaine de personnes), l\u2019analyse montre que la client\u00e8le est\u2009:<\/p>\n<blockquote class=\"ac-article-quote wall-content\">\n<p>Tr\u00e8s majoritairement locale et r\u00e9gionale (Loire-Atlantique, Maine-et-Loire, Indre-et-Loire), avec une pr\u00e9sence plus ponctuelle de visiteurs venus de Paris, de Charente-Maritime et de la Sarthe.<\/p>\n<p>Emma Jolly, assistante \u00e9v\u00e9nementielle \u00e0 la F\u00e9d\u00e9ration des vins de Nantes<\/p><\/blockquote>\n<p class=\" wall-content\">\u00c0 ce jour, la<b> Loire-Atlantique<\/b> repr\u00e9sente 62\u2009% des participants.<\/p>\n<p>Les \u00e9chapp\u00e9es en Loire, Vignes, Vins, Randos les 29 et 30\u00a0ao\u00fbt. Rendez-vous le samedi 29\u00a0ao\u00fbt au ch\u00e2teau de la Fr\u00e9moire \u00e0 Vertou. Prix\u2009: 30\u00a0\u20ac par personne. Gratuit pour les moins de 18\u00a0ans. <a href=\"https:\/\/www.echappeesloire.fr\/\" rel=\"nofollow noopener\" target=\"_blank\">Programme complet et r\u00e9servations sur ce site<\/a><\/p>\n<p class=\" wall-content\">Personnalisez votre actualit\u00e9 en ajoutant vos villes et m\u00e9dias en favori avec <a href=\"https:\/\/moncompte.actu.fr\" title=\"D\u00e9couvez Mon Actu\" rel=\"nofollow noopener\" data-trk=\"{&quot;cta&quot;:{&quot;action&quot;:&quot;https:\\\/\\\/moncompte.actu.fr&quot;,&quot;category&quot;:&quot;mon compte&quot;,&quot;from&quot;:&quot;article footer&quot;,&quot;name&quot;:&quot;Mon actu&quot;,&quot;type&quot;:&quot;cta&quot;}}\" target=\"_blank\">Mon Actu<\/a>.<\/p>\n","protected":false},"excerpt":{"rendered":"Par Herv\u00e9 Pavageau Publi\u00e9 le 28 juil. 2026 \u00e0 11h44 Deux jours d\u00e9di\u00e9s aux vins, aux balades et&hellip;\n","protected":false},"author":2,"featured_media":1093877,"comment_status":"","ping_status":"","sticky":false,"template":"","format":"standard","meta":{"footnotes":"","_share_on_mastodon":"0"},"categories":[2818],"tags":[1111,11,1777,674,1011,27,766,12,2636,7553,25,104,2900,1662],"class_list":["post-1093876","post","type-post","status-publish","format-standard","has-post-thumbnail","category-nantes","tag-actu","tag-actualites","tag-eu","tag-europe","tag-fr","tag-france","tag-nantes","tag-news","tag-pays-de-la-loire","tag-randonnee","tag-republique-francaise","tag-societe","tag-vignoble-nantais","tag-vin"],"share_on_mastodon":{"url":"","error":""},"_links":{"self":[{"href":"https:\/\/www.europesays.com\/fr\/wp-json\/wp\/v2\/posts\/1093876","targetHints":{"allow":["GET"]}}],"collection":[{"href":"https:\/\/www.europesays.com\/fr\/wp-json\/wp\/v2\/posts"}],"about":[{"href":"https:\/\/www.europesays.com\/fr\/wp-json\/wp\/v2\/types\/post"}],"author":[{"embeddable":true,"href":"https:\/\/www.europesays.com\/fr\/wp-json\/wp\/v2\/users\/2"}],"replies":[{"embeddable":true,"href":"https:\/\/www.europesays.com\/fr\/wp-json\/wp\/v2\/comments?post=1093876"}],"version-history":[{"count":0,"href":"https:\/\/www.europesays.com\/fr\/wp-json\/wp\/v2\/posts\/1093876\/revisions"}],"wp:featuredmedia":[{"embeddable":true,"href":"https:\/\/www.europesays.com\/fr\/wp-json\/wp\/v2\/media\/1093877"}],"wp:attachment":[{"href":"https:\/\/www.europesays.com\/fr\/wp-json\/wp\/v2\/media?parent=1093876"}],"wp:term":[{"taxonomy":"category","embeddable":true,"href":"https:\/\/www.europesays.com\/fr\/wp-json\/wp\/v2\/categories?post=1093876"},{"taxonomy":"post_tag","embeddable":true,"href":"https:\/\/www.europesays.com\/fr\/wp-json\/wp\/v2\/tags?post=1093876"}],"curies":[{"name":"wp","href":"https:\/\/api.w.org\/{rel}","templated":true}]}}