{"id":109388,"date":"2025-05-18T13:09:11","date_gmt":"2025-05-18T13:09:11","guid":{"rendered":"https:\/\/www.europesays.com\/fr\/109388\/"},"modified":"2025-05-18T13:09:11","modified_gmt":"2025-05-18T13:09:11","slug":"super-league-steve-mcnamara-il-reste-rugby-a-xiii","status":"publish","type":"post","link":"https:\/\/www.europesays.com\/fr\/109388\/","title":{"rendered":"Super League &#8211; Steve McNamara&#8230; Il reste &#8211; Rugby \u00e0 XIII"},"content":{"rendered":"<p style=\"text-align: justify;\"><strong>Face \u00e0 la pression et aux rumeurs, le tacticien anglais des Dragons Catalans a balay\u00e9 un possible d\u00e9part chez les Rhinos. Son avenir semble pour l\u2019instant s\u2019\u00e9crire aux Dragons.<\/strong><\/p>\n<p style=\"text-align: justify;\">S\u00e9v\u00e8rement corrig\u00e9s <a href=\"https:\/\/treizemondial.fr\/les-dragons-catalans-coulent-a-st-helens\/\" target=\"_blank\" rel=\"noopener\">sur la pelouse de St Helens<\/a> (40-0), l\u2019\u00e9quipe de Steve McNamara n\u2019a pas su faire preuve de l\u2019orgueil et du talent n\u00e9cessaire pour sauver le sort d\u2019un match rapidement mal embarqu\u00e9. Orpheline de ses principaux cadres, la franchise perpignanaise manquait surtout d\u2019envie face aux Saints. Sans le leadership de Sam Tomkins, la volont\u00e9 de Benjamin Garcia ou la d\u00e9termination de Julian Bousquet, les Dragons ont \u00e9t\u00e9 incapables de se relever.<\/p>\n<p style=\"text-align: justify;\">Alors en conf\u00e9rence de presse apr\u00e8s la d\u00e9route face \u00e0 St Helens, l\u2019ancien joueur de Hull FC est revenu sur les rumeurs qui fr\u00e9missent dans les messes basses des suiveurs de la Super League.<\/p>\n<p>Leeds bient\u00f4t orphelin ?<\/p>\n<p style=\"text-align: justify;\">Tout ce remue-m\u00e9nage est parti de l\u2019annonce de la cr\u00e9ation d\u2019une <a href=\"https:\/\/treizemondial.fr\/un-nouveau-club-base-a-perth-rejoint-la-nrl\/\" target=\"_blank\" rel=\"noopener\">nouvelle franchise de NRL, les Perth Bears<\/a>, qui int\u00e8greront la ligue australienne en 2027. Et le club de l\u2019ouest australien a tourn\u00e9 son regard sur Brad Arthur, actuellement en poste \u00e0 Leeds, pour \u00eatre le premier coach de la franchise. R\u00e9action en chaine : logiquement Leeds a, \u00e0 son tour, commenc\u00e9 \u00e0 prospecter pour trouver un rempla\u00e7ant \u00e0 son coach australien, jetant alors son d\u00e9volu sur l\u2019entraineur des Dragons.<\/p>\n<p style=\"text-align: justify;\">Mais, comme \u00e0 son habitude, Steve McNamara a pr\u00e9f\u00e9r\u00e9 la clart\u00e9 aux bruits de couloirs :<\/p>\n<blockquote>\n<p style=\"text-align: justify;\">Non. Il n\u2019y a rien. Je suis tr\u00e8s heureux aux Dragons et je suis encore sous contrat jusqu\u2019\u00e0 la fin de la saison prochaine. Il n\u2019y a rien de plus \u00e0 dire. (All About Rugby League)<\/p>\n<\/blockquote>\n<p>McNamara, le doyen de la Super League<\/p>\n<p style=\"text-align: justify;\">Bien qu\u2019il ne soit pas le plus vieux en \u00e2ge, Steve McNamara est l\u2019entraineur de Super League qui d\u00e9tient le record de long\u00e9vit\u00e9 actuel (8\u00e8me saison \u00e0 la t\u00eate des Dragons).<\/p>\n<p style=\"text-align: justify;\">D\u00e9barqu\u00e9 \u00e0 Perpignan en 2017, il avait \u00e9t\u00e9 le sauveur d\u2019une \u00e9quipe au bord d\u2019une descente en Championship. Mais son statut, ainsi que sa c\u00f4te de popularit\u00e9 aupr\u00e8s des supporters catalans, a bien chang\u00e9\u2026 Affichant d\u2019abord un taux de victoire moyen lors de son arriv\u00e9e (45,35% entre 2018 et 2020), le coach anglais a mont\u00e9 le curseur les saisons suivantes (70,04\u2009% de 2020 \u00e0 2023).<\/p>\n<p style=\"text-align: justify;\">Mais l\u2019\u00e8re McNamara semble toucher \u00e0 sa fin. L\u2019\u00e9quipe, autant que le style de jeu, s\u2019essoufflent. Et en guise d\u2019illustration, un % de victoire en chute libre qui est redescendu \u00e0 56,15\u2009% sur les 2 derni\u00e8res saisons.<\/p>\n<p>Quelles solutions ?<\/p>\n<p style=\"text-align: justify;\">N\u00e9anmoins, Steve McNamara ne parait pas crouler sous la pression. Pour nos confr\u00e8res de Serious About Rugby League, il expliquait :<\/p>\n<blockquote>\n<p style=\"text-align: justify;\">Si je suis sous pression ? Vous n\u2019avez qu\u2019\u00e0 demander \u00e0 Bernard [Guasch]. Mais le soutien de Bernard a toujours \u00e9t\u00e9 ind\u00e9fectible et rempli de passion.<\/p>\n<\/blockquote>\n<p style=\"text-align: justify;\">Mais si les r\u00e9sultats ne venaient pas ? Et si la confiance de l\u2019embl\u00e9matique pr\u00e9sident catalan envers son entraineur c\u00e9dait sous le poids des mauvais r\u00e9sultats ? Si Bernard Guasch d\u00e9cidait de limoger le tacticien anglais, il devrait d\u00e9bourser un joli billet pour combler le manque d\u2019une derni\u00e8re saison sous contrat. Emb\u00eatant\u2026 Lui proposer un reclassement dans un autre poste (par exemple directeur du Rugby) pour la dur\u00e9e restante pourrait \u00eatre une solution. Mais cela obligerait les dirigeants \u00e0 d\u00e9bloquer de nouveaux fonds pour accueillir un nouvel entraineur, contraignant\u2026<\/p>\n<p style=\"text-align: justify;\">Enfin, au vu de ses r\u00e9cents propos, pas besoin d\u2019imaginer une d\u00e9mission propos\u00e9e par le coach anglais, qui de facto, lui ferait faire une croix sur le ch\u00e8que qui l\u2019attend d\u2019ici \u00e0 la fin de son contrat. Face \u00e0 ce constat, on imagine mal un changement rapide \u00e0 la t\u00eate des Dragons. Reste \u00e0 voir si Steve McNamara r\u00e9ussira \u00e0 redresser la barre ou s\u2019il faudra encore vivre une saison sans playoffs.<\/p>\n<blockquote class=\"twitter-tweet\" data-width=\"500\" data-dnt=\"true\">\n<p lang=\"en\" dir=\"ltr\">Steve McNamara has reacted to suggestions he may be the next head coach of Leeds Rhinos.<a href=\"https:\/\/t.co\/9SqIFIomDH\">https:\/\/t.co\/9SqIFIomDH<\/a><\/p>\n<p>\u2014 All Out Rugby League (@AORugbyLeague) <a href=\"https:\/\/twitter.com\/AORugbyLeague\/status\/1923137922913476640?ref_src=twsrc%5Etfw\" target=\"_blank\" rel=\"noopener\">May 15, 2025<\/a><\/p>\n<\/blockquote>\n<p style=\"text-align: justify;\"><strong>Treize Mondial<br \/><a href=\"https:\/\/www.facebook.com\/13Mondial\" target=\"_blank\" rel=\"noopener\"><img loading=\"lazy\" decoding=\"async\" class=\"alignnone wp-image-217097\" src=\"https:\/\/www.europesays.com\/fr\/wp-content\/uploads\/2025\/04\/logo-facebook.png\" alt=\"\" width=\"40\" height=\"40\"  \/><\/a> <a href=\"https:\/\/twitter.com\/XIIIMondial\" target=\"_blank\" rel=\"noopener\"><img loading=\"lazy\" decoding=\"async\" class=\"alignnone wp-image-217098\" src=\"https:\/\/www.europesays.com\/fr\/wp-content\/uploads\/2025\/04\/logo-twitter.png\" alt=\"\" width=\"39\" height=\"39\"  \/><\/a><\/strong><\/p>\n<p>        <script async src=\"https:\/\/platform.twitter.com\/widgets.js\" charset=\"utf-8\"><\/script><\/p>\n","protected":false},"excerpt":{"rendered":"Face \u00e0 la pression et aux rumeurs, le tacticien anglais des Dragons Catalans a balay\u00e9 un possible d\u00e9part&hellip;\n","protected":false},"author":2,"featured_media":109389,"comment_status":"","ping_status":"","sticky":false,"template":"","format":"standard","meta":{"footnotes":""},"categories":[1416],"tags":[3248,1011,27,479,2228,1468,2229,60,22755,4474],"class_list":{"0":"post-109388","1":"post","2":"type-post","3":"status-publish","4":"format-standard","5":"has-post-thumbnail","7":"category-rugby","8":"tag-dragons-catalans","9":"tag-fr","10":"tag-france","11":"tag-rugby","12":"tag-rugby-a-xiii","13":"tag-rugby-football","14":"tag-rugby-league","15":"tag-sports","16":"tag-steve-mcnamara","17":"tag-super-league"},"share_on_mastodon":{"url":"https:\/\/pubeurope.com\/@fr\/114529000936071327","error":""},"_links":{"self":[{"href":"https:\/\/www.europesays.com\/fr\/wp-json\/wp\/v2\/posts\/109388","targetHints":{"allow":["GET"]}}],"collection":[{"href":"https:\/\/www.europesays.com\/fr\/wp-json\/wp\/v2\/posts"}],"about":[{"href":"https:\/\/www.europesays.com\/fr\/wp-json\/wp\/v2\/types\/post"}],"author":[{"embeddable":true,"href":"https:\/\/www.europesays.com\/fr\/wp-json\/wp\/v2\/users\/2"}],"replies":[{"embeddable":true,"href":"https:\/\/www.europesays.com\/fr\/wp-json\/wp\/v2\/comments?post=109388"}],"version-history":[{"count":0,"href":"https:\/\/www.europesays.com\/fr\/wp-json\/wp\/v2\/posts\/109388\/revisions"}],"wp:featuredmedia":[{"embeddable":true,"href":"https:\/\/www.europesays.com\/fr\/wp-json\/wp\/v2\/media\/109389"}],"wp:attachment":[{"href":"https:\/\/www.europesays.com\/fr\/wp-json\/wp\/v2\/media?parent=109388"}],"wp:term":[{"taxonomy":"category","embeddable":true,"href":"https:\/\/www.europesays.com\/fr\/wp-json\/wp\/v2\/categories?post=109388"},{"taxonomy":"post_tag","embeddable":true,"href":"https:\/\/www.europesays.com\/fr\/wp-json\/wp\/v2\/tags?post=109388"}],"curies":[{"name":"wp","href":"https:\/\/api.w.org\/{rel}","templated":true}]}}