{"id":109390,"date":"2025-05-18T13:10:12","date_gmt":"2025-05-18T13:10:12","guid":{"rendered":"https:\/\/www.europesays.com\/fr\/109390\/"},"modified":"2025-05-18T13:10:12","modified_gmt":"2025-05-18T13:10:12","slug":"atp-nick-kyrgios-regardez-la-facon-dont-les-alcaraz-sinner-ou-federer-se-comportent-tout-le-temps-ils-sont-presque-parfaits-je-sais-que-ce-nest-pas-moi-et-ce-netait-pas-non-plus-mon-object","status":"publish","type":"post","link":"https:\/\/www.europesays.com\/fr\/109390\/","title":{"rendered":"ATP > Nick Kyrgios : \u00ab\u00a0Regardez la fa\u00e7on dont les Alcaraz, Sinner ou Federer se comportent tout le temps&#8230; Ils sont presque parfaits. Je sais que ce n&rsquo;est pas moi et ce n&rsquo;\u00e9tait pas non plus mon objectif\u00a0\u00bb"},"content":{"rendered":"<p>Apr\u00e8s sa bles\u00adsure au poignet qui l\u2019a \u00e9cart\u00e9 des courts pendant pr\u00e8s de deux ans, Nick Kyrgios n\u2019a toujours pas r\u00e9ussi \u00e0 retrouver son meilleur niveau. \u00c0 30 ans, le fina\u00adliste de Wimbledon 2022 se rapproche douce\u00adment de la fin de sa carri\u00e8re, <a href=\"https:\/\/www.welovetennis.fr\/open-australie\/lenorme-annonce-de-kyrgios-apres-sa-defaite-au-premier-tour-de-maniere-realise-je-ne-me-vois-pas-rejouer-en-simple-ici\" data-wpel-link=\"internal\" target=\"_blank\" rel=\"noopener\">alors qu\u2019il annon\u00ad\u00e7ait en janvier dernier, ne proba\u00adble\u00adment plus disputer l\u2019Open d\u2019Australie<\/a>.<\/p>\n<p>Un joueur fantasque qui lais\u00adsera un senti\u00adment de g\u00e2chis pour les fans, tant le poten\u00adtiel \u00e9tait pr\u00e9sent.<\/p>\n<p>Invit\u00e9 du The Changeover Podcast, l\u2019Australien n\u2019a aucun regret sur ses accom\u00adplis\u00adse\u00adments. Il explique ne jamais avoir r\u00eav\u00e9 de gran\u00addeur, mais qu\u2019il s\u2019agis\u00adsait avant tout de sortir de la mis\u00e8re sa famille, gr\u00e2ce au tennis.<\/p>\n<p><strong>\u00ab\u202fJe n\u2019ai\u00admais m\u00eame pas vrai\u00adment ce sport. Ma famille, vous savez, mon p\u00e8re est arriv\u00e9 par bateau de Gr\u00e8ce et ma m\u00e8re vivait dans les bidon\u00advilles de Malaisie. J\u2019ai compris tr\u00e8s t\u00f4t que c\u2019\u00e9tait un moyen de prendre soin de ma famille. C\u2019\u00e9tait mon seul objectif. Je n\u2019en avais rien \u00e0 foutre d\u2019un Grand Chelem ou de quoi que ce soit d\u2019autre. Je jouais parce que je gagnais bien ma vie, et je voulais juste aider ma famille. Mes amis et moi voulions subvenir aux besoins des miens. Et vous savez, parfois, je pense que les gens se disaient\u00a0: \u00ab\u202foh, il ne prend pas \u00e7a au s\u00e9rieux\u202f\u00bb, mais je n\u2019ai pas la person\u00adna\u00adlit\u00e9 d\u2019un Alcaraz ou d\u2019un Sinner ou d\u2019un Federer. Je veux dire que ces gars\u2010l\u00e0 sont des athl\u00e8tes g\u00e9n\u00e9\u00adra\u00adtion\u00adnels. La fa\u00e7on dont ils se comportent tout le temps, ils sont presque parfaits. Je sais que ce n\u2019est pas moi. Ce n\u2019\u00e9tait pas non plus mon objectif. Mes parents n\u2019ont plus jamais \u00e0 s\u2019in\u00adqui\u00e9ter des factures. Je ne chan\u00adge\u00adrais rien \u00e0 ma carri\u00e8re. Je me suis telle\u00adment\u00a0amus\u00e9\u202f\u00bb.<\/strong><\/p>\n<p class=\"post-published-date\" style=\"color: silver; font-size: 75%; text-align: left;\">Publi\u00e9 le dimanche 18 mai 2025 \u00e0 14:18<\/p>\n","protected":false},"excerpt":{"rendered":"Apr\u00e8s sa bles\u00adsure au poignet qui l\u2019a \u00e9cart\u00e9 des courts pendant pr\u00e8s de deux ans, Nick Kyrgios n\u2019a&hellip;\n","protected":false},"author":2,"featured_media":109391,"comment_status":"","ping_status":"","sticky":false,"template":"","format":"standard","meta":{"footnotes":""},"categories":[1415],"tags":[1744,2199,1011,27,4874,2127,60,1467],"class_list":{"0":"post-109390","1":"post","2":"type-post","3":"status-publish","4":"format-standard","5":"has-post-thumbnail","7":"category-tennis","8":"tag-alcaraz","9":"tag-federer","10":"tag-fr","11":"tag-france","12":"tag-kyrgios","13":"tag-sinner","14":"tag-sports","15":"tag-tennis"},"share_on_mastodon":{"url":"https:\/\/pubeurope.com\/@fr\/114529004575035272","error":""},"_links":{"self":[{"href":"https:\/\/www.europesays.com\/fr\/wp-json\/wp\/v2\/posts\/109390","targetHints":{"allow":["GET"]}}],"collection":[{"href":"https:\/\/www.europesays.com\/fr\/wp-json\/wp\/v2\/posts"}],"about":[{"href":"https:\/\/www.europesays.com\/fr\/wp-json\/wp\/v2\/types\/post"}],"author":[{"embeddable":true,"href":"https:\/\/www.europesays.com\/fr\/wp-json\/wp\/v2\/users\/2"}],"replies":[{"embeddable":true,"href":"https:\/\/www.europesays.com\/fr\/wp-json\/wp\/v2\/comments?post=109390"}],"version-history":[{"count":0,"href":"https:\/\/www.europesays.com\/fr\/wp-json\/wp\/v2\/posts\/109390\/revisions"}],"wp:featuredmedia":[{"embeddable":true,"href":"https:\/\/www.europesays.com\/fr\/wp-json\/wp\/v2\/media\/109391"}],"wp:attachment":[{"href":"https:\/\/www.europesays.com\/fr\/wp-json\/wp\/v2\/media?parent=109390"}],"wp:term":[{"taxonomy":"category","embeddable":true,"href":"https:\/\/www.europesays.com\/fr\/wp-json\/wp\/v2\/categories?post=109390"},{"taxonomy":"post_tag","embeddable":true,"href":"https:\/\/www.europesays.com\/fr\/wp-json\/wp\/v2\/tags?post=109390"}],"curies":[{"name":"wp","href":"https:\/\/api.w.org\/{rel}","templated":true}]}}