{"id":109392,"date":"2025-05-18T13:12:12","date_gmt":"2025-05-18T13:12:12","guid":{"rendered":"https:\/\/www.europesays.com\/fr\/109392\/"},"modified":"2025-05-18T13:12:12","modified_gmt":"2025-05-18T13:12:12","slug":"a-quelle-heure-et-sur-quelle-chaine-regarder-le-grand-prix-de-france-2025","status":"publish","type":"post","link":"https:\/\/www.europesays.com\/fr\/109392\/","title":{"rendered":"\u00e0 quelle heure et sur quelle cha\u00eene regarder le Grand Prix de France 2025 ?"},"content":{"rendered":"<p>Ce dimanche, le MotoGP fait escale au Mans pour le tr\u00e8s attendu Grand Prix de France, cinqui\u00e8me rendez-vous d\u2019une saison 2025 d\u00e9j\u00e0 pleine de rebondissements. D\u00e9couvrez ici \u00e0 quelle heure et sur quelle cha\u00eene regarder la course de MotoGP en direct.<\/p>\n<p>Apr\u00e8s un Grand Prix d\u2019Espagne spectaculaire \u00e0 Jerez, les pilotes de MotoGP s\u2019appr\u00eatent maintenant \u00e0 faire crisser leurs pneus sur le mythique circuit Bugatti du Mans. Long de 4,19 kilom\u00e8tres, ce trac\u00e9 sera le th\u00e9\u00e2tre de 27 tours intenses. Pour les Fran\u00e7ais, cette manche a forc\u00e9ment un go\u00fbt particulier. Pour remettre un peu de contexte, Fabio Quartararo fut l\u2019auteur d\u2019un podium surprise en Andalousie. Le pilote arrive donc sur le sol fran\u00e7ais avec une confiance retrouv\u00e9e, aux c\u00f4t\u00e9s d\u2019une Yamaha en regain de forme. Johann Zarco, plus discret, mais toujours aussi r\u00e9gulier avec trois top 10 en poche, aura \u00e0 c\u0153ur de briller devant son public. L\u2019enjeu est d\u2019autant plus fort que la bataille pour le titre est d\u2019ores et d\u00e9j\u00e0 lanc\u00e9e. \u00c1lex M\u00e1rquez est l\u2019actuel leader du championnat, juste devant son fr\u00e8re Marc d\u2019un seul petit point. C\u00f4t\u00e9 Ducati, on esp\u00e8re un retour tonitruant du champion Pecco Bagnaia. Jorge Martin, impressionnant en Espagne avec un doubl\u00e9 sprint-course et une pole record (1\u201929.919), fera figure de favori au Mans. Il d\u00e9tient d\u2019ailleurs sur ce circuit le meilleur chrono de l\u2019histoire. En parall\u00e8le, Miguel Oliveira, forfait depuis plusieurs manches, tentera un retour remarqu\u00e9. L\u2019an pass\u00e9, la course avait offert une bataille \u00e9pique entre Martin, Bagnaia et Marc M\u00e1rquez. Cette ann\u00e9e, le spectacle pourrait \u00eatre encore plus intense. Le rendez-vous est donn\u00e9&#8230; D\u00e9couvrez ici \u00e0 quelle heure et sur quelle cha\u00eene regarder la course de MotoGP en direct.<\/p>\n<p>                        \u00c0 quelle heure et sur quelle cha\u00eene regarder la course de MotoGP ?<\/p>\n<p><b>La course de MotoGP sur le circuit du Mans est \u00e0 suivre en direct et en streaming sur Canal+, le diffuseur officiel des plus belles comp\u00e9titions de sports m\u00e9caniques en France.<\/b> <b>Ce nouveau rendez-vous est programm\u00e9 pour ce dimanche 11 mai 2025.<\/b> <b>Retrouvez le warm-up d\u00e8s 9h35 du matin sur la cha\u00eene Canal+ Sport 360.<\/b> Pour suivre en direct le Grand Prix, il faudra \u00eatre au rendez-vous d\u00e8s 14h sur Canal+. La course sera suivie par l\u2019\u00e9mission \u00ab\u00a0Le Podium\u00a0\u00bb \u00e0 14h50, sur la m\u00eame cha\u00eene. Pour prolonger le plaisir, retrouvez le d\u00e9brief d\u00e8s 15h10 sur Canal+ Sport 360.<\/p>\n<p>Chaque jour, nous \u00e9pluchons en toute ind\u00e9pendance les meilleures offres et r\u00e9ductions disponibles sur le web pour vous proposer les bons plans les plus int\u00e9ressants. Pour \u00e9valuer la pertinence d\u2019un bon plan, nous v\u00e9rifions notamment l\u2019historique des prix et veillons \u00e0 vous recommander les boutiques en ligne proposant les meilleures garanties.<\/p>\n<p>Certains liens peuvent g\u00e9n\u00e9rer une commission pour T\u00e9l\u00e9-Loisirs. Les prix sont mentionn\u00e9s \u00e0 titre indicatif et sont susceptibles d&rsquo;\u00e9voluer.<\/p>\n","protected":false},"excerpt":{"rendered":"Ce dimanche, le MotoGP fait escale au Mans pour le tr\u00e8s attendu Grand Prix de France, cinqui\u00e8me rendez-vous&hellip;\n","protected":false},"author":2,"featured_media":109393,"comment_status":"","ping_status":"","sticky":false,"template":"","format":"standard","meta":{"footnotes":""},"categories":[1413],"tags":[1419,244,1011,27,1982,1457,1456,60,129],"class_list":{"0":"post-109392","1":"post","2":"type-post","3":"status-publish","4":"format-standard","5":"has-post-thumbnail","7":"category-moto","8":"tag-canal-plus","9":"tag-commentaire","10":"tag-fr","11":"tag-france","12":"tag-grand-prix","13":"tag-moto","14":"tag-motocycle","15":"tag-sports","16":"tag-svod"},"share_on_mastodon":{"url":"https:\/\/pubeurope.com\/@fr\/114529012552811956","error":""},"_links":{"self":[{"href":"https:\/\/www.europesays.com\/fr\/wp-json\/wp\/v2\/posts\/109392","targetHints":{"allow":["GET"]}}],"collection":[{"href":"https:\/\/www.europesays.com\/fr\/wp-json\/wp\/v2\/posts"}],"about":[{"href":"https:\/\/www.europesays.com\/fr\/wp-json\/wp\/v2\/types\/post"}],"author":[{"embeddable":true,"href":"https:\/\/www.europesays.com\/fr\/wp-json\/wp\/v2\/users\/2"}],"replies":[{"embeddable":true,"href":"https:\/\/www.europesays.com\/fr\/wp-json\/wp\/v2\/comments?post=109392"}],"version-history":[{"count":0,"href":"https:\/\/www.europesays.com\/fr\/wp-json\/wp\/v2\/posts\/109392\/revisions"}],"wp:featuredmedia":[{"embeddable":true,"href":"https:\/\/www.europesays.com\/fr\/wp-json\/wp\/v2\/media\/109393"}],"wp:attachment":[{"href":"https:\/\/www.europesays.com\/fr\/wp-json\/wp\/v2\/media?parent=109392"}],"wp:term":[{"taxonomy":"category","embeddable":true,"href":"https:\/\/www.europesays.com\/fr\/wp-json\/wp\/v2\/categories?post=109392"},{"taxonomy":"post_tag","embeddable":true,"href":"https:\/\/www.europesays.com\/fr\/wp-json\/wp\/v2\/tags?post=109392"}],"curies":[{"name":"wp","href":"https:\/\/api.w.org\/{rel}","templated":true}]}}