{"id":109394,"date":"2025-05-18T13:13:13","date_gmt":"2025-05-18T13:13:13","guid":{"rendered":"https:\/\/www.europesays.com\/fr\/109394\/"},"modified":"2025-05-18T13:13:13","modified_gmt":"2025-05-18T13:13:13","slug":"pourquoi-le-temps-de-bearman-a-t-il-ete-supprime-en-q1","status":"publish","type":"post","link":"https:\/\/www.europesays.com\/fr\/109394\/","title":{"rendered":"Pourquoi le temps de Bearman a-t-il \u00e9t\u00e9 supprim\u00e9 en Q1 ?"},"content":{"rendered":"<p>La s\u00e9ance de qualifications du Grand Prix d&rsquo;\u00c9milie-Romagne a \u00e9t\u00e9 boulevers\u00e9e par plusieurs rebondissements et incidents. Les deux plus impressionnants ayant \u00e9t\u00e9 les accidents de <a href=\"https:\/\/fr.motorsport.com\/driver\/yuki-tsunoda\/828578\/\" target=\"_blank\" rel=\"noopener\">Yuki Tsunoda<\/a> et <a href=\"https:\/\/fr.motorsport.com\/driver\/franco-colapinto\/875918\/\" target=\"_blank\" rel=\"noopener\">Franco Colapinto<\/a>, l&rsquo;un en tout d\u00e9but de Q1, l&rsquo;autre en toute fin. Heureusement, les deux pilotes s&rsquo;en sont sortis indemnes.<\/p>\n<p>Le crash de l&rsquo;Argentin a priv\u00e9 de nombreux pilotes d&rsquo;une derni\u00e8re tentative de tour lanc\u00e9, puisqu&rsquo;il a perdu sa monoplace juste apr\u00e8s que le compte \u00e0 rebours est pass\u00e9 \u00e0 z\u00e9ro. \u00c0 premi\u00e8re vue, seul <a href=\"https:\/\/fr.motorsport.com\/driver\/oliver-bearman\/878515\/\" target=\"_blank\" rel=\"noopener\">Oliver Bearman<\/a> semblait avoir r\u00e9ussi \u00e0 \u00eatre pass\u00e9 entre les mailles du filet, en terminant son tour juste avant que le drapeau rouge ne soit d\u00e9clench\u00e9. N\u00e9anmoins, apr\u00e8s quelques minutes, le temps du Britannique a finalement \u00e9t\u00e9 effac\u00e9 par la direction de course, \u00e9liminant le pilote <a href=\"https:\/\/fr.motorsport.com\/team\/haas\/1949\/\" target=\"_blank\" rel=\"noopener\">Haas<\/a> de la Q1 en le rel\u00e9guant au 19e rang sur la grille de d\u00e9part.<\/p>\n<p>La FIA a toutefois ouvert une enqu\u00eate afin de s&rsquo;assurer qu&rsquo;aucune erreur n&rsquo;avait \u00e9t\u00e9 commise dans l&rsquo;annulation du temps et que Bearman avait bien franchi la ligne d&rsquo;arriv\u00e9e apr\u00e8s l&rsquo;activation du drapeau rouge. L&rsquo;\u00e9valuation de l&rsquo;incident a dur\u00e9 une dizaine de minutes, ce qui a retard\u00e9 le d\u00e9but de la deuxi\u00e8me partie des qualifications, et a confirm\u00e9 la d\u00e9cision initiale de l&rsquo;instance, \u00e9courtant la s\u00e9ance du Britannique.<\/p>\n<p>Un incident plus compliqu\u00e9 qu&rsquo;il n&rsquo;y para\u00eet<br \/>\n   <img decoding=\"async\" draggable=\"false\" src=\"https:\/\/www.europesays.com\/fr\/wp-content\/uploads\/2025\/05\/1747573992_31_oliver-bearman-haas-f1-team.jpg\" alt=\"Oliver Bearman (Haas).\" width=\"1200\" height=\"800\" loading=\"lazy\"\/> <\/p>\n<p class=\"title\">Oliver Bearman (Haas).<\/p>\n<p class=\"photographer\">Photo de: Peter Fox \/ Getty Images<\/p>\n<p>Pour rappel, au-del\u00e0 des drapeaux physiques brandis par les commissaires ou des panneaux lumineux le long de la piste, chaque volant de pilote est \u00e9quip\u00e9 de LED qui indiquent l&rsquo;\u00e9tat de la piste, y compris les interruptions de s\u00e9ance. Cela permet aux concurrents de r\u00e9agir rapidement en cas de drapeau jaune ou rouge.<\/p>\n<p>Apr\u00e8s les qualifications, c&rsquo;est visiblement \u00e9nerv\u00e9 que Bearman s&rsquo;est pr\u00e9sent\u00e9 dans le carr\u00e9 des interviews. Remont\u00e9 face \u00e0 la d\u00e9cision de la direction de course, il a expliqu\u00e9 ne pas avoir re\u00e7u d&rsquo;alerte sur son volant, ce qui voudrait dire qu&rsquo;il aurait pass\u00e9 la ligne d&rsquo;arriv\u00e9e apr\u00e8s le d\u00e9clenchement du drapeau rouge.\u00a0<\/p>\n<p>\u00ab\u00a0Nous recevons le signal rouge sur notre tableau de bord.\u00a0Pour moi, cela ne s&rsquo;est produit que bien apr\u00e8s que j&rsquo;aie franchi la ligne\u00a0\u00bb, a-t-il argument\u00e9.\u00a0\u00ab\u00a0En regardant les images ext\u00e9rieures, il est clair qu&rsquo;aucun drapeau rouge n&rsquo;\u00e9tait affich\u00e9 lorsque j&rsquo;ai pass\u00e9 la ligne. Donc je pense qu&rsquo;il est totalement injuste que mon tour ait \u00e9t\u00e9 annul\u00e9.\u00a0\u00bb<\/p>\n<p>Des propos confirm\u00e9s par les cam\u00e9ras embarqu\u00e9es, qui montrent que le drapeau rouge \u2013 aussi bien sur les panneaux de bord de piste que sur les LED du volant de la Haas \u2013 n&rsquo;appara\u00eet qu&rsquo;apr\u00e8s que le pilote a franchi la ligne, ce qui aurait d\u00fb rendre son tour valable.\u00a0<\/p>\n<p>Cependant, la FIA a publi\u00e9 un communiqu\u00e9 officiel \u00e0 la fin des qualifications, affirmant que le pilote britannique aurait pass\u00e9 la ligne trois secondes apr\u00e8s l&rsquo;activation du drapeau rouge.\u00a0\u00ab\u00a0Concernant la situation d&rsquo;Oliver Bearman en Q1, le drapeau rouge a \u00e9t\u00e9 d\u00e9clench\u00e9 \u00e0 16:32:17.6. Bearman a franchi la ligne \u00e0 16:32:20.9 alors que le signal d&rsquo;arr\u00eat\/drapeau rouge \u00e9tait affich\u00e9 sur la grille de d\u00e9part\u00a0\u00bb, peut-on lire dans la d\u00e9claration de l&rsquo;instance.\u00a0<\/p>\n<p>   <img decoding=\"async\" draggable=\"false\" src=\"https:\/\/www.europesays.com\/fr\/wp-content\/uploads\/2025\/05\/1747573993_633_oliver-bearman-haas-f1-team.jpg\" alt=\"Oliver Bearman (Haas).\" width=\"1200\" height=\"800\" loading=\"lazy\"\/> <\/p>\n<p class=\"title\">Oliver Bearman (Haas).<\/p>\n<p class=\"photographer\">Photo de: Sam Bloxham \/ Motorsport Images via Getty Images<\/p>\n<p>En r\u00e9alit\u00e9, les feux rouges (signal d&rsquo;arr\u00eat) sur la grille de d\u00e9part ont \u00e9t\u00e9 activ\u00e9s juste apr\u00e8s que <a href=\"https:\/\/fr.motorsport.com\/driver\/lance-stroll\/96414\/\" target=\"_blank\" rel=\"noopener\">Lance Stroll<\/a> &#8211; qui se trouvait quelques secondes devant Bearman &#8211; a franchi la ligne, se sont bri\u00e8vement \u00e9teints, puis ont \u00e9t\u00e9 r\u00e9activ\u00e9s apr\u00e8s le passage du pilote Haas.\u00a0<\/p>\n<p>C&rsquo;est pourquoi, dans son communiqu\u00e9, la FIA a pr\u00e9cis\u00e9 que Bearman avait franchi la ligne alors que \u00ab\u00a0le signal d&rsquo;arr\u00eat\/drapeau rouge \u00e9tait affich\u00e9 sur la grille de d\u00e9part\u00a0\u00bb. M\u00eame s&rsquo;il n&rsquo;\u00e9tait pas actif \u00e0 l&rsquo;instant exact o\u00f9 Bearman a pris la ligne, les feux orange du feu de d\u00e9part avaient \u00e9t\u00e9 bri\u00e8vement allum\u00e9s quelques secondes auparavant, ce qui correspond aux temps fournis par la FIA.\u00a0<\/p>\n<p>N\u00e9anmoins, le message d&rsquo;activation du drapeau rouge de la direction de course a \u00e9t\u00e9 communiqu\u00e9 aux \u00e9quipes \u00e0 15:32:22, soit au moins une seconde apr\u00e8s que Bearman a franchi la ligne. Alors pourquoi la FIA a-t-elle tout de m\u00eame d\u00e9cid\u00e9 de ne pas valider son chrono ? Le\u00a0r\u00e8glement pr\u00e9voit, en r\u00e9alit\u00e9, que le d\u00e9ploiement du drapeau rouge doit \u00eatre accompagn\u00e9 de l&rsquo;activation des feux orange situ\u00e9s en haut des feux de d\u00e9part, qui, dans ce cas pr\u00e9cis, s&rsquo;ajoutent \u00e0 ceux de fin de s\u00e9ance situ\u00e9s en bas. Or, les feux oranges se sont bien \u00e9clair\u00e9s avant que Bearman ne passe la ligne, confirmant la pr\u00e9sence d&rsquo;un drapeau rouge.<\/p>\n<p>Haas demande des clarifications \u00e0 la FIA\u00a0<\/p>\n<p>Alors que les deux VF-25 occuperont les 18e et 19e positions sur la grille de d\u00e9part du Grand Prix d&rsquo;\u00c9milie-Romagne, Haas a pris la parole ce dimanche matin concernant l&rsquo;incident de la veille, expliquant avoir demand\u00e9 des clarifications \u00e0 la f\u00e9d\u00e9ration pour \u00ab\u00a0proc\u00e9der \u00e0 une analyse plus approfondie\u00a0\u00bb, apr\u00e8s s&rsquo;\u00eatre entretenue avec l&rsquo;instance dans la soir\u00e9e de samedi.<\/p>\n<p>\u00ab\u00a0Apr\u00e8s des discussions hier soir avec la FIA, nous avons ensuite demand\u00e9 des clarifications \u00e9crites suppl\u00e9mentaires concernant la prise de d\u00e9cision relative au dernier tour de Q1 d&rsquo;Ollie Bearman, afin de pouvoir proc\u00e9der \u00e0 une analyse plus approfondie. Nous avons \u00e9galement demand\u00e9 quelles mesures la FIA\/la direction de course pourraient mettre en place \u00e0 l&rsquo;avenir pour \u00e9viter que ce type de situation ne se reproduise, dans l&rsquo;int\u00e9r\u00eat de la F1. Une fois l&rsquo;examen termin\u00e9, nous serons mieux inform\u00e9s pour commenter.\u00a0\u00bb<\/p>\n<p>Lire aussi :<\/p>\n<p>Dans cet article<\/p>\n<p>    T\u00e9ha Courbon\n<\/p>\n<p>    Formule 1\n<\/p>\n<p>    Oliver Bearman\n<\/p>\n<p>    Haas\n<\/p>\n<p>Soyez le premier inform\u00e9 et souscrivez aux alertes mails pour recevoir les infos en temps r\u00e9el<\/p>\n<p>    S&rsquo;abonner aux alertes de news<\/p>\n","protected":false},"excerpt":{"rendered":"La s\u00e9ance de qualifications du Grand Prix d&rsquo;\u00c9milie-Romagne a \u00e9t\u00e9 boulevers\u00e9e par plusieurs rebondissements et incidents. Les deux&hellip;\n","protected":false},"author":2,"featured_media":109395,"comment_status":"","ping_status":"","sticky":false,"template":"","format":"standard","meta":{"footnotes":""},"categories":[1412],"tags":[1451,1452,1453,1454,1455,1011,27,18197,4443,9935,2242,60],"class_list":{"0":"post-109394","1":"post","2":"type-post","3":"status-publish","4":"format-standard","5":"has-post-thumbnail","7":"category-f1","8":"tag-f1","9":"tag-formula-1","10":"tag-formula1","11":"tag-formule-1","12":"tag-formule1","13":"tag-fr","14":"tag-france","15":"tag-gp-du00c9milie-romagne","16":"tag-haas","17":"tag-imola","18":"tag-oliver-bearman","19":"tag-sports"},"share_on_mastodon":{"url":"https:\/\/pubeurope.com\/@fr\/114529017685673209","error":""},"_links":{"self":[{"href":"https:\/\/www.europesays.com\/fr\/wp-json\/wp\/v2\/posts\/109394","targetHints":{"allow":["GET"]}}],"collection":[{"href":"https:\/\/www.europesays.com\/fr\/wp-json\/wp\/v2\/posts"}],"about":[{"href":"https:\/\/www.europesays.com\/fr\/wp-json\/wp\/v2\/types\/post"}],"author":[{"embeddable":true,"href":"https:\/\/www.europesays.com\/fr\/wp-json\/wp\/v2\/users\/2"}],"replies":[{"embeddable":true,"href":"https:\/\/www.europesays.com\/fr\/wp-json\/wp\/v2\/comments?post=109394"}],"version-history":[{"count":0,"href":"https:\/\/www.europesays.com\/fr\/wp-json\/wp\/v2\/posts\/109394\/revisions"}],"wp:featuredmedia":[{"embeddable":true,"href":"https:\/\/www.europesays.com\/fr\/wp-json\/wp\/v2\/media\/109395"}],"wp:attachment":[{"href":"https:\/\/www.europesays.com\/fr\/wp-json\/wp\/v2\/media?parent=109394"}],"wp:term":[{"taxonomy":"category","embeddable":true,"href":"https:\/\/www.europesays.com\/fr\/wp-json\/wp\/v2\/categories?post=109394"},{"taxonomy":"post_tag","embeddable":true,"href":"https:\/\/www.europesays.com\/fr\/wp-json\/wp\/v2\/tags?post=109394"}],"curies":[{"name":"wp","href":"https:\/\/api.w.org\/{rel}","templated":true}]}}