{"id":109404,"date":"2025-05-18T13:18:10","date_gmt":"2025-05-18T13:18:10","guid":{"rendered":"https:\/\/www.europesays.com\/fr\/109404\/"},"modified":"2025-05-18T13:18:10","modified_gmt":"2025-05-18T13:18:10","slug":"librairie-vauban-marseille-livres-ateliers-pour-enfants-et-service-independant","status":"publish","type":"post","link":"https:\/\/www.europesays.com\/fr\/109404\/","title":{"rendered":"Librairie Vauban Marseille : livres, ateliers pour enfants et service ind\u00e9pendant"},"content":{"rendered":"<p>Je viens de tomber sur une v\u00e9ritable p\u00e9pite au c\u0153ur du 6e arrondissement ! La <strong>librairie ind\u00e9pendante Vauban<\/strong> a ouvert ses portes en mars 2021 au 55 boulevard Vauban. Cette enseigne, fond\u00e9e par Lesia Mariani, native du quartier, propose une s\u00e9lection impressionnante d\u2019ouvrages allant de la litt\u00e9rature classique aux livres jeunesse qui font r\u00eaver les plus petits. Tu peux y fl\u00e2ner du mardi au samedi de 10h \u00e0 19h, et m\u00eame le dimanche matin de 10h \u00e0 13h pour une petite dose de lecture avant l\u2019ap\u00e9ro dominical !<\/p>\n<p>Une librairie ind\u00e9pendante au c\u0153ur du quartier Vauban<br \/>\nL\u2019offre litt\u00e9raire diversifi\u00e9e<\/p>\n<p>En poussant la porte de cette <strong>librairie marseillaise pleine de caract\u00e8re<\/strong>, tu plonges dans un univers o\u00f9 chaque rayon raconte une histoire. Les passionn\u00e9s de litt\u00e9rature fran\u00e7aise et \u00e9trang\u00e8re y trouvent leur bonheur, tandis que les amateurs de frissons se r\u00e9galent dans l\u2019espace d\u00e9di\u00e9 aux polars. Le rayon jeunesse, particuli\u00e8rement fourni, c\u00f4toie une belle collection de BD et mangas qui attirent les lecteurs de tous \u00e2ges. J\u2019appr\u00e9cie particuli\u00e8rement <a href=\"https:\/\/www.newsofmarseille.com\/anata-bazar-votre-concept-store-mode-deco-objets-bien-etre-marseille-0074122024.html\" rel=\"nofollow noopener\" target=\"_blank\">cette approche commerciale locale et ind\u00e9pendante<\/a> qui favorise la proximit\u00e9 avec les clients.<\/p>\n<p>La librairie propose \u00e9galement :<\/p>\n<ul>\n<li>Des ouvrages en sciences humaines pour nourrir ta r\u00e9flexion<\/li>\n<li>Une section d\u00e9di\u00e9e \u00e0 Marseille et sa r\u00e9gion pour les amoureux du local<\/li>\n<li>Des livres en grands caract\u00e8res pour les personnes malvoyantes<\/li>\n<\/ul>\n<p>Un lieu de vie et d\u2019\u00e9changes<\/p>\n<p>L\u2019ambiance chaleureuse de la <strong>librairie Vauban captive d\u00e8s le premier regard<\/strong>. Les murs blancs rehauss\u00e9s de touches bleues et le mobilier en bois brut cr\u00e9ent un espace lumineux o\u00f9 il fait bon s\u2019attarder. Les fauteuils confortables invitent \u00e0 feuilleter un bouquin fra\u00eechement d\u00e9couvert. Lesia a imagin\u00e9 ce lieu comme un v\u00e9ritable point de rencontre pour tous les habitants du quartier qui manquait cruellement d\u2019un commerce culturel de ce type.<\/p>\n<p><img loading=\"lazy\" width=\"1344\" height=\"896\" decoding=\"async\" src=\"data:image\/svg+xml,%3Csvg%20xmlns=\" http:=\"\" alt=\"Canap\u00e9 blanc avec coussins bleus devant des \u00e9tag\u00e8res de livres\" data-lazy-src=\"https:\/\/www.europesays.com\/fr\/wp-content\/uploads\/2025\/05\/coin_lecture_confortable_et_lumineux_6998.jpg\"\/><\/p>\n<p>Des ateliers et animations pour toute la famille<br \/>\nActivit\u00e9s pour les enfants<\/p>\n<p>Les mercredis et samedis matins d\u00e8s 9h30, la librairie s\u2019anime avec des <strong>ateliers lecture destin\u00e9s aux jeunes lecteurs<\/strong>. J\u2019ai pu observer l\u2019enthousiasme des enfants lors de ces moments de partage autour des livres ! Les dimanches matin, l\u2019ambiance devient musicale avec des ateliers comptines accompagn\u00e9s \u00e0 la guitare ou au ukul\u00e9l\u00e9. Ces activit\u00e9s refl\u00e8tent la vision de Lesia, elle-m\u00eame m\u00e8re de famille dont les enfants fr\u00e9quentent les \u00e9coles du quartier.<\/p>\n<ol>\n<li>Ateliers lecture (mercredis et samedis, 9h30-10h)<\/li>\n<li>Ateliers comptines musicales (dimanches, 9h30-10h)<\/li>\n<li>Cours d\u2019anglais ludiques en partenariat avec English on Mars<\/li>\n<\/ol>\n<p>\u00c9v\u00e9nements culturels pour tous<\/p>\n<p>Les adultes ne sont pas en reste ! La <strong>programmation culturelle de la librairie Vauban<\/strong> comprend des s\u00e9ances de d\u00e9dicaces avec des \u00e9crivains locaux comme J.K Gras et Jean Contrucci. Les passionn\u00e9s de lecture peuvent rejoindre le club pour \u00e9changer sur leurs derni\u00e8res d\u00e9couvertes litt\u00e9raires, tandis que les cr\u00e9atifs s\u2019expriment lors des ateliers d\u2019\u00e9criture. L\u2019espace d\u2019exposition accueille r\u00e9guli\u00e8rement des \u0153uvres qui viennent enrichir l\u2019exp\u00e9rience des visiteurs.<\/p>\n<ul>\n<li>Rencontres litt\u00e9raires et d\u00e9dicaces avec des auteurs marseillais<\/li>\n<li>Club de lecture pour partager ses coups de c\u0153ur<\/li>\n<li>Ateliers d\u2019\u00e9criture pour adultes et adolescents<\/li>\n<\/ul>\n<p><img loading=\"lazy\" decoding=\"async\" width=\"150\" height=\"150\" src=\"data:image\/svg+xml,%3Csvg%20xmlns=\" http:=\"\" class=\"attachment-150x150 size-150x150\" alt=\"\" itemprop=\"image\" data-lazy- data-lazy- data-lazy-src=\"https:\/\/www.europesays.com\/fr\/wp-content\/uploads\/2025\/04\/img2-150x150.png\"\/><\/p>\n<p>Je suis Adrien, r\u00e9dacteur virtuel depuis quelques ann\u00e9es. J&rsquo;aime pouvoir partager avec vous les tendances Lifestyle sur le blog News Of Marseille. J&rsquo;esp\u00e8re que vous prendrez plaisir \u00e0 lire mes articles !<\/p>\n<p>Partagez l&rsquo;article ou suivez nous !<\/p>\n<p>\n\tNos images sont \u00e0 but illustratif et peuvent ne pas repr\u00e9senter la r\u00e9alit\u00e9<\/p>\n","protected":false},"excerpt":{"rendered":"Je viens de tomber sur une v\u00e9ritable p\u00e9pite au c\u0153ur du 6e arrondissement ! La librairie ind\u00e9pendante Vauban&hellip;\n","protected":false},"author":2,"featured_media":109405,"comment_status":"","ping_status":"","sticky":false,"template":"","format":"standard","meta":{"footnotes":""},"categories":[1357],"tags":[1379,58,59,1011,27,14785,22756,22757,1380],"class_list":{"0":"post-109404","1":"post","2":"type-post","3":"status-publish","4":"format-standard","5":"has-post-thumbnail","7":"category-livres","8":"tag-books","9":"tag-divertissement","10":"tag-entertainment","11":"tag-fr","12":"tag-france","13":"tag-librairie-independante","14":"tag-litterature-diverse","15":"tag-litterature-diversifiee","16":"tag-livres"},"share_on_mastodon":{"url":"https:\/\/pubeurope.com\/@fr\/114529036623316519","error":""},"_links":{"self":[{"href":"https:\/\/www.europesays.com\/fr\/wp-json\/wp\/v2\/posts\/109404","targetHints":{"allow":["GET"]}}],"collection":[{"href":"https:\/\/www.europesays.com\/fr\/wp-json\/wp\/v2\/posts"}],"about":[{"href":"https:\/\/www.europesays.com\/fr\/wp-json\/wp\/v2\/types\/post"}],"author":[{"embeddable":true,"href":"https:\/\/www.europesays.com\/fr\/wp-json\/wp\/v2\/users\/2"}],"replies":[{"embeddable":true,"href":"https:\/\/www.europesays.com\/fr\/wp-json\/wp\/v2\/comments?post=109404"}],"version-history":[{"count":0,"href":"https:\/\/www.europesays.com\/fr\/wp-json\/wp\/v2\/posts\/109404\/revisions"}],"wp:featuredmedia":[{"embeddable":true,"href":"https:\/\/www.europesays.com\/fr\/wp-json\/wp\/v2\/media\/109405"}],"wp:attachment":[{"href":"https:\/\/www.europesays.com\/fr\/wp-json\/wp\/v2\/media?parent=109404"}],"wp:term":[{"taxonomy":"category","embeddable":true,"href":"https:\/\/www.europesays.com\/fr\/wp-json\/wp\/v2\/categories?post=109404"},{"taxonomy":"post_tag","embeddable":true,"href":"https:\/\/www.europesays.com\/fr\/wp-json\/wp\/v2\/tags?post=109404"}],"curies":[{"name":"wp","href":"https:\/\/api.w.org\/{rel}","templated":true}]}}