{"id":109406,"date":"2025-05-18T13:19:16","date_gmt":"2025-05-18T13:19:16","guid":{"rendered":"https:\/\/www.europesays.com\/fr\/109406\/"},"modified":"2025-05-18T13:19:16","modified_gmt":"2025-05-18T13:19:16","slug":"elsa-gayat-familles-nombreuses-annonce-que-son-mari-salah-est-dans-un-mauvais-etat-apres-un-grave-accident","status":"publish","type":"post","link":"https:\/\/www.europesays.com\/fr\/109406\/","title":{"rendered":"Elsa Gayat (Familles nombreuses) annonce que son mari Salah est \u00ab\u00a0dans un mauvais \u00e9tat\u00a0\u00bb apr\u00e8s un grave accident"},"content":{"rendered":"<p class=\"articleContent-meta\">\n        Aujourd&rsquo;hui \u00e0 11:23 &#8211; par             Jessica Gajderowicz<\/p>\n<p>                    Tweeter<\/p>\n<p>                    Partager sur Facebook<\/p>\n<p>                        <img decoding=\"async\" src=\"https:\/\/www.europesays.com\/fr\/wp-content\/uploads\/2025\/05\/tpmp-la-famille-gayat-parle-de-sa-situation-financiere-et-pointe-les-frais-qui-augmentent.jpg\" alt=\"Player Video\" class=\"player-applyRatio poster exclude-seedtag\"\/><\/p>\n<p>Ce samedi 17 mai, Elsa Gayat a pris la parole afin de donner des nouvelles de son mari. En effet, Salah a \u00e9t\u00e9 victime d\u2019un accident de quad et a eu de graves blessures. La candidate de Familles nombreuses : la vie en XXL a tout expliqu\u00e9 sur Snapchat.<\/p>\n<p>Que de changements chez les Gayat ! Quelques semaines apr\u00e8s<a href=\"https:\/\/www.programme.tv\/news\/actu\/234453-ca-fait-enterrement-non-elsa-gayat-familles-nombreuses-devoile-les-photos-de-son-mariage-un-detail-interpelle\/\" rel=\"nofollow noopener\" target=\"_blank\"> son mariage avec Salah, <\/a>Elsa Gayat a appris qu\u2019elle allait <a href=\"https:\/\/www.programme.tv\/news\/actu\/262159-vraiment-trop-dur-de-choisir-olivia-gayat-familles-nombreuses-choisit-lune-de-ses-soeurs-pour-etre-la-future-marraine-de-son-bebe\/\" rel=\"nofollow noopener\" target=\"_blank\">devenir la marraine du deuxi\u00e8me enfant d\u2019Olivia Gayat <\/a>qui sera un petit gar\u00e7on. En attendant que le bout de chou pointe le bout de son nez, la jeune femme s\u2019est envol\u00e9e vers le Maroc avec son ch\u00e9ri. Mais le s\u00e9jour a tourn\u00e9 au vinaigre. D\u2019ailleurs, elle avait pr\u00e9venu sa communaut\u00e9 qu<a href=\"https:\/\/www.programme.tv\/news\/actu\/262458-je-vais-devoir-me-mettre-sur-pause-elsa-gayat-familles-nombreuses-annonce-de-gros-soucis-personnels-et-se-retire-des-reseaux-sociaux\/\" rel=\"nofollow noopener\" target=\"_blank\">\u2019elle serait absente des r\u00e9seaux sociaux \u00e0 cause de probl\u00e8mes personnels. <\/a><\/p>\n<p>Le mari d\u2019Elsa Gayat (Familles nombreuses) gravement bless\u00e9 apr\u00e8s un accident<\/p>\n<p>Ce samedi 17 mai, Elsa Gayat est sortie du silence afin d\u2019expliquer ce qu\u2019il s\u2019\u00e9tait pass\u00e9. \u00ab\u00a0Pendant le Maroc, <b>Salah a fait un accident avec le quad et il \u00e9tait dans un mauvais \u00e9tat<\/b>\u00ab\u00a0, a-t-elle indiqu\u00e9 dans un premier temps. Avant d\u2019expliquer ce dont son mari souffrait : \u00ab\u00a0\u00c7a fait maintenant deux jours que je n\u2019ai presque pas dormi, je me suis tellement inqui\u00e9t\u00e9e, il s\u2019est fractur\u00e9 la clavicule et le coude\u2026 il avait tellement mal c\u2019est la premi\u00e8re fois que je le voyais dans un \u00e9tat comme celui-l\u00e0\u00a0\u00bb. Elle a ensuite partag\u00e9 des photos sur Snapchat o\u00f9 l&rsquo;on d\u00e9couvre d&rsquo;importantes blessures dans le dos de son \u00e9poux.<\/p>\n<p>                                     Elsa Gayat (Familles nombreuses) donne des nouvelles de l\u2019\u00e9tat de Salah apr\u00e8s son accident<\/p>\n<p>La fille d\u2019Olivier et Soukdavone a expliqu\u00e9 qu\u2019ils avaient pr\u00e9f\u00e9r\u00e9 rentrer en France et voir ce que Salah avait une fois en France \u00e9tant donn\u00e9 que l\u2019accident a eu lieu le dernier jour de leur s\u00e9jour. \u00ab\u00a0Nous sommes all\u00e9s \u00e0 l\u2019h\u00f4pital du Maroc,<b> ils nous ont dit qu\u2019il faut faire une op\u00e9ration d\u2019urgence<\/b> mais Salah a pr\u00e9f\u00e9r\u00e9 rentrer en France refaire des analyses et se faire op\u00e9rer si besoin\u00a0\u00bb. De retour en France, les m\u00e9decins lui ont dit qu\u2019une intervention n\u2019\u00e9tait pas n\u00e9cessaire et ont mis une attelle \u00e0 Salah. Depuis, le jeune homme n\u2019a que tr\u00e8s peu dormi \u00e0 cause des douleurs. Elsa Gayat a pr\u00e9cis\u00e9 qu\u2019ils devaient lui changer les pansements tous les jours et qu\u2019il retournerait faire des analyses dans six semaines avant de faire des s\u00e9ances avec le kin\u00e9. Une grosse frayeur qui a marqu\u00e9 leur voyage !<\/p>\n<p>Article \u00e9crit en collaboration avec 6Medias.<\/p>\n<p>Rejoignez-nous sur Google News !<\/p>\n<p class=\"articleContent-pushTagline\">Abonnez-vous \u00e0 <a href=\"https:\/\/news.google.com\/publications\/CAAiEJwr-IZFXDFoZD1ePbkC_VcqFAgKIhCcK_iGRVwxaGQ9Xj25Av1X\" target=\"_blank\" rel=\"noopener\">T\u00e9l\u00e9 2 semaines sur Google News<\/a> pour ne manquer aucune info !<\/p>\n","protected":false},"excerpt":{"rendered":"Aujourd&rsquo;hui \u00e0 11:23 &#8211; par Jessica Gajderowicz Tweeter Partager sur Facebook Ce samedi 17 mai, Elsa Gayat a&hellip;\n","protected":false},"author":2,"featured_media":109407,"comment_status":"","ping_status":"","sticky":false,"template":"","format":"standard","meta":{"footnotes":""},"categories":[1356],"tags":[119,58,59,17752,1011,27,252,3604,1364],"class_list":{"0":"post-109406","1":"post","2":"type-post","3":"status-publish","4":"format-standard","5":"has-post-thumbnail","7":"category-television","8":"tag-accident","9":"tag-divertissement","10":"tag-entertainment","11":"tag-famille-gayat","12":"tag-fr","13":"tag-france","14":"tag-television","15":"tag-tu00e9lu00e9-ru00e9alitu00e9","16":"tag-tv"},"share_on_mastodon":{"url":"https:\/\/pubeurope.com\/@fr\/114529040122890855","error":""},"_links":{"self":[{"href":"https:\/\/www.europesays.com\/fr\/wp-json\/wp\/v2\/posts\/109406","targetHints":{"allow":["GET"]}}],"collection":[{"href":"https:\/\/www.europesays.com\/fr\/wp-json\/wp\/v2\/posts"}],"about":[{"href":"https:\/\/www.europesays.com\/fr\/wp-json\/wp\/v2\/types\/post"}],"author":[{"embeddable":true,"href":"https:\/\/www.europesays.com\/fr\/wp-json\/wp\/v2\/users\/2"}],"replies":[{"embeddable":true,"href":"https:\/\/www.europesays.com\/fr\/wp-json\/wp\/v2\/comments?post=109406"}],"version-history":[{"count":0,"href":"https:\/\/www.europesays.com\/fr\/wp-json\/wp\/v2\/posts\/109406\/revisions"}],"wp:featuredmedia":[{"embeddable":true,"href":"https:\/\/www.europesays.com\/fr\/wp-json\/wp\/v2\/media\/109407"}],"wp:attachment":[{"href":"https:\/\/www.europesays.com\/fr\/wp-json\/wp\/v2\/media?parent=109406"}],"wp:term":[{"taxonomy":"category","embeddable":true,"href":"https:\/\/www.europesays.com\/fr\/wp-json\/wp\/v2\/categories?post=109406"},{"taxonomy":"post_tag","embeddable":true,"href":"https:\/\/www.europesays.com\/fr\/wp-json\/wp\/v2\/tags?post=109406"}],"curies":[{"name":"wp","href":"https:\/\/api.w.org\/{rel}","templated":true}]}}