{"id":109418,"date":"2025-05-18T13:25:12","date_gmt":"2025-05-18T13:25:12","guid":{"rendered":"https:\/\/www.europesays.com\/fr\/109418\/"},"modified":"2025-05-18T13:25:12","modified_gmt":"2025-05-18T13:25:12","slug":"portee-de-41-kilometres-camera-100-megapixels-nous-avons-teste-le-nouveau-drone-aux-superpouvoirs","status":"publish","type":"post","link":"https:\/\/www.europesays.com\/fr\/109418\/","title":{"rendered":"Port\u00e9e de 41 kilom\u00e8tres, cam\u00e9ra 100 m\u00e9gapixels&#8230; Nous avons test\u00e9 le nouveau drone aux superpouvoirs"},"content":{"rendered":"<p><strong>TEST<\/strong> &#8211; Le DJI Mavic 4 Pro n\u2019a qu\u2019une seule limite\u00a0: la r\u00e9glementation fran\u00e7aise. Nous l\u2019avons pass\u00e9 au crible.<\/p>\n<p class=\"fig-paragraph\">Nous survolons les derni\u00e8res neiges de l\u2019ann\u00e9e, rescap\u00e9es des assauts du soleil sur les versants ombrag\u00e9s des Alpes du Nord. Pour b\u00e9n\u00e9ficier d\u2019une couverture blanche compl\u00e8te, il faut nous aventurer plus haut. Nous montons alors rapidement au travers des bancs de nuages passant au-dessus de nos t\u00eates\u00a0: 100\u00a0m, 200\u00a0m\u2026 1\u00a0000\u00a0m\u00a0! En quelques secondes, nous avons bondi de 1 km vers le haut (virtuellement, l\u00e9gislation oblige), pour atteindre la hauteur de 3\u00a0000\u00a0m.<\/p>\n<p class=\"fig-paragraph\">Les sommets enneig\u00e9s se d\u00e9voilent enfin, sous les nuages, \u00e0 la faveur de fugaces \u00e9claircies. En exploitant les trois objectifs \u00e0 notre disposition, nous r\u00e9alisons de spectaculaires zooms pour examiner, et immortaliser en vid\u00e9o, un lac, un chemin, un pic autrefois inaccessible ou encore un couple de chamois d\u00e9valant la pente \u00e0 toute vitesse. Plus loin, les reliefs suisses se pr\u00e9cisent et l\u2019on se sent envahi d\u2019un sentiment de libert\u00e9, affranchi des contraintes de fronti\u00e8re ou de gravit\u00e9.<\/p>\n<p class=\"fig-paragraph\">Mais il commence \u00e0 neiger, il est temps\u2026<\/p>\n<p class=\"fig-premium-paywall__infos\">\n        Cet article est r\u00e9serv\u00e9 aux abonn\u00e9s.        Il vous reste 87% \u00e0 d\u00e9couvrir.\n    <\/p>\n<p>                <img  data- alt=\"Le Figaro\" class=\"fig-img--complete fig-img\"\/><\/p>\n<p class=\"fig-premium-paywall__title\">Vente Flash<\/p>\n<p class=\"fig-premium-paywall__subtitle\">4,99\u20ac par mois pendant 12 mois. Sans engagement.<\/p>\n<p class=\"fig-premium-paywall__connect\">\n                D\u00e9j\u00e0 abonn\u00e9\u00a0?                <a class=\"fig-premium-paywall__connect-link\" href=\"https:\/\/connect.lefigaro.fr\/login?client=horizon_web&amp;type=main&amp;redirect_uri=https%3A%2F%2Fwww.lefigaro.fr%2Fculture%2Fportee-de-41-kilometres-camera-100-megapixels-nous-avons-teste-le-nouveau-drone-aux-superpouvoirs-20250518\" data-js-gtm=\"{&quot;customCategorie&quot;: &quot;conversion&quot;, &quot;customAction&quot;: &quot;before_Landing_Connexion_paywall_auto&quot;, &quot;customLabel&quot;: &quot;bGVmaWdhcm8uZnJfXzFmMDJjZTM1LWIwNjctNjIwYy1iMjI4LWFiNjU0Y2IwODlkNl9fQXJ0aWNsZQ==_Port\u00e9e de 41 kilom\u00e8tres, cam\u00e9ra 100 m\u00e9gapixels... Nous avons test\u00e9 le nouveau drone aux superpouvoirs_38&quot;, &quot;customIDSPE&quot;: &quot;bGVmaWdhcm8uZnJfXzFmMDJjZTM1LWIwNjctNjIwYy1iMjI4LWFiNjU0Y2IwODlkNl9fQXJ0aWNsZQ==&quot;, &quot;event&quot;: &quot;customEventSPE&quot;}\" target=\"_blank\" rel=\"noopener\"><br \/>\n                    Connectez-vous<br \/>\n                <\/a>\n            <\/p>\n","protected":false},"excerpt":{"rendered":"TEST &#8211; Le DJI Mavic 4 Pro n\u2019a qu\u2019une seule limite\u00a0: la r\u00e9glementation fran\u00e7aise. Nous l\u2019avons pass\u00e9 au&hellip;\n","protected":false},"author":2,"featured_media":109419,"comment_status":"","ping_status":"","sticky":false,"template":"","format":"standard","meta":{"footnotes":""},"categories":[7],"tags":[47,7675,1350,1348,1345,650,251,564,1349,1346,1011,27,1351,873,962,43,40,41,39,42,44,252,1347,1352,1175],"class_list":{"0":"post-109418","1":"post","2":"type-post","3":"status-publish","4":"format-standard","5":"has-post-thumbnail","7":"category-sciences-et-technologies","8":"tag-actualite","9":"tag-aerien","10":"tag-architecture","11":"tag-arts","12":"tag-cine","13":"tag-cinema","14":"tag-culture","15":"tag-drone","16":"tag-expositions","17":"tag-films","18":"tag-fr","19":"tag-france","20":"tag-litterature","21":"tag-musique","22":"tag-nouvelles-technologies","23":"tag-science","24":"tag-science-and-technology","25":"tag-sciences","26":"tag-sciences-et-technologies","27":"tag-technologies","28":"tag-technology","29":"tag-television","30":"tag-theatre","31":"tag-urbanisme","32":"tag-vol"},"share_on_mastodon":{"url":"https:\/\/pubeurope.com\/@fr\/114529063702270408","error":""},"_links":{"self":[{"href":"https:\/\/www.europesays.com\/fr\/wp-json\/wp\/v2\/posts\/109418","targetHints":{"allow":["GET"]}}],"collection":[{"href":"https:\/\/www.europesays.com\/fr\/wp-json\/wp\/v2\/posts"}],"about":[{"href":"https:\/\/www.europesays.com\/fr\/wp-json\/wp\/v2\/types\/post"}],"author":[{"embeddable":true,"href":"https:\/\/www.europesays.com\/fr\/wp-json\/wp\/v2\/users\/2"}],"replies":[{"embeddable":true,"href":"https:\/\/www.europesays.com\/fr\/wp-json\/wp\/v2\/comments?post=109418"}],"version-history":[{"count":0,"href":"https:\/\/www.europesays.com\/fr\/wp-json\/wp\/v2\/posts\/109418\/revisions"}],"wp:featuredmedia":[{"embeddable":true,"href":"https:\/\/www.europesays.com\/fr\/wp-json\/wp\/v2\/media\/109419"}],"wp:attachment":[{"href":"https:\/\/www.europesays.com\/fr\/wp-json\/wp\/v2\/media?parent=109418"}],"wp:term":[{"taxonomy":"category","embeddable":true,"href":"https:\/\/www.europesays.com\/fr\/wp-json\/wp\/v2\/categories?post=109418"},{"taxonomy":"post_tag","embeddable":true,"href":"https:\/\/www.europesays.com\/fr\/wp-json\/wp\/v2\/tags?post=109418"}],"curies":[{"name":"wp","href":"https:\/\/api.w.org\/{rel}","templated":true}]}}