{"id":1094194,"date":"2026-07-29T04:44:14","date_gmt":"2026-07-29T04:44:14","guid":{"rendered":"https:\/\/www.europesays.com\/fr\/1094194\/"},"modified":"2026-07-29T04:44:14","modified_gmt":"2026-07-29T04:44:14","slug":"lyon-apres-deux-mois-de-fermeture-cet-atelier-de-bricolage-de-la-guillotiere-reprend-du-service","status":"publish","type":"post","link":"https:\/\/www.europesays.com\/fr\/1094194\/","title":{"rendered":"Lyon. Apr\u00e8s deux mois de fermeture, cet atelier de bricolage de la Guilloti\u00e8re reprend du service"},"content":{"rendered":"<p>Apr\u00e8s avoir \u00e9t\u00e9 lui-m\u00eame bricol\u00e9, le Bricole Social Club a rouvert ses portes au mois de juin dans le quartier de la Guilloti\u00e8re, rue Montesquieu (7e). \u00c0 la demande de l\u2019immeuble, des r\u00e9novations avaient d\u00fb \u00eatre effectu\u00e9es, poussant cet atelier de bricolage associatif et participatif \u00e0 fermer pendant deux mois.<\/p>\n<p>Aujourd\u2019hui, avec une isolation phonique et un placo coupe-feu flambant neufs, le lieu imagin\u00e9 comme \u00ab\u00a0un \u00e9norme couteau suisse au service des habitants\u00a0\u00bb est de nouveau pr\u00eat \u00e0 accueillir tous ses (nouveaux) adh\u00e9rents. Des adh\u00e9rents qui peuvent bricoler sur place avec les outils et le mat\u00e9riel de l\u2019association,&#8230;<\/p>\n","protected":false},"excerpt":{"rendered":"Apr\u00e8s avoir \u00e9t\u00e9 lui-m\u00eame bricol\u00e9, le Bricole Social Club a rouvert ses portes au mois de juin dans&hellip;\n","protected":false},"author":2,"featured_media":1094195,"comment_status":"","ping_status":"","sticky":false,"template":"","format":"standard","meta":{"footnotes":"","_share_on_mastodon":"0"},"categories":[1889],"tags":[1111,11,2430,14386,2757,1777,674,1011,27,2428,5947,5946,15108,12,25,2429,104,1631],"class_list":["post-1094194","post","type-post","status-publish","format-standard","has-post-thumbnail","category-lyon","tag-actu","tag-actualites","tag-auvergne-rhone-alpes","tag-bricolage","tag-edition-lyon-villeurbanne","tag-eu","tag-europe","tag-fr","tag-france","tag-lyon","tag-lyon-7e","tag-lyon-7e-arrondissement","tag-magazine-lifestyle","tag-news","tag-republique-francaise","tag-rhone","tag-societe","tag-vie-associative"],"share_on_mastodon":{"url":"https:\/\/pubeurope.com\/@fr\/117001444912920063","error":""},"_links":{"self":[{"href":"https:\/\/www.europesays.com\/fr\/wp-json\/wp\/v2\/posts\/1094194","targetHints":{"allow":["GET"]}}],"collection":[{"href":"https:\/\/www.europesays.com\/fr\/wp-json\/wp\/v2\/posts"}],"about":[{"href":"https:\/\/www.europesays.com\/fr\/wp-json\/wp\/v2\/types\/post"}],"author":[{"embeddable":true,"href":"https:\/\/www.europesays.com\/fr\/wp-json\/wp\/v2\/users\/2"}],"replies":[{"embeddable":true,"href":"https:\/\/www.europesays.com\/fr\/wp-json\/wp\/v2\/comments?post=1094194"}],"version-history":[{"count":0,"href":"https:\/\/www.europesays.com\/fr\/wp-json\/wp\/v2\/posts\/1094194\/revisions"}],"wp:featuredmedia":[{"embeddable":true,"href":"https:\/\/www.europesays.com\/fr\/wp-json\/wp\/v2\/media\/1094195"}],"wp:attachment":[{"href":"https:\/\/www.europesays.com\/fr\/wp-json\/wp\/v2\/media?parent=1094194"}],"wp:term":[{"taxonomy":"category","embeddable":true,"href":"https:\/\/www.europesays.com\/fr\/wp-json\/wp\/v2\/categories?post=1094194"},{"taxonomy":"post_tag","embeddable":true,"href":"https:\/\/www.europesays.com\/fr\/wp-json\/wp\/v2\/tags?post=1094194"}],"curies":[{"name":"wp","href":"https:\/\/api.w.org\/{rel}","templated":true}]}}