{"id":10942,"date":"2025-04-08T19:08:12","date_gmt":"2025-04-08T19:08:12","guid":{"rendered":"https:\/\/www.europesays.com\/fr\/10942\/"},"modified":"2025-04-08T19:08:12","modified_gmt":"2025-04-08T19:08:12","slug":"deux-alpinistes-portugais-meurent-sur-les-pics-deurope-en-espagne-2","status":"publish","type":"post","link":"https:\/\/www.europesays.com\/fr\/10942\/","title":{"rendered":"Deux alpinistes portugais meurent sur les Pics d&rsquo;Europe, en Espagne"},"content":{"rendered":"<p><img decoding=\"async\" class=\"c-ad__placeholder__logo\" src=\"https:\/\/www.europesays.com\/fr\/wp-content\/uploads\/2025\/03\/logo-euronews-grey-6-180x22.svg.svg+xml\" width=\"180\" height=\"22\" alt=\"\" loading=\"lazy\"\/>PUBLICIT\u00c9<\/p>\n<p>Selon le journal El Pa\u00eds, <strong>deux alpinistes portugais sont d\u00e9c\u00e9d\u00e9s ce lundi apr\u00e8s avoir chut\u00e9 dans la r\u00e9gion d&rsquo;Espol\u00f3n de los Franceses, dans les Picos de Europa<\/strong>, dans le nord de l&rsquo;Espagne.<\/p>\n<p>L&rsquo;incident s&rsquo;est produit \u00e0 12h45 heure locale et la nationalit\u00e9 des victimes a \u00e9t\u00e9 confirm\u00e9e par des sources gouvernementales de la communaut\u00e9 espagnole de Cantabrie.<\/p>\n<p><img decoding=\"async\" src=\"https:\/\/www.europesays.com\/fr\/wp-content\/uploads\/2025\/03\/icon-cross-10x10-grey-6.svg.svg+xml\" width=\"10\" height=\"10\" alt=\"Close advertising\" fetchpriority=\"high\" loading=\"lazy\"\/><\/p>\n<p>Selon les informations fournies sur le r\u00e9seau social X par les services d&rsquo;urgence locaux, les sportifs se trouvaient \u00ab\u00a0dans une zone \u00e9lev\u00e9e lorsqu&rsquo;ils ont eu l&rsquo;accident\u00a0\u00bb. Leur d\u00e9c\u00e8s a \u00e9t\u00e9 constat\u00e9 sur place.<\/p>\n<p>El Pa\u00eds rapporte \u00e9galement que <strong>l&rsquo;incident a \u00e9t\u00e9 signal\u00e9 par un t\u00e9l\u00e9phone portable et une smartwatch, ainsi que par un t\u00e9moin qui a alert\u00e9 le 112 apr\u00e8s avoir assist\u00e9 \u00e0 la chute des deux alpinistes sur la Pe\u00f1a Vieja<\/strong>, la plus haute montagne de la cha\u00eene cantabrique.<\/p>\n<p>Les deux alpinistes se trouvaient dans une zone difficile d&rsquo;acc\u00e8s et de haute altitude, ce qui a compliqu\u00e9 les tentatives de sauvetage par les services d&rsquo;urgence locaux.<\/p>\n<p>Un h\u00e9licopt\u00e8re de recherche et de sauvetage des autorit\u00e9s locales et un avion de la Guardia Civil ont \u00e9t\u00e9 envoy\u00e9s sur les lieux.<\/p>\n","protected":false},"excerpt":{"rendered":"PUBLICIT\u00c9 Selon le journal El Pa\u00eds, deux alpinistes portugais sont d\u00e9c\u00e9d\u00e9s ce lundi apr\u00e8s avoir chut\u00e9 dans la&hellip;\n","protected":false},"author":2,"featured_media":10943,"comment_status":"","ping_status":"","sticky":false,"template":"","format":"standard","meta":{"footnotes":""},"categories":[1586],"tags":[11,4974,123,1777,674,1011,27,5324,12,25],"class_list":{"0":"post-10942","1":"post","2":"type-post","3":"status-publish","4":"format-standard","5":"has-post-thumbnail","7":"category-europe","8":"tag-actualites","9":"tag-alpinisme","10":"tag-espagne","11":"tag-eu","12":"tag-europe","13":"tag-fr","14":"tag-france","15":"tag-montagne","16":"tag-news","17":"tag-republique-francaise"},"share_on_mastodon":{"url":"https:\/\/pubeurope.com\/@fr\/114303919945675772","error":""},"_links":{"self":[{"href":"https:\/\/www.europesays.com\/fr\/wp-json\/wp\/v2\/posts\/10942","targetHints":{"allow":["GET"]}}],"collection":[{"href":"https:\/\/www.europesays.com\/fr\/wp-json\/wp\/v2\/posts"}],"about":[{"href":"https:\/\/www.europesays.com\/fr\/wp-json\/wp\/v2\/types\/post"}],"author":[{"embeddable":true,"href":"https:\/\/www.europesays.com\/fr\/wp-json\/wp\/v2\/users\/2"}],"replies":[{"embeddable":true,"href":"https:\/\/www.europesays.com\/fr\/wp-json\/wp\/v2\/comments?post=10942"}],"version-history":[{"count":0,"href":"https:\/\/www.europesays.com\/fr\/wp-json\/wp\/v2\/posts\/10942\/revisions"}],"wp:featuredmedia":[{"embeddable":true,"href":"https:\/\/www.europesays.com\/fr\/wp-json\/wp\/v2\/media\/10943"}],"wp:attachment":[{"href":"https:\/\/www.europesays.com\/fr\/wp-json\/wp\/v2\/media?parent=10942"}],"wp:term":[{"taxonomy":"category","embeddable":true,"href":"https:\/\/www.europesays.com\/fr\/wp-json\/wp\/v2\/categories?post=10942"},{"taxonomy":"post_tag","embeddable":true,"href":"https:\/\/www.europesays.com\/fr\/wp-json\/wp\/v2\/tags?post=10942"}],"curies":[{"name":"wp","href":"https:\/\/api.w.org\/{rel}","templated":true}]}}