{"id":109422,"date":"2025-05-18T13:27:08","date_gmt":"2025-05-18T13:27:08","guid":{"rendered":"https:\/\/www.europesays.com\/fr\/109422\/"},"modified":"2025-05-18T13:27:08","modified_gmt":"2025-05-18T13:27:08","slug":"jd-vance-zelensky-felipe-vi-la-messe-inaugurale-du-pape-leon-xiv-en-images","status":"publish","type":"post","link":"https:\/\/www.europesays.com\/fr\/109422\/","title":{"rendered":"JD Vance, Zelensky, Felipe VI&#8230; La messe inaugurale du pape L\u00e9on XIV en images"},"content":{"rendered":"<p>Des dizaines de milliers de fid\u00e8les et plus de 150 d\u00e9l\u00e9gations \u00e9trang\u00e8res \u00e9taient pr\u00e9sents ce dimanche, \u00e0 Rome, place Saint-Pierre.<\/p>\n<p class=\"fig-paragraph\"><a href=\"http:\/\/www.lefigaro.fr\/actualite-france\/pour-l-intronisation-de-leon-xiv-une-foule-de-fideles-et-de-dirigeants-etrangers-a-rome-20250518\" target=\"_blank\" data-fig-type=\"NewsFlash\" rel=\"noopener nofollow\" data-gtm-custom-categorie=\"navigation\" data-gtm-custom-action=\"crossclick\" data-gtm-custom-label=\"Contextuel\" data-gtm-event=\"customEventSPE\" data-fig-domain=\"LEFIGARO\">La messe d\u2019inauguration du pontificat de L\u00e9on XIV<\/a>, devenu le 8 mai le premier pape am\u00e9ricain de l\u2019Histoire, a eu lieu dimanche 18 mai sur la place Saint-Pierre au Vatican, en pr\u00e9sence de dizaines de milliers de fid\u00e8les et de plus de 150 d\u00e9l\u00e9gations \u00e9trang\u00e8res. Au premier rang desquelles se trouvait\u00a0<a href=\"http:\/\/www.lefigaro.fr\/actualite-france\/critique-de-jd-vance-immigration-violences-sexuelles-leon-xiv-un-pape-extremement-connecte-sur-les-reseaux-sociaux-20250509\" target=\"_blank\" data-fig-type=\"NewsFlash\" rel=\"noopener nofollow\" data-gtm-custom-categorie=\"navigation\" data-gtm-custom-action=\"crossclick\" data-gtm-custom-label=\"Contextuel\" data-gtm-event=\"customEventSPE\" data-fig-domain=\"LEFIGARO\">JD Vance<\/a>, le vice-pr\u00e9sident am\u00e9ricain, accompagn\u00e9 de sa femme et du secr\u00e9taire d\u2019\u00c9tat am\u00e9ricain, Marco Rubio.<\/p>\n<p>\u00a0\u00bb<br \/>\n        data-script=\u00a0\u00bbhttps:\/\/static.lefigaro.fr\/widget-video\/short-ttl\/video\/index.js\u00a0\u00bb<br \/>\n    &gt;<\/p>\n<p class=\"fig-paragraph\">La pr\u00e9sidente p\u00e9ruvienne Dina Boluarte \u00e9tait \u00e9galement pr\u00e9sente, ainsi que Laura Matarella, fille de l\u2019actuel pr\u00e9sident de la R\u00e9publique italienne. Cette derni\u00e8re \u00e9tait coiff\u00e9e d\u2019une mantille &#8211; un voile de dentelle -, tout comme la reine d\u2019Espagne Letizia, aper\u00e7ue au bras de son mari le roi Felipe VI. Parmi les autres t\u00eates couronn\u00e9es pr\u00e9sentes sur la place Saint-Pierre se trouvait le couple royal belge, le roi Philippe et la reine Mathilde.<\/p>\n<p class=\"fig-paragraph\">\u00c0 l\u2019issue de la messe, nombreux sont les politiques europ\u00e9ens qui sont all\u00e9s \u00e0 la rencontre du pape, tels que la premi\u00e8re ministre italienne Giorgia Meloni, le chancelier allemand Friedrich Merz, ou encore la pr\u00e9sidente de la Commission europ\u00e9enne, Ursula von der Leyen. Le pr\u00e9sident ukrainien Volodymyr Zelensky, lui aussi, pr\u00e9sent sera\u00a0<a href=\"http:\/\/www.lefigaro.fr\/international\/apres-avoir-evoque-l-ukraine-martyrisee-le-pape-va-recevoir-le-president-zelensky-20250518\" data-fig-type=\"NewsFlash\" data-gtm-custom-categorie=\"navigation\" data-gtm-custom-action=\"crossclick\" data-gtm-custom-label=\"Contextuel\" data-gtm-event=\"customEventSPE\" data-fig-domain=\"LEFIGARO\" rel=\"nofollow noopener\" target=\"_blank\">re\u00e7u par le Pape dans la journ\u00e9e.<\/a><\/p>\n","protected":false},"excerpt":{"rendered":"Des dizaines de milliers de fid\u00e8les et plus de 150 d\u00e9l\u00e9gations \u00e9trang\u00e8res \u00e9taient pr\u00e9sents ce dimanche, \u00e0 Rome,&hellip;\n","protected":false},"author":2,"featured_media":109423,"comment_status":"","ping_status":"","sticky":false,"template":"","format":"standard","meta":{"footnotes":""},"categories":[5],"tags":[47,1058,1054,1059,1060,1055,11,1057,118,1011,27,1061,14,303,19741,12,1062,656,104,1056,4193,809,134,28],"class_list":{"0":"post-109422","1":"post","2":"type-post","3":"status-publish","4":"format-standard","5":"has-post-thumbnail","7":"category-international","8":"tag-actualite","9":"tag-actualite-education","10":"tag-actualite-france","11":"tag-actualite-justice","12":"tag-actualite-securite","13":"tag-actualite-societe","14":"tag-actualites","15":"tag-education","16":"tag-faits-divers","17":"tag-fr","18":"tag-france","19":"tag-immigration","20":"tag-international","21":"tag-justice","22":"tag-leon-xiv","23":"tag-news","24":"tag-polemique","25":"tag-securite","26":"tag-societe","27":"tag-societe-francaise","28":"tag-vatican","29":"tag-violence","30":"tag-volodymyr-zelensky","31":"tag-world"},"share_on_mastodon":{"url":"https:\/\/pubeurope.com\/@fr\/114529071501895299","error":""},"_links":{"self":[{"href":"https:\/\/www.europesays.com\/fr\/wp-json\/wp\/v2\/posts\/109422","targetHints":{"allow":["GET"]}}],"collection":[{"href":"https:\/\/www.europesays.com\/fr\/wp-json\/wp\/v2\/posts"}],"about":[{"href":"https:\/\/www.europesays.com\/fr\/wp-json\/wp\/v2\/types\/post"}],"author":[{"embeddable":true,"href":"https:\/\/www.europesays.com\/fr\/wp-json\/wp\/v2\/users\/2"}],"replies":[{"embeddable":true,"href":"https:\/\/www.europesays.com\/fr\/wp-json\/wp\/v2\/comments?post=109422"}],"version-history":[{"count":0,"href":"https:\/\/www.europesays.com\/fr\/wp-json\/wp\/v2\/posts\/109422\/revisions"}],"wp:featuredmedia":[{"embeddable":true,"href":"https:\/\/www.europesays.com\/fr\/wp-json\/wp\/v2\/media\/109423"}],"wp:attachment":[{"href":"https:\/\/www.europesays.com\/fr\/wp-json\/wp\/v2\/media?parent=109422"}],"wp:term":[{"taxonomy":"category","embeddable":true,"href":"https:\/\/www.europesays.com\/fr\/wp-json\/wp\/v2\/categories?post=109422"},{"taxonomy":"post_tag","embeddable":true,"href":"https:\/\/www.europesays.com\/fr\/wp-json\/wp\/v2\/tags?post=109422"}],"curies":[{"name":"wp","href":"https:\/\/api.w.org\/{rel}","templated":true}]}}