{"id":109430,"date":"2025-05-18T13:32:10","date_gmt":"2025-05-18T13:32:10","guid":{"rendered":"https:\/\/www.europesays.com\/fr\/109430\/"},"modified":"2025-05-18T13:32:10","modified_gmt":"2025-05-18T13:32:10","slug":"nancy-il-chute-sur-la-piste-de-skate-les-pompiers-interviennent-avec-une-echelle","status":"publish","type":"post","link":"https:\/\/www.europesays.com\/fr\/109430\/","title":{"rendered":"Nancy. Il chute sur la piste de skate, les pompiers interviennent avec une \u00e9chelle"},"content":{"rendered":"<p>Alentour de 15\u00a0h\u00a045, ce samedi apr\u00e8s-midi, une intervention spectaculaire s\u2019est produite \u00e0 la piste de skate des rives de Meurthe, \u00e0 Nancy. Un usager, \u00e2g\u00e9 de 17 ans, s\u2019est fait une frayeur en tentant une figure de freestyle en trottinette qu\u2019il a manqu\u00e9\u00a0e.<\/p>\n<p>Contact\u00e9s, les secours ont positionn\u00e9 le jeune homme, dans l\u2019incapacit\u00e9 de se d\u00e9placer, dans un brancard soulev\u00e9 ensuite par la nacelle du camion des pompiers pour le sortir du skate-park difficilement accessible.<\/p>\n<p>Probablement plus de peur que de mal indique la m\u00e8re de la victime. Le jeune cascadeur a \u00e9t\u00e9 transport\u00e9 \u00e0 l\u2019h\u00f4pital pour r\u00e9aliser des radios en vue des premiers soins.<\/p>\n","protected":false},"excerpt":{"rendered":"Alentour de 15\u00a0h\u00a045, ce samedi apr\u00e8s-midi, une intervention spectaculaire s\u2019est produite \u00e0 la piste de skate des rives&hellip;\n","protected":false},"author":2,"featured_media":109431,"comment_status":"","ping_status":"","sticky":false,"template":"","format":"standard","meta":{"footnotes":""},"categories":[9635],"tags":[119,1111,11,1704,11361,1777,674,274,1011,27,775,11362,3457,1702,12,25],"class_list":{"0":"post-109430","1":"post","2":"type-post","3":"status-publish","4":"format-standard","5":"has-post-thumbnail","7":"category-nancy","8":"tag-accident","9":"tag-actu","10":"tag-actualites","11":"tag-edition-nancy-et-agglomeration","12":"tag-essey-les-nancy","13":"tag-eu","14":"tag-europe","15":"tag-faits-divers-justice","16":"tag-fr","17":"tag-france","18":"tag-grand-est","19":"tag-metropole-du-grand-nancy-54b3","20":"tag-meurthe-et-moselle","21":"tag-nancy","22":"tag-news","23":"tag-republique-francaise"},"share_on_mastodon":{"url":"https:\/\/pubeurope.com\/@fr\/114529091237903062","error":""},"_links":{"self":[{"href":"https:\/\/www.europesays.com\/fr\/wp-json\/wp\/v2\/posts\/109430","targetHints":{"allow":["GET"]}}],"collection":[{"href":"https:\/\/www.europesays.com\/fr\/wp-json\/wp\/v2\/posts"}],"about":[{"href":"https:\/\/www.europesays.com\/fr\/wp-json\/wp\/v2\/types\/post"}],"author":[{"embeddable":true,"href":"https:\/\/www.europesays.com\/fr\/wp-json\/wp\/v2\/users\/2"}],"replies":[{"embeddable":true,"href":"https:\/\/www.europesays.com\/fr\/wp-json\/wp\/v2\/comments?post=109430"}],"version-history":[{"count":0,"href":"https:\/\/www.europesays.com\/fr\/wp-json\/wp\/v2\/posts\/109430\/revisions"}],"wp:featuredmedia":[{"embeddable":true,"href":"https:\/\/www.europesays.com\/fr\/wp-json\/wp\/v2\/media\/109431"}],"wp:attachment":[{"href":"https:\/\/www.europesays.com\/fr\/wp-json\/wp\/v2\/media?parent=109430"}],"wp:term":[{"taxonomy":"category","embeddable":true,"href":"https:\/\/www.europesays.com\/fr\/wp-json\/wp\/v2\/categories?post=109430"},{"taxonomy":"post_tag","embeddable":true,"href":"https:\/\/www.europesays.com\/fr\/wp-json\/wp\/v2\/tags?post=109430"}],"curies":[{"name":"wp","href":"https:\/\/api.w.org\/{rel}","templated":true}]}}