{"id":109444,"date":"2025-05-18T13:43:08","date_gmt":"2025-05-18T13:43:08","guid":{"rendered":"https:\/\/www.europesays.com\/fr\/109444\/"},"modified":"2025-05-18T13:43:08","modified_gmt":"2025-05-18T13:43:08","slug":"a-morlaix-150-visiteurs-a-lespace-des-sciences-pour-la-nuit-des-musees","status":"publish","type":"post","link":"https:\/\/www.europesays.com\/fr\/109444\/","title":{"rendered":"\u00c0 Morlaix, 150 visiteurs \u00e0 l\u2019Espace des sciences pour la Nuit des mus\u00e9es"},"content":{"rendered":"<p>\u00c0 Morlaix, <a href=\"https:\/\/www.letelegramme.fr\/finistere\/morlaix-29600\/a-morlaix-piano-et-flute-traversiere-a-lespace-des-sciences-pour-la-nuit-europeenne-des-musees-6817077.php\" target=\"_blank\" rel=\"noopener\">l\u2019Espace des sciences a particip\u00e9 samedi \u00e0 la Nuit europ\u00e9enne des mus\u00e9es<\/a> en proposant une ouverture exceptionnelle en nocturne. En partenariat avec Le Patio, l\u2019\u00e9cole intercommunale d\u2019enseignement artistique du Pays de Morlaix, deux concerts ont \u00e9t\u00e9 organis\u00e9s dans l\u2019une des salles d\u2019exposition. Fl\u00fbte et piano ont accompagn\u00e9 les visiteurs dans un programme ax\u00e9 sur des compositeurs contemporains tels que Kurt\u00e1g, Berio ou Fukushima, dont les \u0153uvres entretiennent un lien \u00e9troit avec les d\u00e9marches exp\u00e9rimentales.<\/p>\n<p>D\u00e9monstrations des m\u00e9diateurs<\/p>\n<p>Entre les deux moments musicaux, les m\u00e9diateurs scientifiques de l\u2019Espace des sciences ont anim\u00e9 des d\u00e9monstrations autour du globe terrestre et du pendule de Foucault. Ces dispositifs permettent de visualiser, de mani\u00e8re concr\u00e8te, la rotation de la Terre ou encore la structure de notre plan\u00e8te.<\/p>\n<p>Au total, plus de 150 personnes ont assist\u00e9 \u00e0 l\u2019\u00e9v\u00e9nement. Certaines venues du Tr\u00e9gor, de Brest ou du Morbihan.<\/p>\n","protected":false},"excerpt":{"rendered":"\u00c0 Morlaix, l\u2019Espace des sciences a particip\u00e9 samedi \u00e0 la Nuit europ\u00e9enne des mus\u00e9es en proposant une ouverture&hellip;\n","protected":false},"author":2,"featured_media":109445,"comment_status":"","ping_status":"","sticky":false,"template":"","format":"standard","meta":{"footnotes":""},"categories":[2821],"tags":[1111,11,829,1777,674,1011,27,2131,12,584,25],"class_list":{"0":"post-109444","1":"post","2":"type-post","3":"status-publish","4":"format-standard","5":"has-post-thumbnail","7":"category-rennes","8":"tag-actu","9":"tag-actualites","10":"tag-bretagne","11":"tag-eu","12":"tag-europe","13":"tag-fr","14":"tag-france","15":"tag-morlaix","16":"tag-news","17":"tag-rennes","18":"tag-republique-francaise"},"share_on_mastodon":{"url":"https:\/\/pubeurope.com\/@fr\/114529134380821627","error":""},"_links":{"self":[{"href":"https:\/\/www.europesays.com\/fr\/wp-json\/wp\/v2\/posts\/109444","targetHints":{"allow":["GET"]}}],"collection":[{"href":"https:\/\/www.europesays.com\/fr\/wp-json\/wp\/v2\/posts"}],"about":[{"href":"https:\/\/www.europesays.com\/fr\/wp-json\/wp\/v2\/types\/post"}],"author":[{"embeddable":true,"href":"https:\/\/www.europesays.com\/fr\/wp-json\/wp\/v2\/users\/2"}],"replies":[{"embeddable":true,"href":"https:\/\/www.europesays.com\/fr\/wp-json\/wp\/v2\/comments?post=109444"}],"version-history":[{"count":0,"href":"https:\/\/www.europesays.com\/fr\/wp-json\/wp\/v2\/posts\/109444\/revisions"}],"wp:featuredmedia":[{"embeddable":true,"href":"https:\/\/www.europesays.com\/fr\/wp-json\/wp\/v2\/media\/109445"}],"wp:attachment":[{"href":"https:\/\/www.europesays.com\/fr\/wp-json\/wp\/v2\/media?parent=109444"}],"wp:term":[{"taxonomy":"category","embeddable":true,"href":"https:\/\/www.europesays.com\/fr\/wp-json\/wp\/v2\/categories?post=109444"},{"taxonomy":"post_tag","embeddable":true,"href":"https:\/\/www.europesays.com\/fr\/wp-json\/wp\/v2\/tags?post=109444"}],"curies":[{"name":"wp","href":"https:\/\/api.w.org\/{rel}","templated":true}]}}