{"id":109455,"date":"2025-05-18T13:50:20","date_gmt":"2025-05-18T13:50:20","guid":{"rendered":"https:\/\/www.europesays.com\/fr\/109455\/"},"modified":"2025-05-18T13:50:20","modified_gmt":"2025-05-18T13:50:20","slug":"fc-nantes-combien-cela-couterait-decarter-kombouare","status":"publish","type":"post","link":"https:\/\/www.europesays.com\/fr\/109455\/","title":{"rendered":"FC Nantes. Combien cela co\u00fbterait d&rsquo;\u00e9carter Kombouar\u00e9 ?"},"content":{"rendered":"<p><img fetchpriority=\"high\" decoding=\"async\" width=\"600\" height=\"400\" src=\"https:\/\/www.europesays.com\/fr\/wp-content\/uploads\/2025\/05\/antoine-Kombouare.jpg\" alt=\"FC Nantes. Combien cela co\u00fbterait d'\u00e9carter Kombouar\u00e9 ?\" class=\"wp-image-253307\"  \/>Antoine Kombouar\u00e9, un coach en suris avec le FC Nantes ?<\/p>\n<p>Le <a href=\"https:\/\/sportune.20minutes.fr\/fc-nantes\" target=\"_blank\" rel=\"noopener\">FC Nantes<\/a> s\u2019est sauv\u00e9, sur la derni\u00e8re journ\u00e9e de la saison 2024-2025 de <a href=\"https:\/\/sportune.20minutes.fr\/ligue-1-l1\" target=\"_blank\" rel=\"noopener\">Ligue 1<\/a>. Ce n\u2019\u00e9tait pas le sc\u00e9nario envisag\u00e9 d\u00e8s le d\u00e9part par le propri\u00e9taire, la gouvernance et la direction sportive mais l\u2019essentiel est bien l\u00e0 pour les Canaris qui disputeront donc une treizi\u00e8me saison cons\u00e9cutive dans l\u2019\u00e9lite du football national.<\/p>\n<p>Kombouar\u00e9 veut rester sa direction songerait \u00e0 l\u2019\u00e9carter<\/p>\n<p>La question qui se pose d\u00e9sormais est de savoir si ce sera avec Antoine Kombouar\u00e9 sur la banc de l\u2019\u00e9quipe fanion ? La presse pr\u00eate \u00e0 la famille Kita des envies de changements. L\u2019int\u00e9ress\u00e9, interrog\u00e9 ce samedi \u00e0 ce sujet, ne l\u2019imagine pas autrement. \u00ab\u00a0J\u2019ai envie de continuer parce que j\u2019ai un contrat\u00a0\u00bb, ou encore : \u00ab\u00a0Je suis Nantais et tr\u00e8s heureux d\u2019\u00eatre ici\u00a0\u00bb, a-t-il notamment confi\u00e9. Comprendre qu\u2019il ne partira pas de lui-m\u00eame.<\/p>\n<p>Sous contrat jusqu\u2019en 2026 avec le FC Nantes<\/p>\n<p>Pas non plus, sans indemnit\u00e9s ainsi que le pr\u00e9voit le contrat qu\u2019il a sign\u00e9. Revenu servir le <a href=\"https:\/\/sportune.20minutes.fr\/fc-nantes\" target=\"_blank\" rel=\"noopener\">FC Nantes<\/a> en mars 2024, il a \u00e9t\u00e9 automatiquement reconduit jusqu\u2019en 2026, l\u2019\u00e9t\u00e9 dernier, apr\u00e8s avoir r\u00e9ussi \u00e0 maintenir le club. Il reste donc au technicien kanak un an qu\u2019il sera en droit de r\u00e9clamer, si d\u2019aventure il devait \u00eatre \u00e9cart\u00e9. <a href=\"https:\/\/sportune.20minutes.fr\/les-salaires-des-entraineurs-de-la-ligue-1-cette-saison-2024-25-360846\" target=\"_blank\" rel=\"noopener\">Son salaire \u00e9tant estim\u00e9 \u00e0 100 000 euros brut mensuels<\/a>, c\u2019est l\u2019\u00e9quivalence de 1,2 millions d\u2019euros qui pourrait lui \u00eatre pay\u00e9 en cas de s\u00e9paration anticip\u00e9e, au terme de cet exercice 2024-2025.<\/p>\n","protected":false},"excerpt":{"rendered":"Antoine Kombouar\u00e9, un coach en suris avec le FC Nantes ? Le FC Nantes s\u2019est sauv\u00e9, sur la&hellip;\n","protected":false},"author":2,"featured_media":109456,"comment_status":"","ping_status":"","sticky":false,"template":"","format":"standard","meta":{"footnotes":""},"categories":[2818],"tags":[1111,11,2943,1777,674,462,1011,27,766,12,2636,25,969],"class_list":{"0":"post-109455","1":"post","2":"type-post","3":"status-publish","4":"format-standard","5":"has-post-thumbnail","7":"category-nantes","8":"tag-actu","9":"tag-actualites","10":"tag-antoine-kombouare","11":"tag-eu","12":"tag-europe","13":"tag-fc-nantes","14":"tag-fr","15":"tag-france","16":"tag-nantes","17":"tag-news","18":"tag-pays-de-la-loire","19":"tag-republique-francaise","20":"tag-transfert"},"share_on_mastodon":{"url":"https:\/\/pubeurope.com\/@fr\/114529161933312280","error":""},"_links":{"self":[{"href":"https:\/\/www.europesays.com\/fr\/wp-json\/wp\/v2\/posts\/109455","targetHints":{"allow":["GET"]}}],"collection":[{"href":"https:\/\/www.europesays.com\/fr\/wp-json\/wp\/v2\/posts"}],"about":[{"href":"https:\/\/www.europesays.com\/fr\/wp-json\/wp\/v2\/types\/post"}],"author":[{"embeddable":true,"href":"https:\/\/www.europesays.com\/fr\/wp-json\/wp\/v2\/users\/2"}],"replies":[{"embeddable":true,"href":"https:\/\/www.europesays.com\/fr\/wp-json\/wp\/v2\/comments?post=109455"}],"version-history":[{"count":0,"href":"https:\/\/www.europesays.com\/fr\/wp-json\/wp\/v2\/posts\/109455\/revisions"}],"wp:featuredmedia":[{"embeddable":true,"href":"https:\/\/www.europesays.com\/fr\/wp-json\/wp\/v2\/media\/109456"}],"wp:attachment":[{"href":"https:\/\/www.europesays.com\/fr\/wp-json\/wp\/v2\/media?parent=109455"}],"wp:term":[{"taxonomy":"category","embeddable":true,"href":"https:\/\/www.europesays.com\/fr\/wp-json\/wp\/v2\/categories?post=109455"},{"taxonomy":"post_tag","embeddable":true,"href":"https:\/\/www.europesays.com\/fr\/wp-json\/wp\/v2\/tags?post=109455"}],"curies":[{"name":"wp","href":"https:\/\/api.w.org\/{rel}","templated":true}]}}