{"id":109463,"date":"2025-05-18T13:54:08","date_gmt":"2025-05-18T13:54:08","guid":{"rendered":"https:\/\/www.europesays.com\/fr\/109463\/"},"modified":"2025-05-18T13:54:08","modified_gmt":"2025-05-18T13:54:08","slug":"toulouse-deux-immeubles-evacues-apres-une-suspicion-deffondrement-cetait-une-fausse-alerte","status":"publish","type":"post","link":"https:\/\/www.europesays.com\/fr\/109463\/","title":{"rendered":"Toulouse. Deux immeubles \u00e9vacu\u00e9s apr\u00e8s une suspicion d&rsquo;effondrement : \u00ab\u00a0C&rsquo;\u00e9tait une fausse alerte\u00a0\u00bb"},"content":{"rendered":"<p>            Par<br \/>\n        <strong><br \/>\n            <a href=\"https:\/\/actu.fr\/auteur\/gabriel-kenedi\" title=\"Consulter tous les articles de Gabriel Kenedi\" target=\"_blank\" rel=\"noopener\">Gabriel Kenedi<\/a><br \/>\n        <\/strong><\/p>\n<p>        Publi\u00e9 le<\/p>\n<p>            18 mai 2025 \u00e0 15h46        <\/p>\n<p>Coup de chaud en plein centre-ville. Les sapeurs-pompiers sont intervenus en d\u00e9but d\u2019apr\u00e8s-midi, dimanche 18 mai 2025, au niveau de la rue des Puits-Clos, \u00e0 <strong>Toulouse<\/strong>.\u00a0D\u2019apr\u00e8s les informations d\u2019Actu Toulouse, des habitants de deux immeubles situ\u00e9s au 15 et au 17 de la rue des Puits Clos, ont alert\u00e9 les secours \u00e0 propos d\u2019un <strong>possible risque d\u2019effondrement<\/strong>. Situ\u00e9 en plein centre-ville, non loin de la place du Capitole, il s\u2019agit de deux b\u00e2timents qui abritent au rez-de-chauss\u00e9e des commerces bien connus \u00e0 Toulouse : La Compagnie du Chocolat et l\u2019\u00e9picerie fine le Paradis Gourmet. Selon nos informations, des habitants auraient entendu \u00ab\u00a0<strong>des bruits d\u2019\u00e9boulis<\/strong> \u00e0 l\u2019int\u00e9rieur d\u2019un immeuble\u00a0\u00bb.\u00a0<\/p>\n<p>    <a href=\"https:\/\/www.google.com\/maps\/embed?pb=!1m18!1m12!1m3!1d5778.446917415944!2d1.4393712359972581!3d43.60188870940641!2m3!1f0!2f0!3f0!3m2!1i1024!2i768!4f13.1!3m3!1m2!1s0x12aebc9d98d323b9%3A0xbc1a127fc1e2ecd9!2s15%20Rue%20des%20Puits%20Clos%2C%2031000%20Toulouse!5e0!3m2!1sfr!2sfr!4v1747575258038!5m2!1sfr!2sfr\" title=\"Ouvrie le lien\" target=\"_blank\" rel=\"noopener\">Cliquez ici pour visualiser le contenu<\/a><\/p>\n<p>Les deux immeubles \u00e9vacu\u00e9s\u00a0<\/p>\n<p class=\" wall-content\">Des bruits qui auraient imm\u00e9diatement inqui\u00e9t\u00e9 les riverains, qui ont imm\u00e9diatement pr\u00e9venu les secours.<\/p>\n<p class=\" wall-content\">Les pompiers et la police municipale, arriv\u00e9s rapidement sur place, ont alors proc\u00e9d\u00e9 \u00e0 <strong>l\u2019\u00e9vacuation pr\u00e9ventive<\/strong> des b\u00e2timents concern\u00e9s, tandis qu\u2019un <strong>p\u00e9rim\u00e8tre de s\u00e9curit\u00e9<\/strong> a \u00e9t\u00e9 mis en place. Les sapeurs-pompiers ont ensuite entam\u00e9 une inspection des b\u00e2timents, afin d\u2019\u00e9valuer le danger.\u00a0<\/p>\n<p>Le risque d\u2019effondrement \u00e9cart\u00e9\u00a0<\/p>\n<p class=\" wall-content\">Une fois l\u2019intervention des pompiers effectu\u00e9e,<strong> le doute a \u00e9t\u00e9 lev\u00e9<\/strong> : \u00ab\u00a0Il s\u2019agissait d\u2019une fausse alerte\u00a0\u00bb, indique la mairie \u00e0 Actu Toulouse, qui pr\u00e9cise que \u00ab\u00a0tout risque d\u2019effondrement a \u00e9t\u00e9 \u00e9cart\u00e9\u00a0\u00bb. Une fois les v\u00e9rifications effectu\u00e9es, le p\u00e9rim\u00e8tre de s\u00e9curit\u00e9 qui avait \u00e9t\u00e9 \u00e9tabli a \u00e9t\u00e9 lev\u00e9\u2026 Plus de peur que de mal, donc, pour les riverains, qui ont pu regagner leurs appartements.\u00a0<\/p>\n<p class=\" wall-content\">Rappelons qu\u2019en mars 2024, un immeuble situ\u00e9 rue Saint-Rome <a href=\"https:\/\/actu.fr\/occitanie\/toulouse_31555\/immeuble-effondre-a-toulouse-que-va-devenir-le-trou-beant-que-l-on-peut-voir-rue-saint-rome_62339108.html\" target=\"_blank\" rel=\"noopener\">s\u2019\u00e9tait effondr\u00e9<\/a> et que depuis, de plusieurs autres b\u00e2timents du centre-ville ont \u00e9t\u00e9 identifi\u00e9s comme \u00e9tant \u00e0 risque.\u00a0<\/p>\n<p class=\" wall-content\">Suivez toute l\u2019actualit\u00e9 de vos villes et m\u00e9dias favoris en vous inscrivant \u00e0 <a href=\"https:\/\/moncompte.actu.fr\" title=\"D\u00e9couvez Mon Actu\" rel=\"nofollow noopener\" data-trk=\"{&quot;cta&quot;:{&quot;action&quot;:&quot;https:\\\/\\\/moncompte.actu.fr&quot;,&quot;category&quot;:&quot;mon compte&quot;,&quot;from&quot;:&quot;article footer&quot;,&quot;name&quot;:&quot;Mon actu&quot;,&quot;type&quot;:&quot;cta&quot;}}\" target=\"_blank\">Mon Actu<\/a>.<\/p>\n","protected":false},"excerpt":{"rendered":"Par Gabriel Kenedi Publi\u00e9 le 18 mai 2025 \u00e0 15h46 Coup de chaud en plein centre-ville. Les sapeurs-pompiers&hellip;\n","protected":false},"author":2,"featured_media":109464,"comment_status":"","ping_status":"","sticky":false,"template":"","format":"standard","meta":{"footnotes":""},"categories":[2816],"tags":[1111,11,4519,1777,674,1011,27,12,2680,1311,25,104,2312],"class_list":{"0":"post-109463","1":"post","2":"type-post","3":"status-publish","4":"format-standard","5":"has-post-thumbnail","7":"category-toulouse","8":"tag-actu","9":"tag-actualites","10":"tag-capitole","11":"tag-eu","12":"tag-europe","13":"tag-fr","14":"tag-france","15":"tag-news","16":"tag-occitanie","17":"tag-pompiers","18":"tag-republique-francaise","19":"tag-societe","20":"tag-toulouse"},"share_on_mastodon":{"url":"https:\/\/pubeurope.com\/@fr\/114529177595580255","error":""},"_links":{"self":[{"href":"https:\/\/www.europesays.com\/fr\/wp-json\/wp\/v2\/posts\/109463","targetHints":{"allow":["GET"]}}],"collection":[{"href":"https:\/\/www.europesays.com\/fr\/wp-json\/wp\/v2\/posts"}],"about":[{"href":"https:\/\/www.europesays.com\/fr\/wp-json\/wp\/v2\/types\/post"}],"author":[{"embeddable":true,"href":"https:\/\/www.europesays.com\/fr\/wp-json\/wp\/v2\/users\/2"}],"replies":[{"embeddable":true,"href":"https:\/\/www.europesays.com\/fr\/wp-json\/wp\/v2\/comments?post=109463"}],"version-history":[{"count":0,"href":"https:\/\/www.europesays.com\/fr\/wp-json\/wp\/v2\/posts\/109463\/revisions"}],"wp:featuredmedia":[{"embeddable":true,"href":"https:\/\/www.europesays.com\/fr\/wp-json\/wp\/v2\/media\/109464"}],"wp:attachment":[{"href":"https:\/\/www.europesays.com\/fr\/wp-json\/wp\/v2\/media?parent=109463"}],"wp:term":[{"taxonomy":"category","embeddable":true,"href":"https:\/\/www.europesays.com\/fr\/wp-json\/wp\/v2\/categories?post=109463"},{"taxonomy":"post_tag","embeddable":true,"href":"https:\/\/www.europesays.com\/fr\/wp-json\/wp\/v2\/tags?post=109463"}],"curies":[{"name":"wp","href":"https:\/\/api.w.org\/{rel}","templated":true}]}}