{"id":109469,"date":"2025-05-18T13:58:08","date_gmt":"2025-05-18T13:58:08","guid":{"rendered":"https:\/\/www.europesays.com\/fr\/109469\/"},"modified":"2025-05-18T13:58:08","modified_gmt":"2025-05-18T13:58:08","slug":"a-marseille-veracyte-en-quete-urgente-de-repreneur","status":"publish","type":"post","link":"https:\/\/www.europesays.com\/fr\/109469\/","title":{"rendered":"\u00c0 Marseille, Veracyte en\u00a0qu\u00eate urgente de\u00a0repreneur"},"content":{"rendered":"<p>&#13;<br \/>\n\tSp\u00e9cialis\u00e9e dans la fabrication de kits de diagnostic en immuno-oncologie, la start-up Halio DX pourrait fermer, faute de repreneur. Elle avait \u00e9t\u00e9 rachet\u00e9e en 2021 par le groupe californien Veracyte, pour 260 millions d\u2019euros.<\/p>\n<p>&#13;<br \/>\n\tCelui-ci voulait en faire son si\u00e8ge europ\u00e9en, affirmant \u00e0 l\u2019\u00e9poque compter sur \u00absa talentueuse \u00e9quipe\u00bb pour \u00abconstruire une soci\u00e9t\u00e9 leader mondial du diagnostic\u00bb dans le domaine des cancers. Mais l\u2019enthousiasme n\u2019est plus de mise chez l\u2019am\u00e9ricain.<\/p>\n<p>&#13;<br \/>\n\tEn pr\u00e9sentant son bilan annuel le 24 f\u00e9vrier, Veracyte a d\u00e9clar\u00e9 subir une perte d\u2019exploitation de 5 millions de dollars par trimestre, sur les trois derniers exercices comptables de Veracyte \u00e0 Marseille, admettant l\u2019\u00e9ventualit\u00e9 de faillite ou de vente. La qu\u00eate \u00abactive\u00bb d\u2019un repreneur a \u00e9t\u00e9 lanc\u00e9e \u00absur tout ou partie de ses activit\u00e9s\u00bb. Les instances repr\u00e9sentatives du personnel sont consult\u00e9es sur l\u2019ouverture d\u2019une proc\u00e9dure collective aupr\u00e8s du tribunal de commerce de Marseille. La biotech marseillaise emploie 164 personnes. <\/p>\n<p>&#13;<br \/>\n\t<img decoding=\"async\" alt=\"Couv 3742\" src=\"data:image\/gif;base64,R0lGODdhAQABAPAAAMPDwwAAACwAAAAAAQABAAACAkQBADs=\" data-original=\"https:\/\/www.usinenouvelle.com\/mediatheque\/7\/2\/5\/001526527_illustration_large.jpg\" style=\"height: 194px; width: 150px; margin: 5px; float: left;\"\/><strong>Vous lisez un article du num\u00e9ro 3742 de L&rsquo;Usine Nouvelle &#8211; Mai 2025<\/strong><br \/>&#13;<br \/>\n\t<strong><a href=\"https:\/\/www.usinenouvelle.com\/l-usine-nouvelle-du-5-mai-2025-n3742,7603\" target=\"_blank\" rel=\"noopener\">Lire le sommaire<\/a><\/strong><\/p>\n<p class=\"editoTitleType1 editoTitleType1--lagoon is-uppercase\">S\u00e9lectionn\u00e9 <b>pour vous<\/b><\/p>\n<p>                                                                            <a class=\"editoCardType21__link editoCardType21__containerImage\" href=\"https:\/\/www.usinenouvelle.com\/article\/le-danois-novo-nordisk-investit-depuis-plus-de-60-ans-a-chartres.N2230535\" data-xiti-name=\"2230535\" target=\"_blank\" rel=\"noopener\"><\/p>\n<p>                                                                                                                                                    <img decoding=\"async\" src=\"data:image\/gif;base64,R0lGODdhAQABAPAAAMPDwwAAACwAAAAAAQABAAACAkQBADs=\" data-original=\"\/mediatheque\/8\/7\/6\/001499678_256x170_c.jpg\" alt=\"Le danois Novo Nordisk investit depuis plus de 60 ans \u00e0 Chartres\"\/><\/p>\n<p>                            <\/a><\/p>\n","protected":false},"excerpt":{"rendered":"&#13; Sp\u00e9cialis\u00e9e dans la fabrication de kits de diagnostic en immuno-oncologie, la start-up Halio DX pourrait fermer, faute&hellip;\n","protected":false},"author":2,"featured_media":109470,"comment_status":"","ping_status":"","sticky":false,"template":"","format":"standard","meta":{"footnotes":""},"categories":[2814],"tags":[1111,11,885,17780,1777,674,1011,27,884,12,882,6234,25,22760],"class_list":{"0":"post-109469","1":"post","2":"type-post","3":"status-publish","4":"format-standard","5":"has-post-thumbnail","7":"category-marseille","8":"tag-actu","9":"tag-actualites","10":"tag-bouches-du-rhone","11":"tag-en-bref","12":"tag-eu","13":"tag-europe","14":"tag-fr","15":"tag-france","16":"tag-marseille","17":"tag-news","18":"tag-provence-alpes-cote-dazur","19":"tag-provence-alpes-cote-d","20":"tag-republique-francaise","21":"tag-sante-pharma"},"share_on_mastodon":{"url":"https:\/\/pubeurope.com\/@fr\/114529193474453979","error":""},"_links":{"self":[{"href":"https:\/\/www.europesays.com\/fr\/wp-json\/wp\/v2\/posts\/109469","targetHints":{"allow":["GET"]}}],"collection":[{"href":"https:\/\/www.europesays.com\/fr\/wp-json\/wp\/v2\/posts"}],"about":[{"href":"https:\/\/www.europesays.com\/fr\/wp-json\/wp\/v2\/types\/post"}],"author":[{"embeddable":true,"href":"https:\/\/www.europesays.com\/fr\/wp-json\/wp\/v2\/users\/2"}],"replies":[{"embeddable":true,"href":"https:\/\/www.europesays.com\/fr\/wp-json\/wp\/v2\/comments?post=109469"}],"version-history":[{"count":0,"href":"https:\/\/www.europesays.com\/fr\/wp-json\/wp\/v2\/posts\/109469\/revisions"}],"wp:featuredmedia":[{"embeddable":true,"href":"https:\/\/www.europesays.com\/fr\/wp-json\/wp\/v2\/media\/109470"}],"wp:attachment":[{"href":"https:\/\/www.europesays.com\/fr\/wp-json\/wp\/v2\/media?parent=109469"}],"wp:term":[{"taxonomy":"category","embeddable":true,"href":"https:\/\/www.europesays.com\/fr\/wp-json\/wp\/v2\/categories?post=109469"},{"taxonomy":"post_tag","embeddable":true,"href":"https:\/\/www.europesays.com\/fr\/wp-json\/wp\/v2\/tags?post=109469"}],"curies":[{"name":"wp","href":"https:\/\/api.w.org\/{rel}","templated":true}]}}