{"id":109473,"date":"2025-05-18T14:00:09","date_gmt":"2025-05-18T14:00:09","guid":{"rendered":"https:\/\/www.europesays.com\/fr\/109473\/"},"modified":"2025-05-18T14:00:09","modified_gmt":"2025-05-18T14:00:09","slug":"la-guillotiere-pietonne-ce-dimanche-pour-le-festival-des-cuisines-du-monde","status":"publish","type":"post","link":"https:\/\/www.europesays.com\/fr\/109473\/","title":{"rendered":"la Guilloti\u00e8re pi\u00e9tonne ce dimanche pour le festival des cuisines du monde"},"content":{"rendered":"<p itemprop=\"description\"><strong>Le festival des cuisines du monde revient ce dimanche 18 mai dans le quartier de la Guilloti\u00e8re \u00e0 Lyon. Cours Gambetta sera pi\u00e9tonnis\u00e9 pour accueillir 25 commer\u00e7ants et restaurateurs venus de 18 pays diff\u00e9rents.<\/strong><\/p>\n<p>Des plats venus de Guin\u00e9e, du Vietnam, d\u2019Italie ou encore de Centrafrique seront \u00e0 d\u00e9guster ce dimanche dans le 7e arrondissement de Lyon. La 3e \u00e9dition du festival des cuisines du monde s\u2019installe cours Gambetta, sp\u00e9cialement ferm\u00e9 \u00e0 la circulation pour l\u2019occasion.<\/p>\n<p>Plusieurs stands proposeront des sp\u00e9cialit\u00e9s sucr\u00e9es et sal\u00e9es autour de grandes tabl\u00e9es. Parmi les \u00e9tablissements attendus : Afghan Kitchen (Afghanistan), Mimo (Italie), Le Timgad Chez Hafsi (Alg\u00e9rie), Gojo (\u00c9thiopie), Bollywood Tandoor (Inde) ou encore Fataya Thiep (S\u00e9n\u00e9gal et Gabon).<\/p>\n<p>L\u2019entr\u00e9e est gratuite. Pour les d\u00e9gustations, une formule adulte \u00e0 14 euros (quatre coupons repas) et une formule enfant \u00e0 10,50 euros (trois coupons) sont propos\u00e9es. Un plat co\u00fbte deux coupons, une entr\u00e9e ou un dessert un seul. Des coupons \u00ab\u00a0suspendus\u00a0\u00bb \u00e0 3,50 euros peuvent \u00eatre achet\u00e9s en solidarit\u00e9 avec les familles en difficult\u00e9.<\/p>\n<p>L\u2019an dernier, pr\u00e8s de 4 000 personnes avaient profit\u00e9 de cette journ\u00e9e culinaire et conviviale au c\u0153ur de la Guilloti\u00e8re.<\/p>\n","protected":false},"excerpt":{"rendered":"Le festival des cuisines du monde revient ce dimanche 18 mai dans le quartier de la Guilloti\u00e8re \u00e0&hellip;\n","protected":false},"author":2,"featured_media":109474,"comment_status":"","ping_status":"","sticky":false,"template":"","format":"standard","meta":{"footnotes":""},"categories":[1889],"tags":[1111,11,2813,2190,2430,1109,251,1112,2811,1777,674,118,1011,27,1922,1110,1114,2428,2810,12,241,316,25,2812,517,800],"class_list":{"0":"post-109473","1":"post","2":"type-post","3":"status-publish","4":"format-standard","5":"has-post-thumbnail","7":"category-lyon","8":"tag-actu","9":"tag-actualites","10":"tag-article","11":"tag-asvel","12":"tag-auvergne-rhone-alpes","13":"tag-breves","14":"tag-culture","15":"tag-depeches","16":"tag-economique","17":"tag-eu","18":"tag-europe","19":"tag-faits-divers","20":"tag-fr","21":"tag-france","22":"tag-info","23":"tag-informations","24":"tag-infos","25":"tag-lyon","26":"tag-lyonmag","27":"tag-news","28":"tag-ol","29":"tag-politique","30":"tag-republique-francaise","31":"tag-sociale","32":"tag-sport","33":"tag-transports"},"share_on_mastodon":{"url":"https:\/\/pubeurope.com\/@fr\/114529201399089817","error":""},"_links":{"self":[{"href":"https:\/\/www.europesays.com\/fr\/wp-json\/wp\/v2\/posts\/109473","targetHints":{"allow":["GET"]}}],"collection":[{"href":"https:\/\/www.europesays.com\/fr\/wp-json\/wp\/v2\/posts"}],"about":[{"href":"https:\/\/www.europesays.com\/fr\/wp-json\/wp\/v2\/types\/post"}],"author":[{"embeddable":true,"href":"https:\/\/www.europesays.com\/fr\/wp-json\/wp\/v2\/users\/2"}],"replies":[{"embeddable":true,"href":"https:\/\/www.europesays.com\/fr\/wp-json\/wp\/v2\/comments?post=109473"}],"version-history":[{"count":0,"href":"https:\/\/www.europesays.com\/fr\/wp-json\/wp\/v2\/posts\/109473\/revisions"}],"wp:featuredmedia":[{"embeddable":true,"href":"https:\/\/www.europesays.com\/fr\/wp-json\/wp\/v2\/media\/109474"}],"wp:attachment":[{"href":"https:\/\/www.europesays.com\/fr\/wp-json\/wp\/v2\/media?parent=109473"}],"wp:term":[{"taxonomy":"category","embeddable":true,"href":"https:\/\/www.europesays.com\/fr\/wp-json\/wp\/v2\/categories?post=109473"},{"taxonomy":"post_tag","embeddable":true,"href":"https:\/\/www.europesays.com\/fr\/wp-json\/wp\/v2\/tags?post=109473"}],"curies":[{"name":"wp","href":"https:\/\/api.w.org\/{rel}","templated":true}]}}