{"id":109489,"date":"2025-05-18T14:10:08","date_gmt":"2025-05-18T14:10:08","guid":{"rendered":"https:\/\/www.europesays.com\/fr\/109489\/"},"modified":"2025-05-18T14:10:08","modified_gmt":"2025-05-18T14:10:08","slug":"relation-canada-etats-unis-le-timing-est-tres-bon-juge-jean-charest","status":"publish","type":"post","link":"https:\/\/www.europesays.com\/fr\/109489\/","title":{"rendered":"Relation Canada-\u00c9tats-Unis: \u00abLe timing est tr\u00e8s bon\u00bb, juge Jean Charest"},"content":{"rendered":"<p>OTTAWA \u2014 Le Canada jouit d\u2019un moment propice face aux \u00c9tats-Unis, juge l\u2019ancien premier ministre du Qu\u00e9bec et membre du Conseil du premier ministre Mark Carney sur les relations canado-am\u00e9ricaines Jean Charest.<\/p>\n<p>\u00abLe \u00ab timing \u00bb est tr\u00e8s bon. \u00c0 mon avis, on est bien partis\u00bb, a-t-il d\u00e9clar\u00e9 en entrevue avec La Presse Canadienne en marge d\u2019un \u00e9v\u00e9nement de l\u2019industrie pharmaceutique, jeudi, \u00e0 Ottawa.<\/p>\n<p>\u00c0 son avis, la rencontre de M.\u00a0Carney avec le pr\u00e9sident am\u00e9ricain Donald Trump \u00e0 la Maison-Blanche \u00aba \u00e9t\u00e9 un succ\u00e8s, a \u00e9t\u00e9 bonne\u00bb, y compris au niveau de \u00abl\u2019approche\u00bb et de \u00abla connexion\u00bb entre les deux hommes.<\/p>\n<p>Ils se retrouveront d\u2019ailleurs le mois prochain \u00e0 Kananaskis, en Alberta, o\u00f9 M.\u00a0Carney pr\u00e9sidera le sommet du G7.<\/p>\n<p>\u00abC\u2019est une occasion pour le pr\u00e9sident am\u00e9ricain d\u2019avoir un pr\u00e9sident de G7 qui va le conna\u00eetre et qui va lui permettre d\u2019atteindre les objectifs qu\u2019il va se fixer\u00bb, a soulign\u00e9 M.\u00a0Charest.<\/p>\n<p>L\u2019ancien premier ministre, qui \u00e9tait l\u2019invit\u00e9 d\u2019honneur lors de l\u2019\u00e9v\u00e9nement de cl\u00f4ture, s\u2019est dit \u00aboptimiste\u00bb face \u00e0 l\u2019avenir et projette que \u00abcette histoire de droits de douane\u00bb va prendre fin.<\/p>\n<p>\u00abIl (Donald Trump) migre vers le processus du budget. Et il a les \u00e9lections de mi-mandat qui approchent. Les sondages des 100\u00a0premiers jours sont tr\u00e8s mauvais pour lui\u00bb, a not\u00e9 M.\u00a0Charest.<\/p>\n<p>Selon lui, si M.\u00a0Trump ne remonte pas la pente et que les r\u00e9publicains performent mal lors des \u00e9lections de mi-mandat, il pourrait bien devenir \u00abun canard boiteux\u00bb, soit un \u00e9lu en fin de mandat qui perd en influence.<\/p>\n<p>M.\u00a0Charest, qui est revenu \u00e0 la pratique du droit, a dit constater que \u00abde toute \u00e9vidence\u00bb Mark Carney est respect\u00e9 par le pr\u00e9sident Trump.<\/p>\n<p>Selon lui, les deux hommes n\u00e9gocieront \u00abun grand compromis\u00bb qui comprendra non seulement les enjeux commerciaux, mais \u00e9galement ceux de s\u00e9curit\u00e9.<\/p>\n<p>\u00abEt en \u00e9largissant la conversation, il y a davantage de chances que l\u2019on aboutisse \u00e0 un endroit o\u00f9 l\u2019on est satisfaits avec l\u2019entente\u00bb, a-t-il d\u00e9clar\u00e9 aux conf\u00e9renciers.<\/p>\n<p>Sourire en coin, il leur a dit de garder \u00e0 l\u2019esprit que, \u00ab\u00e0 la fin\u00bb, Donald Trump doit pouvoir dire qu\u2019il a gagn\u00e9. \u00abC\u2019est absolument essentiel. Quoi qu\u2019il arrive, les amis, il a gagn\u00e9 et nous avons perdu\u00bb, a insist\u00e9 M.\u00a0Charest.<\/p>\n<p>En entrevue, M.\u00a0Charest, qui avait \u00e9chou\u00e9, face \u00e0 Pierre Poilievre, \u00e0 devenir chef du Parti conservateur du Canada en septembre\u00a02022, a \u00e9cart\u00e9 toute possibilit\u00e9 d\u2019un retour en politique. \u00abNon, non\u00bb, a-t-il r\u00e9pondu du tac au tac avant m\u00eame la fin de la question.<\/p>\n<p>\u00abJ\u2019ai fait mon tour de piste, a-t-il poursuivi. J\u2019ai fait ce que je voulais faire. Je suis tr\u00e8s heureux dans le cabinet d\u2019avocats o\u00f9 je suis. (\u2026) Ma vie est bonne. Je suis tr\u00e8s actif. Je continue \u00e0 m\u2019impliquer en politique avec un grand \u00abP\u00bb sur les enjeux de politiques publiques. Alors, je n\u2019envisage aucun retour en politique.\u00bb<\/p>\n<p>M.\u00a0Charest a cat\u00e9goriquement refus\u00e9 de commenter la d\u00e9faite des conservateurs lors des r\u00e9centes \u00e9lections f\u00e9d\u00e9rales et l\u2019absence d\u2019un budget f\u00e9d\u00e9ral printanier, si ce n\u2019est que pour se vanter d\u2019en avoir pr\u00e9sent\u00e9 \u00abde tr\u00e8s bons\u00bb lorsqu\u2019il \u00e9tait \u00e0 la t\u00eate du Qu\u00e9bec.<\/p>\n<p><b>Pipelines<\/b><\/p>\n<p>Appel\u00e9 \u00e0 commenter l\u2019id\u00e9e de construire un pipeline pour transporter le p\u00e9trole bitumineux de l\u2019Ouest vers la c\u00f4te Est du pays et ainsi diversifier les march\u00e9s, il a affirm\u00e9 que \u00abtout \u00e7a est jouable dans la mesure o\u00f9 il y a une volont\u00e9 politique de le faire\u00bb.<\/p>\n<p>Or, ce n\u2019\u00e9tait pas le cas \u00e0 l\u2019\u00e9poque o\u00f9 le projet \u00c9nergie Est de TransCanada \u2013 dont il a \u00e9t\u00e9 conseiller \u2013 \u00e9tait sur la table, ce qui a emp\u00each\u00e9 que les morceaux tombent en place.<\/p>\n<p>\u00abLa guerre en Ukraine a chang\u00e9 la perspective, et la relation avec les \u00c9tats-Unis change la perspective\u00bb, a not\u00e9 M.\u00a0Charest. Cela dit, il insiste que, pour l\u2019instant, il n\u2019y a pas de projet et que l\u2019enjeu de faire passer le tuyau par toutes les provinces est hypoth\u00e9tique.<\/p>\n<p>Jeudi, le premier ministre du Qu\u00e9bec, Fran\u00e7ois Legault, avait continu\u00e9 d\u2019ouvrir la porte \u00e0 des projets d\u2019ol\u00e9oduc en r\u00e9ponse \u00e0 la guerre tarifaire men\u00e9e par Donald Trump, arguant qu\u2019il sent de l\u2019ouverture de la part des Qu\u00e9b\u00e9cois. Il \u00e9voquait m\u00eame un projet qui passerait au nord de la province et qui d\u00e9boucherait au port de Sept-\u00celes.<\/p>\n<p>Ce qui \u00abr\u00e9jouit beaucoup\u00bb M.\u00a0Charest est de constater qu\u2019il y a davantage de concertation f\u00e9d\u00e9ral-provincial depuis l\u2019arriv\u00e9e du nouveau premier ministre, ce qui est \u00abessentiel\u00bb pour ajuster l\u2019\u00e9conomie canadienne. \u00abM.\u00a0Carney tend la main aux provinces\u00bb, a-t-il dit.<\/p>\n<p>\u00abEt \u00e7a, \u00e0 mon avis, c\u2019est absolument essentiel pour faire fonctionner le pays. On est un pays tr\u00e8s d\u00e9centralis\u00e9 et, si on veut que le pays fonctionne efficacement, il faut absolument une coordination entre les deux paliers de gouvernement.\u00bb<\/p>\n<p>En campagne \u00e9lectorale, de passage \u00e0 Calgary, la capitale canadienne du p\u00e9trole, M.\u00a0Carney avait d\u00e9clar\u00e9 vouloir faire du Canada \u00abune superpuissance \u00e9nerg\u00e9tique\u00bb, notamment par le d\u00e9veloppement des \u00e9nergies \u00abconventionnelles\u00bb.<\/p>\n<p>Les premiers ministres des provinces et territoires et le premier ministre Carney se rencontreront en personne \u00e0 Saskatoon dans deux semaines. En annon\u00e7ant la tenue de la r\u00e9union, M.\u00a0Carney avait pr\u00e9cis\u00e9 que les \u00e9lus se concentraient sur le renforcement de la r\u00e9silience \u00e9conomique du Canada.<\/p>\n<p>Le spectre d\u2019une s\u00e9paration de l\u2019Alberta, qu\u2019\u00e9voque publiquement sa premi\u00e8re ministre Danielle Smith, planera sur la rencontre, mais son homologue ontarien Doug Ford s\u2019est enthousiasm\u00e9 que M.\u00a0Carney t\u00e9moigne de l\u2019\u00abaffection\u00bb pour les deux provinces \u00e9nerg\u00e9tiques des prairies.<\/p>\n<p>En r\u00e9pondant \u00e0 une question d\u2019un pan\u00e9liste, M.\u00a0Charest, qui a compos\u00e9 avec le mouvement souverainiste qu\u00e9b\u00e9cois, a jug\u00e9 que le s\u00e9paratisme albertain doit \u00eatre pris au s\u00e9rieux.<\/p>\n<p>Plus t\u00f4t, il avait jug\u00e9 que les Albertains \u00abont raison\u00bb d\u2019\u00eatre frustr\u00e9s en constatant que le pays n\u2019\u00e9tait pas au m\u00eame diapason dans les derni\u00e8res ann\u00e9es lorsqu\u2019il \u00e9tait question de projets d\u2019\u00e9nergie.<\/p>\n<p>Quant au mouvement pour l\u2019ind\u00e9pendance du Qu\u00e9bec, \u00abil ne dispara\u00eetra jamais\u00bb, a soutenu M.\u00a0Charest, sans s\u2019\u00e9taler.<\/p>\n","protected":false},"excerpt":{"rendered":"OTTAWA \u2014 Le Canada jouit d\u2019un moment propice face aux \u00c9tats-Unis, juge l\u2019ancien premier ministre du Qu\u00e9bec et&hellip;\n","protected":false},"author":2,"featured_media":109490,"comment_status":"","ping_status":"","sticky":false,"template":"","format":"standard","meta":{"footnotes":""},"categories":[1589],"tags":[11,73,1866,4576,12,1864,1865,1863,308],"class_list":{"0":"post-109489","1":"post","2":"type-post","3":"status-publish","4":"format-standard","5":"has-post-thumbnail","7":"category-etats-unis","8":"tag-actualites","9":"tag-etats-unis","10":"tag-etats-unis-damerique","11":"tag-https-lactualite-com-sujet-politique","12":"tag-news","13":"tag-united-states","14":"tag-united-states-of-america","15":"tag-us","16":"tag-usa"},"share_on_mastodon":{"url":"https:\/\/pubeurope.com\/@fr\/114529240612063775","error":""},"_links":{"self":[{"href":"https:\/\/www.europesays.com\/fr\/wp-json\/wp\/v2\/posts\/109489","targetHints":{"allow":["GET"]}}],"collection":[{"href":"https:\/\/www.europesays.com\/fr\/wp-json\/wp\/v2\/posts"}],"about":[{"href":"https:\/\/www.europesays.com\/fr\/wp-json\/wp\/v2\/types\/post"}],"author":[{"embeddable":true,"href":"https:\/\/www.europesays.com\/fr\/wp-json\/wp\/v2\/users\/2"}],"replies":[{"embeddable":true,"href":"https:\/\/www.europesays.com\/fr\/wp-json\/wp\/v2\/comments?post=109489"}],"version-history":[{"count":0,"href":"https:\/\/www.europesays.com\/fr\/wp-json\/wp\/v2\/posts\/109489\/revisions"}],"wp:featuredmedia":[{"embeddable":true,"href":"https:\/\/www.europesays.com\/fr\/wp-json\/wp\/v2\/media\/109490"}],"wp:attachment":[{"href":"https:\/\/www.europesays.com\/fr\/wp-json\/wp\/v2\/media?parent=109489"}],"wp:term":[{"taxonomy":"category","embeddable":true,"href":"https:\/\/www.europesays.com\/fr\/wp-json\/wp\/v2\/categories?post=109489"},{"taxonomy":"post_tag","embeddable":true,"href":"https:\/\/www.europesays.com\/fr\/wp-json\/wp\/v2\/tags?post=109489"}],"curies":[{"name":"wp","href":"https:\/\/api.w.org\/{rel}","templated":true}]}}