{"id":109497,"date":"2025-05-18T14:14:13","date_gmt":"2025-05-18T14:14:13","guid":{"rendered":"https:\/\/www.europesays.com\/fr\/109497\/"},"modified":"2025-05-18T14:14:13","modified_gmt":"2025-05-18T14:14:13","slug":"peche-pourquoi-lunion-europeenne-a-interdit-limportation-de-poissons-guineens-depuis-2007","status":"publish","type":"post","link":"https:\/\/www.europesays.com\/fr\/109497\/","title":{"rendered":"P\u00eache : Pourquoi l\u2019Union europ\u00e9enne a interdit l&rsquo;importation de poissons guin\u00e9ens depuis 2007"},"content":{"rendered":"<p>Depuis <strong>2007<\/strong>, la <strong>R\u00e9publique de Guin\u00e9e<\/strong> fait l\u2019objet d\u2019une <strong>interdiction d\u2019exportation de ses produits halieutiques vers l\u2019Union europ\u00e9enne (UE)<\/strong>. Une mesure s\u00e9v\u00e8re, prise par Bruxelles pour sanctionner le pays pour sa <strong>lutte insuffisante contre la p\u00eache ill\u00e9gale, non d\u00e9clar\u00e9e et non r\u00e9glement\u00e9e (INN)<\/strong> dans ses eaux maritimes.<\/p>\n<p>Une \u00ab carte rouge \u00bb inflig\u00e9e par l\u2019UE<\/p>\n<p>L\u2019interdiction est la cons\u00e9quence directe de l\u2019\u00e9chec de la Guin\u00e9e \u00e0 <strong>mettre en \u0153uvre des m\u00e9canismes efficaces de surveillance de ses zones de p\u00eache<\/strong> et \u00e0 <strong>sanctionner les navires \u00e9trangers<\/strong> op\u00e9rant sans autorisation. En <strong>2013<\/strong>, la Commission europ\u00e9enne avait plac\u00e9 la Guin\u00e9e sur la liste noire des pays \u00ab non coop\u00e9rants \u00bb en mati\u00e8re de lutte contre la p\u00eache INN, aux c\u00f4t\u00e9s du Belize, du Cambodge et du Sri Lanka.<\/p>\n<p>Selon un <strong>rapport de la Commission europ\u00e9enne<\/strong>, la Guin\u00e9e manquait :<\/p>\n<ul>\n<li>de <strong>contr\u00f4le des navires battant pavillon \u00e9tranger<\/strong> op\u00e9rant dans ses eaux ;<\/li>\n<li>de <strong>sanctions dissuasives<\/strong> contre les infractions constat\u00e9es ;<\/li>\n<li>de <strong>syst\u00e8mes de tra\u00e7abilit\u00e9 et de certification des captures<\/strong>, comme exig\u00e9s par les normes europ\u00e9ennes.<\/li>\n<\/ul>\n<blockquote>\n<p>\u00ab L\u2019objectif de l\u2019UE n\u2019est pas de punir, mais de pousser les pays \u00e0 assainir leur secteur halieutique pour pr\u00e9server durablement les ressources marines mondiales \u00bb, avait d\u00e9clar\u00e9 la commissaire europ\u00e9enne Maria Damanaki en 2014.<\/p>\n<\/blockquote>\n<p>Cons\u00e9quences \u00e9conomiques pour la Guin\u00e9e<\/p>\n<p>L\u2019interdiction a eu un <strong>impact \u00e9conomique consid\u00e9rable<\/strong> pour la Guin\u00e9e, qui perd ainsi un <strong>march\u00e9 strat\u00e9gique<\/strong>. Avant 2007, l\u2019Union europ\u00e9enne repr\u00e9sentait pr\u00e8s de <strong>60 % des exportations halieutiques guin\u00e9ennes<\/strong>, avec des revenus estim\u00e9s \u00e0 plusieurs <strong>millions d\u2019euros<\/strong> par an.<\/p>\n<p>Des <strong>centaines d\u2019emplois directs et indirects<\/strong> dans le secteur de la p\u00eache industrielle et artisanale ont \u00e9t\u00e9 affect\u00e9s, en particulier dans les villes c\u00f4ti\u00e8res comme <strong>Conakry, Boffa et Kamsar<\/strong>.<\/p>\n<p>Tentatives de redressement<\/p>\n<p>Depuis plusieurs ann\u00e9es, les autorit\u00e9s guin\u00e9ennes ont entrepris des <strong>r\u00e9formes institutionnelles<\/strong> avec l\u2019appui de partenaires comme la <strong>FAO<\/strong>, l\u2019<strong>UE<\/strong> elle-m\u00eame, ou encore la <strong>CEDEAO<\/strong>. Parmi les efforts notables :<\/p>\n<ul>\n<li>La mise en place de <strong>patrouilles de surveillance maritime<\/strong> avec l\u2019appui de la marine nationale.<\/li>\n<li>L\u2019adoption d\u2019un <strong>nouveau code de la p\u00eache<\/strong>.<\/li>\n<li>La signature d\u2019accords r\u00e9gionaux de coop\u00e9ration pour lutter contre la p\u00eache illicite.<\/li>\n<\/ul>\n<p>En <strong>2016<\/strong>, l\u2019UE avait salu\u00e9 certains progr\u00e8s en retirant temporairement la Guin\u00e9e de sa liste noire, mais <strong>les exportations n\u2019ont jamais \u00e9t\u00e9 totalement r\u00e9tablies<\/strong>, faute de garanties suffisantes sur la cha\u00eene de tra\u00e7abilit\u00e9.<\/p>\n<p>Vers une lev\u00e9e partielle de l\u2019interdiction ?<\/p>\n<p>Des discussions techniques ont \u00e9t\u00e9 relanc\u00e9es en <strong>2024<\/strong> entre Bruxelles et Conakry. Selon des sources proches du dossier, une <strong>mission d\u2019\u00e9valuation europ\u00e9enne<\/strong> est attendue en 2025 pour r\u00e9examiner les syst\u00e8mes mis en place par la Guin\u00e9e.<\/p>\n<blockquote>\n<p>\u00ab Le retour de la Guin\u00e9e sur le march\u00e9 europ\u00e9en d\u00e9pendra de sa capacit\u00e9 \u00e0 d\u00e9montrer la fiabilit\u00e9 de ses contr\u00f4les et de la l\u00e9galit\u00e9 de ses exportations \u00bb, affirme un expert de la Direction g\u00e9n\u00e9rale de la p\u00eache \u00e0 Bruxelles.<\/p>\n<\/blockquote>\n<p><strong>Mohamed Saliou CAMARA, journaliste d\u2019investigation, Fact-checker, Data analyst, \u00c9diteur scientifique.<\/strong><\/p>\n","protected":false},"excerpt":{"rendered":"Depuis 2007, la R\u00e9publique de Guin\u00e9e fait l\u2019objet d\u2019une interdiction d\u2019exportation de ses produits halieutiques vers l\u2019Union europ\u00e9enne&hellip;\n","protected":false},"author":2,"featured_media":109498,"comment_status":"","ping_status":"","sticky":false,"template":"","format":"standard","meta":{"footnotes":""},"categories":[1586],"tags":[11,1777,674,1779,1011,27,15627,12,22761,25,1778,364],"class_list":{"0":"post-109497","1":"post","2":"type-post","3":"status-publish","4":"format-standard","5":"has-post-thumbnail","7":"category-europe","8":"tag-actualites","9":"tag-eu","10":"tag-europe","11":"tag-european-union","12":"tag-fr","13":"tag-france","14":"tag-guinee","15":"tag-news","16":"tag-peche-illegale","17":"tag-republique-francaise","18":"tag-ue","19":"tag-union-europeenne"},"share_on_mastodon":{"url":"","error":""},"_links":{"self":[{"href":"https:\/\/www.europesays.com\/fr\/wp-json\/wp\/v2\/posts\/109497","targetHints":{"allow":["GET"]}}],"collection":[{"href":"https:\/\/www.europesays.com\/fr\/wp-json\/wp\/v2\/posts"}],"about":[{"href":"https:\/\/www.europesays.com\/fr\/wp-json\/wp\/v2\/types\/post"}],"author":[{"embeddable":true,"href":"https:\/\/www.europesays.com\/fr\/wp-json\/wp\/v2\/users\/2"}],"replies":[{"embeddable":true,"href":"https:\/\/www.europesays.com\/fr\/wp-json\/wp\/v2\/comments?post=109497"}],"version-history":[{"count":0,"href":"https:\/\/www.europesays.com\/fr\/wp-json\/wp\/v2\/posts\/109497\/revisions"}],"wp:featuredmedia":[{"embeddable":true,"href":"https:\/\/www.europesays.com\/fr\/wp-json\/wp\/v2\/media\/109498"}],"wp:attachment":[{"href":"https:\/\/www.europesays.com\/fr\/wp-json\/wp\/v2\/media?parent=109497"}],"wp:term":[{"taxonomy":"category","embeddable":true,"href":"https:\/\/www.europesays.com\/fr\/wp-json\/wp\/v2\/categories?post=109497"},{"taxonomy":"post_tag","embeddable":true,"href":"https:\/\/www.europesays.com\/fr\/wp-json\/wp\/v2\/tags?post=109497"}],"curies":[{"name":"wp","href":"https:\/\/api.w.org\/{rel}","templated":true}]}}