{"id":109499,"date":"2025-05-18T14:15:11","date_gmt":"2025-05-18T14:15:11","guid":{"rendered":"https:\/\/www.europesays.com\/fr\/109499\/"},"modified":"2025-05-18T14:15:11","modified_gmt":"2025-05-18T14:15:11","slug":"mort-du-werenoi-enorme-polemique-apres-lannonce-de-la-radio-skyrock","status":"publish","type":"post","link":"https:\/\/www.europesays.com\/fr\/109499\/","title":{"rendered":"Mort du Werenoi : \u00e9norme pol\u00e9mique apr\u00e8s l\u2019annonce de la radio Skyrock"},"content":{"rendered":"<p>      R\u00e9sum\u00e9<\/p>\n<p>Skyrock est au centre d&rsquo;une pol\u00e9mique sur les r\u00e9seaux sociaux apr\u00e8s avoir annonc\u00e9 un hommage au rappeur Werenoi, contrairement aux traditions musulmanes de respect de la volont\u00e9 du d\u00e9funt.<\/p>\n<p>        Sommaire<\/p>\n<p>L&rsquo;hommage que souhaite rendre Skyrock \u00e0 Werenoi est-il d\u00e9plac\u00e9 ? <strong>Sur les r\u00e9seaux sociaux, la pol\u00e9mique grandit<\/strong> depuis un tweet post\u00e9 par la station de radio ce samedi 17 mai en milieu d&rsquo;apr\u00e8s-midi. Ce dimanche, entre 20h et 21h, une heure sera enti\u00e8rement allou\u00e9e \u00e0 Werenoi, et l&rsquo;\u00e9mission Plan\u00e8te Rap rendra hommage <a href=\"https:\/\/www.public.fr\/exclu-public-le-rappeur-werenoi-serait-decede-a-lage-de-31-ans\" target=\"_blank\" rel=\"noopener\">au rappeur <strong>d\u00e9c\u00e9d\u00e9 \u00e0 31 ans<\/strong><\/a><strong> des suites <a href=\"https:\/\/www.public.fr\/exclu-public-mort-de-werenoi-les-vraies-causes-de-son-deces\" target=\"_blank\" rel=\"noopener\">d&rsquo;une d\u00e9faillance multivisc\u00e9rale<\/a><\/strong>.<\/p>\n<p>Les fans et l&rsquo;entourage de Werenoi reprochent \u00e0 la station de radio de ne pas respecter le rite musulman. En clair, lorsqu&rsquo;un artiste musulman d\u00e9c\u00e8de, <strong>ses chansons ne doivent plus \u00eatre \u00e9cout\u00e9es<\/strong>. Conform\u00e9ment \u00e0 la volont\u00e9 du d\u00e9funt et de son entourage, celles-ci doivent \u00eatre supprim\u00e9es de toutes les plateformes. <strong>Les r\u00e9seaux sociaux de Werenoi doivent \u00e9galement \u00eatre \u00e9pur\u00e9s<\/strong>, et son empreinte musicale doit simplement rester dans l&rsquo;imagerie populaire.<\/p>\n<p>Skyrock va \u00e0 l&rsquo;encontre de la volont\u00e9 de Werenoi<\/p>\n<p>Pourtant, ce dimanche, <a href=\"https:\/\/vsd.fr\/9919-deces-qui-etait-momo-lanimateur-de-skyrock-disparu-a-31-ans\/\" target=\"_blank\" rel=\"noopener\">Skyrock<\/a> semble vouloir <strong>enfreindre la volont\u00e9 du d\u00e9funt et de son entourage<\/strong>. Des musiques de Werenoi pourraient \u00eatre diffus\u00e9es, alors m\u00eame que toute la communaut\u00e9 de fans s&rsquo;y oppose. Sur X, des milliers de commentaires ont \u00e9t\u00e9 publi\u00e9s, et appellent Skyrock \u00e0 faire marche arri\u00e8re&#8230; <strong>Mais les \u00e9couteront-ils ?<\/strong><\/p>\n<p>\u00ab\u00a0Alors que le meilleur hommage possible est de supprimer tous ces sons\u00a0\u00bb fustige l&rsquo;un d&rsquo;eux, soutenu par des dizaines d&rsquo;autres : \u00ab\u00a0Ils ont rien compris eux\u00a0\u00bb, \u00ab\u00a0Comme quoi cette radio d\u2019un ancien temps n\u2019a rien compris au rap et au respect des artistes\u00a0\u00bb, \u00ab\u00a0<strong>Aucun respect pour les d\u00e9funts<\/strong>\u00ab\u00a0.<\/p>\n<p>D&rsquo;autres personnes ont tenu \u00e0 soutenir la d\u00e9marche de Skyrock, en rappelant que <strong>Werenoi \u00e9tait d\u00e9j\u00e0 dans le p\u00each\u00e9 de son vivant<\/strong>, et que la mort n&rsquo;enl\u00e8vera rien \u00e0 cela : \u00ab\u00a0En islam, si tu a laiss\u00e9 des mauvaises choses derri\u00e8re toi (paroles, sons, influences), les p\u00e9ch\u00e9s continuent de s\u2019accumuler sur ta balance. M\u00eame mort tu continue de prendre des p\u00e9ch\u00e9s\u00a0\u00bb. Skyrock va-t-il r\u00e9trop\u00e9daler ? R\u00e9ponse ce soir.<\/p>\n<p>      Mentionn\u00e9s dans cet article<\/p>\n<p>\u00c0 lire aussi<\/p>\n","protected":false},"excerpt":{"rendered":"R\u00e9sum\u00e9 Skyrock est au centre d&rsquo;une pol\u00e9mique sur les r\u00e9seaux sociaux apr\u00e8s avoir annonc\u00e9 un hommage au rappeur&hellip;\n","protected":false},"author":2,"featured_media":109500,"comment_status":"","ping_status":"","sticky":false,"template":"","format":"standard","meta":{"footnotes":""},"categories":[2],"tags":[11,1011,27,4879,5318,18,12,4020,25,22762,22146],"class_list":{"0":"post-109499","1":"post","2":"type-post","3":"status-publish","4":"format-standard","5":"has-post-thumbnail","7":"category-actualites","8":"tag-actualites","9":"tag-fr","10":"tag-france","11":"tag-hommage","12":"tag-islam","13":"tag-mort","14":"tag-news","15":"tag-religion","16":"tag-republique-francaise","17":"tag-skyrock","18":"tag-werenoi"},"share_on_mastodon":{"url":"https:\/\/pubeurope.com\/@fr\/114529260211822659","error":""},"_links":{"self":[{"href":"https:\/\/www.europesays.com\/fr\/wp-json\/wp\/v2\/posts\/109499","targetHints":{"allow":["GET"]}}],"collection":[{"href":"https:\/\/www.europesays.com\/fr\/wp-json\/wp\/v2\/posts"}],"about":[{"href":"https:\/\/www.europesays.com\/fr\/wp-json\/wp\/v2\/types\/post"}],"author":[{"embeddable":true,"href":"https:\/\/www.europesays.com\/fr\/wp-json\/wp\/v2\/users\/2"}],"replies":[{"embeddable":true,"href":"https:\/\/www.europesays.com\/fr\/wp-json\/wp\/v2\/comments?post=109499"}],"version-history":[{"count":0,"href":"https:\/\/www.europesays.com\/fr\/wp-json\/wp\/v2\/posts\/109499\/revisions"}],"wp:featuredmedia":[{"embeddable":true,"href":"https:\/\/www.europesays.com\/fr\/wp-json\/wp\/v2\/media\/109500"}],"wp:attachment":[{"href":"https:\/\/www.europesays.com\/fr\/wp-json\/wp\/v2\/media?parent=109499"}],"wp:term":[{"taxonomy":"category","embeddable":true,"href":"https:\/\/www.europesays.com\/fr\/wp-json\/wp\/v2\/categories?post=109499"},{"taxonomy":"post_tag","embeddable":true,"href":"https:\/\/www.europesays.com\/fr\/wp-json\/wp\/v2\/tags?post=109499"}],"curies":[{"name":"wp","href":"https:\/\/api.w.org\/{rel}","templated":true}]}}