{"id":109514,"date":"2025-05-18T14:25:08","date_gmt":"2025-05-18T14:25:08","guid":{"rendered":"https:\/\/www.europesays.com\/fr\/109514\/"},"modified":"2025-05-18T14:25:08","modified_gmt":"2025-05-18T14:25:08","slug":"cyclisme-tour-de-cologne-matthew-brennan-simpose-a-cologne-devant-biniam-girmay","status":"publish","type":"post","link":"https:\/\/www.europesays.com\/fr\/109514\/","title":{"rendered":"Cyclisme. Tour de Cologne &#8211; Matthew Brennan s&rsquo;impose \u00e0 Cologne&#8230; devant Biniam Girmay"},"content":{"rendered":"<p>Ce dimanche se disputait la classique allemande <strong>Rund um K\u00f6ln 2025<\/strong>. C&rsquo;est un groupe d&rsquo;une quarantaine de coureurs qui s&rsquo;est jou\u00e9 la victoire dans les rues de Cologne, au terme d&rsquo;une course assez mouvement\u00e9e. Au sprint,<a href=\"https:\/\/www.cyclismactu.net\/..\/coureur-matthew-brennan-11047.html\" target=\"_blank\" rel=\"noopener\"> <strong>Matthew Brennan<\/strong><\/a> (Visma | Lease a Bike) a domin\u00e9 <strong>Biniam Girmay<\/strong> (Intermarch\u00e9-Wanty) et <strong>Itamar Einhorn<\/strong> (Israel-Premier Tech). Il s&rsquo;agit d\u00e9j\u00e0 de la 7e victoire de la saison pour le sprinteur britannique.<\/p>\n<p>Vid\u00e9o &#8211; Brennan, vainqueur puissance ce dimanche Lire la suite de l&rsquo;article&#13;<\/p>\n<p>\u00a0<\/p>\n<p>&#13;<br \/>\nLe r\u00e9sum\u00e9&#13;<\/p>\n<p>C&rsquo;est \u00e0 54 kilom\u00e8tres de l&rsquo;arriv\u00e9e que la course a bascul\u00e9. Alors qu&rsquo;une \u00e9chapp\u00e9e de sept coureurs poss\u00e9dait encore un l\u00e9ger avantage, le peloton s&rsquo;est scind\u00e9 en deux, notamment sous l&rsquo;impulsion de <strong>Nils Politt<\/strong> (UAE Team Emirates), <strong>Matthew Brennan<\/strong> (Visma | Lease a Bike) et <strong>Biniam Girmay<\/strong> (Intermarch\u00e9-Wanty). Une quarantaine de coureurs ont alors repris les fuyards et creus\u00e9 l&rsquo;\u00e9cart sur le second peloton.<\/p>\n<p>&#13;<\/p>\n<p>Dans ce premier groupe, on retrouvait notamment <strong>Girmay<\/strong>, <strong>Brennan<\/strong>, <strong>Bittner<\/strong> et <strong>Milan Menten<\/strong>. <strong>Nils Politt<\/strong> a tent\u00e9 de s&rsquo;\u00e9chapper \u00e0 14 kilom\u00e8tres de l&rsquo;arriv\u00e9e, sans succ\u00e8s. <strong>Ole Theiler<\/strong> (REMBE-rad net) a attaqu\u00e9 \u00e0 son tour et est parvenu \u00e0 prendre une dizaine de secondes d&rsquo;avance sur le peloton. Derri\u00e8re, Visma | Lease a Bike et Intermarch\u00e9-Wanty ont men\u00e9 la poursuite. L&rsquo;Allemand a \u00e9t\u00e9 repris \u00e0 2,7 kilom\u00e8tres du but.\u00a0<strong>Henri Uhlig<\/strong> (Alpecin-Deceuninck) a \u00e9t\u00e9 le premier \u00e0 lancer le sprint, mais il a rapidement \u00e9t\u00e9 d\u00e9bord\u00e9 par <strong>Girmay<\/strong> et <strong>Brennan<\/strong>. Les deux sprinteurs se sont livr\u00e9 un beau duel, mais c&rsquo;est le Britannique qui s&rsquo;est montr\u00e9 le plus rapide. <strong>Itamar Einhorn<\/strong> a pris la 3e place.<\/p>\n<p>Tour de Cologne &#8211; Classement g\u00e9n\u00e9ral<\/p>\n","protected":false},"excerpt":{"rendered":"Ce dimanche se disputait la classique allemande Rund um K\u00f6ln 2025. C&rsquo;est un groupe d&rsquo;une quarantaine de coureurs&hellip;\n","protected":false},"author":2,"featured_media":109515,"comment_status":"","ping_status":"","sticky":false,"template":"","format":"standard","meta":{"footnotes":""},"categories":[1411],"tags":[1154,207,211,1011,27,209,60,22293,210,212,208,213],"class_list":{"0":"post-109514","1":"post","2":"type-post","3":"status-publish","4":"format-standard","5":"has-post-thumbnail","7":"category-cyclisme","8":"tag-cycling","9":"tag-cyclisme","10":"tag-ffc","11":"tag-fr","12":"tag-france","13":"tag-route","14":"tag-sports","15":"tag-tour-de-cologne","16":"tag-tour-de-france","17":"tag-uci","18":"tag-velo","19":"tag-world-tour"},"share_on_mastodon":{"url":"https:\/\/pubeurope.com\/@fr\/114529299515192926","error":""},"_links":{"self":[{"href":"https:\/\/www.europesays.com\/fr\/wp-json\/wp\/v2\/posts\/109514","targetHints":{"allow":["GET"]}}],"collection":[{"href":"https:\/\/www.europesays.com\/fr\/wp-json\/wp\/v2\/posts"}],"about":[{"href":"https:\/\/www.europesays.com\/fr\/wp-json\/wp\/v2\/types\/post"}],"author":[{"embeddable":true,"href":"https:\/\/www.europesays.com\/fr\/wp-json\/wp\/v2\/users\/2"}],"replies":[{"embeddable":true,"href":"https:\/\/www.europesays.com\/fr\/wp-json\/wp\/v2\/comments?post=109514"}],"version-history":[{"count":0,"href":"https:\/\/www.europesays.com\/fr\/wp-json\/wp\/v2\/posts\/109514\/revisions"}],"wp:featuredmedia":[{"embeddable":true,"href":"https:\/\/www.europesays.com\/fr\/wp-json\/wp\/v2\/media\/109515"}],"wp:attachment":[{"href":"https:\/\/www.europesays.com\/fr\/wp-json\/wp\/v2\/media?parent=109514"}],"wp:term":[{"taxonomy":"category","embeddable":true,"href":"https:\/\/www.europesays.com\/fr\/wp-json\/wp\/v2\/categories?post=109514"},{"taxonomy":"post_tag","embeddable":true,"href":"https:\/\/www.europesays.com\/fr\/wp-json\/wp\/v2\/tags?post=109514"}],"curies":[{"name":"wp","href":"https:\/\/api.w.org\/{rel}","templated":true}]}}