{"id":109520,"date":"2025-05-18T14:28:08","date_gmt":"2025-05-18T14:28:08","guid":{"rendered":"https:\/\/www.europesays.com\/fr\/109520\/"},"modified":"2025-05-18T14:28:08","modified_gmt":"2025-05-18T14:28:08","slug":"cannes-un-architecte-ecrase-par-son-oeuvre-dans-linconnu-de-la-grande-arche-actualites","status":"publish","type":"post","link":"https:\/\/www.europesays.com\/fr\/109520\/","title":{"rendered":"Cannes: un architecte \u00e9cras\u00e9 par son oeuvre dans \u00ab\u00a0L&rsquo;inconnu de la Grande Arche\u00a0\u00bb : Actualit\u00e9s"},"content":{"rendered":"<p class=\"lead \">Son cube de verre domine l&rsquo;horizon parisien mais l&rsquo;Histoire a oubli\u00e9 son nom. \u00ab\u00a0L&rsquo;inconnu de la Grande Arche\u00a0\u00bb, pr\u00e9sent\u00e9 \u00e0 Cannes, saisit la vertigineuse trajectoire de Johan Otto von Spreckelsen, l&rsquo;architecte danois qui finira consum\u00e9 par le chantier pharaonique de la D\u00e9fense.<\/p>\n<p class=\"lead \">En 1983, quand s&rsquo;ouvre le film de St\u00e9phane Demoustier, le pr\u00e9sident Fran\u00e7ois Mitterrand confie \u00e0 von Spreckelsen, qui n&rsquo;a alors construit que sa maison et une poign\u00e9e d&rsquo;\u00e9glises, les cl\u00e9s de ce projet colossal qui doit \u00eatre livr\u00e9 pour le bicentenaire de la R\u00e9volution de 1789.<\/p>\n<p class=\"lead \">La surprise est totale, tout le monde \u00e9corche son nom, personne n&rsquo;arrive \u00e0 le joindre. \u00ab\u00a0Appelez l&rsquo;ambassade du Danemark, c&rsquo;est un petit pays, ils sauront vous renseigner\u00a0\u00bb, lance Mitterrand, monarque b\u00e2tisseur camp\u00e9 par Michel Fau dans ce film projet\u00e9 dans la section Un certain regard.<\/p>\n<p class=\"lead \">R\u00e9v\u00e9l\u00e9 dans \u00ab\u00a0The Square\u00a0\u00bb, Palme d&rsquo;or 2017, l&rsquo;acteur danois Claes Bang pr\u00eate sa longue silhouette \u00e0 ce von Spreckelsen flegmatique et obstin\u00e9, r\u00e9tif \u00e0 toute concession malgr\u00e9 les pressions d&rsquo;un conseiller pr\u00e9sidentiel (Xavier Dolan) et les suggestions avis\u00e9es de son ex\u00e9cutant (Swan Arlaud).<\/p>\n<p class=\"lead \">Apr\u00e8s \u00ab\u00a0The Brutalist\u00a0\u00bb et \u00ab\u00a0Megalopolis\u00a0\u00bb de Francis Ford Coppola, sa fiction place au centre du r\u00e9cit un architecte qui \u00ab\u00a0ne voit le monde qu&rsquo;\u00e0 travers son m\u00e9tier\u00a0\u00bb, explique \u00e0 l&rsquo;AFP St\u00e9phane Demoustier (\u00ab\u00a0Borgo\u00a0\u00bb, \u00ab\u00a0La Fille au bracelet\u00a0\u00bb&#8230;).<\/p>\n<p class=\"lead \">\u00ab\u00a0Qu&rsquo;il ait autant souffert dans un processus qui aurait d\u00fb \u00eatre un accomplissement pour lui, \u00e7a me l&rsquo;a rendu touchant\u00a0\u00bb, ajoute le cin\u00e9aste de 48 ans.<\/p>\n<p class=\"lead \">De la qualit\u00e9 du marbre au rendu des parois en verre, sa qu\u00eate d&rsquo;absolu sur la Grande Arche, qu&rsquo;il est le seul \u00e0 appeler \u00ab\u00a0le cube\u00a0\u00bb, finira par avoir raison de sa sant\u00e9. Mort en 1987, von Spreckelsen n&rsquo;aura jamais vu son grand-oeuvre debout.<\/p>\n<p class=\"lead \">&#8211; \u00ab\u00a0Composer avec le r\u00e9el\u00a0\u00bb &#8211;<\/p>\n<p class=\"lead \">\u00ab\u00a0Ca m&rsquo;a touch\u00e9, cette incapacit\u00e9 \u00e0 composer avec le r\u00e9el parce que, nous aussi, quand on fait des films, on est constamment aux prises avec ces questions\u00a0\u00bb, d\u00e9veloppe le r\u00e9alisateur fran\u00e7ais. \u00ab\u00a0On a une id\u00e9e et puis il y a les principes de r\u00e9alit\u00e9 qui nous rattrapent, le manque d&rsquo;argent, la disponibilit\u00e9 des lieux\u00a0\u00bb.<\/p>\n<p class=\"lead \">St\u00e9phane Demoustier voulait aussi replonger dans cette \u00e9poque des grands et dispendieux projets mitterrandiens, qu&rsquo;il assimile aux \u00ab\u00a0derniers feux du romantisme et d&rsquo;une libert\u00e9 fran\u00e7aise\u00a0\u00bb. <\/p>\n<p class=\"lead \">A l&rsquo;\u00e9poque du chantier de la Grande Arche, la Pyramide du Louvre sortait peu \u00e0 peu de terre, engloutissant des milliards d&rsquo;argent public au nom de la grandeur fran\u00e7aise.<\/p>\n<p class=\"lead \">\u00ab\u00a0Aujourd&rsquo;hui, on serait incapable de mener de front tous ces chantiers, surtout pour des projets patrimoniaux\u00a0\u00bb, estime le cin\u00e9aste, qui est parvenu, sans effets sp\u00e9ciaux spectaculaires, \u00e0 reconstituer \u00e0 l&rsquo;\u00e9cran ces m\u00e9gachantiers qui d\u00e9figuraient une partie de la capitale fran\u00e7aise. <\/p>\n<p class=\"lead \">Pour quel r\u00e9sultat? Pos\u00e9e en plein coeur du quartier d&rsquo;affaires de la D\u00e9fense, l&rsquo;un des plus grands d&rsquo;Europe, la Grande Arche ne remplit aucune fonction publique et une partie de l&rsquo;\u00e9difice est enti\u00e8rement inoccup\u00e9e.<\/p>\n<p class=\"lead \">\u00ab\u00a0Il y avait du panache derri\u00e8re ce projet mais aussi une certaine gabegie\u00a0\u00bb, relate St\u00e9phane Demoustier, qui entretient une relation tr\u00e8s distante avec ce monument. \u00ab\u00a0C&rsquo;est curieux, l&rsquo;Arche, on la conna\u00eet tous mais, en m\u00eame temps, personne n&rsquo;a de rapport sensible avec elle\u00a0\u00bb. <\/p>\n<p class=\"lead \">A l&rsquo;exception de son d\u00e9funt b\u00e2tisseur.  <\/p>\n<p class=\"small font-weight-bold text-gray3 \"> publi\u00e9 le 18 mai \u00e0 15h42, AFP<\/p>\n<p>                             Partager<\/p>\n","protected":false},"excerpt":{"rendered":"Son cube de verre domine l&rsquo;horizon parisien mais l&rsquo;Histoire a oubli\u00e9 son nom. \u00ab\u00a0L&rsquo;inconnu de la Grande Arche\u00a0\u00bb,&hellip;\n","protected":false},"author":2,"featured_media":109521,"comment_status":"","ping_status":"","sticky":false,"template":"","format":"standard","meta":{"footnotes":""},"categories":[1358],"tags":[1350,1348,1384,1385,1771,1971,6406,1972,145,1386,58,59,849,1011,27,316,5343],"class_list":{"0":"post-109520","1":"post","2":"type-post","3":"status-publish","4":"format-standard","5":"has-post-thumbnail","7":"category-arts-et-design","8":"tag-architecture","9":"tag-arts","10":"tag-arts-and-design","11":"tag-arts-et-design","12":"tag-btp","13":"tag-clbrits","14":"tag-cannes2025","15":"tag-cinma","16":"tag-danemark","17":"tag-design","18":"tag-divertissement","19":"tag-entertainment","20":"tag-festival","21":"tag-fr","22":"tag-france","23":"tag-politique","24":"tag-travaux-publics"},"share_on_mastodon":{"url":"https:\/\/pubeurope.com\/@fr\/114529311400248853","error":""},"_links":{"self":[{"href":"https:\/\/www.europesays.com\/fr\/wp-json\/wp\/v2\/posts\/109520","targetHints":{"allow":["GET"]}}],"collection":[{"href":"https:\/\/www.europesays.com\/fr\/wp-json\/wp\/v2\/posts"}],"about":[{"href":"https:\/\/www.europesays.com\/fr\/wp-json\/wp\/v2\/types\/post"}],"author":[{"embeddable":true,"href":"https:\/\/www.europesays.com\/fr\/wp-json\/wp\/v2\/users\/2"}],"replies":[{"embeddable":true,"href":"https:\/\/www.europesays.com\/fr\/wp-json\/wp\/v2\/comments?post=109520"}],"version-history":[{"count":0,"href":"https:\/\/www.europesays.com\/fr\/wp-json\/wp\/v2\/posts\/109520\/revisions"}],"wp:featuredmedia":[{"embeddable":true,"href":"https:\/\/www.europesays.com\/fr\/wp-json\/wp\/v2\/media\/109521"}],"wp:attachment":[{"href":"https:\/\/www.europesays.com\/fr\/wp-json\/wp\/v2\/media?parent=109520"}],"wp:term":[{"taxonomy":"category","embeddable":true,"href":"https:\/\/www.europesays.com\/fr\/wp-json\/wp\/v2\/categories?post=109520"},{"taxonomy":"post_tag","embeddable":true,"href":"https:\/\/www.europesays.com\/fr\/wp-json\/wp\/v2\/tags?post=109520"}],"curies":[{"name":"wp","href":"https:\/\/api.w.org\/{rel}","templated":true}]}}