{"id":1095237,"date":"2026-07-29T15:53:23","date_gmt":"2026-07-29T15:53:23","guid":{"rendered":"https:\/\/www.europesays.com\/fr\/1095237\/"},"modified":"2026-07-29T15:53:23","modified_gmt":"2026-07-29T15:53:23","slug":"marseille-fonce-aussi-sur-rafik-belghali","status":"publish","type":"post","link":"https:\/\/www.europesays.com\/fr\/1095237\/","title":{"rendered":"Marseille fonce aussi sur Rafik Belghali"},"content":{"rendered":"<p style=\"text-align: justify;\"><strong>TRANSFERTS LIGUE 1 \u2013 Selon <a href=\"https:\/\/x.com\/NicoSchira\/status\/2082411268435030466\" rel=\"nofollow\">Nicol\u00f2 Schira<\/a>, l\u2019Olympique de Marseille tente de recruter le d\u00e9fenseur alg\u00e9rien Rafik Belghali.<\/strong><\/p>\n<p style=\"text-align: justify;\">Alors qu\u2019il ne reste plus qu\u2019un mois de mercato, l\u2019<strong>Olympique de Marseille<\/strong> commence \u00e0 s\u2019activer pour compl\u00e9ter son effectif. Malgr\u00e9 ses difficult\u00e9s \u00e0 vendre des joueurs afin de faire entrer des liquidit\u00e9s, la cellule de recrutement avance ses pions, notamment avec <strong>Jean-Clair Todibo<\/strong>, courtis\u00e9 pour renforcer l\u2019axe de la d\u00e9fense de l\u2019OM.<\/p>\n<p><a href=\"https:\/\/dicodusport.fr\/blog\/mercato-om-2026-2027-le-tableau-complet-des-transferts-arrivees-et-departs\/\" class=\"vlp-link\" title=\"Mercato OM 2026-2027 : Le tableau complet des transferts, arriv\u00e9es et d\u00e9parts\" rel=\"nofollow noopener\" target=\"_blank\"><img loading=\"lazy\" decoding=\"async\" style=\"max-width: 792px;\" width=\"792\" height=\"445\" class=\"attachment-800x445 size-800x445 perfmatters-lazy\" alt=\"Mercato OM 2026-2027 Le tableau complet des transferts, arriv\u00e9es et d\u00e9parts\" src=\"https:\/\/www.europesays.com\/fr\/wp-content\/uploads\/2026\/07\/Mercato-OM-2026-2027-Le-tableau-complet-des-transferts-arrivees-et-departs.png\"  data-\/><\/p>\n<p>Mercato OM 2026-2027 : Le tableau complet des transferts, arriv\u00e9es et d\u00e9parts<\/p>\n<p>TRANSERTS OM &#8211; Retrouvez tous les mouvements de l&rsquo;Olympique de Marseille pour l&rsquo;intersaison 2026 en Ligue 1. Arriv\u00e9es, d\u00e9parts, pr\u00eats, transferts d\u00e9finitifs, ne ratez rien du mercato estival.\u00a0<\/p>\n<p>Lire l&rsquo;article<\/p>\n<p>dicodusport.fr<\/p>\n<p>Rafik Belghali pr\u00eat\u00e9 \u00e0 l\u2019OM ?<\/p>\n<p style=\"text-align: justify;\">Bruno G\u00e9n\u00e9sio a expliqu\u00e9 qu\u2019il attendait notamment un lat\u00e9ral droit pour compl\u00e9ter son effectif. <strong>Gr\u00e9gory Lorenzi<\/strong> s\u2019est donc mis en qu\u00eate d\u2019un joueur \u00e0 ce poste et a coch\u00e9 le nom de l\u2019international alg\u00e9rien <strong>Rafik Belghali<\/strong>. Le joueur de 24 ans vient de disputer la Coupe du monde avec l\u2019Alg\u00e9rie et est consid\u00e9r\u00e9 comme une valeur s\u00fbre \u00e0 son poste.<\/p>\n<p style=\"text-align: justify;\">\u00c9valu\u00e9 \u00e0 12 millions d\u2019euros, <strong>Rafik Belghali<\/strong> semble hors de port\u00e9e de l\u2019<strong>Olympique de Marseille<\/strong> dans le cadre de ce mercato. Les <strong>Olympiens<\/strong> tentent donc de convaincre V\u00e9rone d\u2019accepter un pr\u00eat assorti d\u2019une option d\u2019achat obligatoire. Le lat\u00e9ral alg\u00e9rien signerait pour une saison en pr\u00eat, avant de s\u2019engager pour quatre ans, jusqu\u2019en juin 2031. Les deux clubs doivent d\u00e9sormais se mettre d\u2019accord sur le montant de l\u2019option d\u2019achat, alors que les Italiens r\u00e9clament un peu moins de 15 millions d\u2019euros.<\/p>\n","protected":false},"excerpt":{"rendered":"TRANSFERTS LIGUE 1 \u2013 Selon Nicol\u00f2 Schira, l\u2019Olympique de Marseille tente de recruter le d\u00e9fenseur alg\u00e9rien Rafik Belghali.&hellip;\n","protected":false},"author":2,"featured_media":1095238,"comment_status":"","ping_status":"","sticky":false,"template":"","format":"standard","meta":{"footnotes":"","_share_on_mastodon":"0"},"categories":[2814],"tags":[1111,11,2113,1777,674,1011,27,884,12,149,882,25,112495,48444,33137],"class_list":["post-1095237","post","type-post","status-publish","format-standard","has-post-thumbnail","category-marseille","tag-actu","tag-actualites","tag-breve","tag-eu","tag-europe","tag-fr","tag-france","tag-marseille","tag-news","tag-om","tag-provence-alpes-cote-dazur","tag-republique-francaise","tag-transferts-ligue-1","tag-transferts-om","tag-transferts-football"],"share_on_mastodon":{"url":"https:\/\/pubeurope.com\/@fr\/117004077338530718","error":""},"_links":{"self":[{"href":"https:\/\/www.europesays.com\/fr\/wp-json\/wp\/v2\/posts\/1095237","targetHints":{"allow":["GET"]}}],"collection":[{"href":"https:\/\/www.europesays.com\/fr\/wp-json\/wp\/v2\/posts"}],"about":[{"href":"https:\/\/www.europesays.com\/fr\/wp-json\/wp\/v2\/types\/post"}],"author":[{"embeddable":true,"href":"https:\/\/www.europesays.com\/fr\/wp-json\/wp\/v2\/users\/2"}],"replies":[{"embeddable":true,"href":"https:\/\/www.europesays.com\/fr\/wp-json\/wp\/v2\/comments?post=1095237"}],"version-history":[{"count":0,"href":"https:\/\/www.europesays.com\/fr\/wp-json\/wp\/v2\/posts\/1095237\/revisions"}],"wp:featuredmedia":[{"embeddable":true,"href":"https:\/\/www.europesays.com\/fr\/wp-json\/wp\/v2\/media\/1095238"}],"wp:attachment":[{"href":"https:\/\/www.europesays.com\/fr\/wp-json\/wp\/v2\/media?parent=1095237"}],"wp:term":[{"taxonomy":"category","embeddable":true,"href":"https:\/\/www.europesays.com\/fr\/wp-json\/wp\/v2\/categories?post=1095237"},{"taxonomy":"post_tag","embeddable":true,"href":"https:\/\/www.europesays.com\/fr\/wp-json\/wp\/v2\/tags?post=1095237"}],"curies":[{"name":"wp","href":"https:\/\/api.w.org\/{rel}","templated":true}]}}