{"id":109524,"date":"2025-05-18T14:30:12","date_gmt":"2025-05-18T14:30:12","guid":{"rendered":"https:\/\/www.europesays.com\/fr\/109524\/"},"modified":"2025-05-18T14:30:12","modified_gmt":"2025-05-18T14:30:12","slug":"furieuse-alicia-maries-au-premier-regard-explique-pourquoi-elle-na-pas-ete-invitee-au-week-end-des-candidats-de-mapr","status":"publish","type":"post","link":"https:\/\/www.europesays.com\/fr\/109524\/","title":{"rendered":"Furieuse, Alicia (Mari\u00e9s au premier regard) explique pourquoi elle n&rsquo;a pas \u00e9t\u00e9 invit\u00e9e au week-end des candidats de MAPR"},"content":{"rendered":"<p>Alors qu\u2019un week-end r\u00e9unissant de nombreux candidats de Mari\u00e9s au premier regard battait son plein ce 17 mai, Alicia s\u2019est empar\u00e9e de son compte Instagram pour d\u00e9voiler les raisons de son absence.<\/p>\n<p>La famille de Mari\u00e9s au premier regard au grand complet\u2026 ou presque. Samedi 17 mai, une dizaine de candidats de l\u2019\u00e9mission de M6 &#8211; de la saison 3 \u00e0 la saison 9 &#8211; ont partag\u00e9 sur Instagram leur week-end pass\u00e9 dans un sublime domaine viticole situ\u00e9 dans la r\u00e9gion du Var. Au programme : balade en quad au milieu des vignes et soir\u00e9e endiabl\u00e9e rythm\u00e9e par un groupe de musique. Parmi les invit\u00e9s pr\u00e9sents, on peut retrouver <a href=\"https:\/\/www.programme-tv.net\/news\/tele-realite\/378676-ca-ne-correspond-pas-a-ce-qui-sest-passe-sophie-maries-au-premier-regard-retablit-une-verite-sur-une-sequence-qui-a-beaucoup-fait-parler-avec-guillaume\/\" data-api-deeplink=\"teleloisirs:\/\/news\/378676\" target=\"_blank\" rel=\"noopener\">Sophie de la saison actuelle<\/a>, mais aussi des candidats embl\u00e9matiques d\u2019\u00e9ditions plus anciennes comme Marl\u00e8ne (saison 3), Matthieu (saison 4), Yannick (saison 5), mais aussi Cyndie, Alexandre et <a href=\"https:\/\/www.programme-tv.net\/news\/tele-realite\/374406-ce-n-est-pas-rien-damien-maries-au-premier-regard-se-confie-sur-la-maladie-rare-dont-souffre-sa-fille-valentina-et-qui-necessite-un-protocole-strict\/\" data-api-deeplink=\"teleloisirs:\/\/news\/374406\" target=\"_blank\" rel=\"noopener\">Damien de la sixi\u00e8me saison<\/a>. Les internautes ont par ailleurs rapidement remarqu\u00e9 l\u2019absence d\u2019une autre repr\u00e9sentante de la saison 6, \u00e0 savoir Alicia. La jeune femme a pris la parole dans sa story Instagram, samedi 17 mai 2025.<\/p>\n<p>Alicia (MAPR 6) \u00e9vinc\u00e9e du week-end des candidats Mari\u00e9s au premier regard ? : \u201cOn m\u2019a retir\u00e9e\u2026\u201d<\/p>\n<p>Face aux nombreuses interrogations de ses abonn\u00e9s, <a href=\"https:\/\/www.programme-tv.net\/news\/tele-realite\/378896-alicia-maries-au-premier-regard-tourne-la-page-de-son-mariage-avec-bruno-en-faisant-un-geste-symbolique\/\" data-api-deeplink=\"teleloisirs:\/\/news\/378896\" target=\"_blank\" rel=\"noopener\">l\u2019ex de Bruno<\/a> a d\u00e9cid\u00e9 de r\u00e9pondre avec \u201ctransparence\u201d via sa Story Instagram. \u201cJe devais \u00eatre pr\u00e9sente, mais on m\u2019a retir\u00e9e du week-end\u201d, a d\u2019abord r\u00e9v\u00e9l\u00e9 la jeune femme qui ne fait pas dans la langue de bois. \u201cJe pense que j\u2019ai oubli\u00e9 de dire &lsquo;oui cheffe&rsquo; au bon moment\u201d, a-t-elle poursuivi, sous-entendant un d\u00e9saccord qui aurait mal tourn\u00e9. \u201cDonc pas de week-end pour moi, j\u2019ai pas sign\u00e9 pour un stage de dictature amicale. J\u2019ai quitt\u00e9 un groupe Whatsapp, je n&rsquo;ai pas trahi une arm\u00e9e, mais j\u2019ai \u00e9t\u00e9 trait\u00e9e comme si \u00e7a avait \u00e9t\u00e9 le cas\u201d, a-t-elle conclu, ne cachant pas sa frustration et sa d\u00e9ception.<\/p>\n<p>                        Alicia (MAPR 6) absente du week-end Mari\u00e9s au premier regard : elle peut compter sur le soutien d\u2019autres candidats<\/p>\n<p>Si un d\u00e9saccord semble donc \u00e0 l&rsquo;origine de son \u00e9viction du week-end organis\u00e9 entre les candidats du programme de la six, Alicia reste une candidate embl\u00e9matique qui s\u2019est li\u00e9e d\u2019amiti\u00e9 avec plusieurs participants au fil des saisons. Sur son compte Instagram,<a href=\"https:\/\/www.programme-tv.net\/news\/people\/317091-on-a-fait-une-chute-de-8-metres-alicia-maries-au-premier-regard-se-confie-pour-la-premiere-fois-sur-les-causes-de-son-accident-de-voiture\/\" data-api-deeplink=\"teleloisirs:\/\/news\/317091\" target=\"_blank\" rel=\"noopener\"> la jolie blonde qui a surv\u00e9cu \u00e0 un grave accident de voiture <\/a>partage r\u00e9guli\u00e8rement ses moments de complicit\u00e9 pass\u00e9s avec Cyndie (saison 6) ou Jefferson (saison 7). Apr\u00e8s avoir d\u00e9voil\u00e9 les raisons de son absence du week-end, elle a \u00e9galement partag\u00e9 \u201cavoir crois\u00e9 quelques nouveaux de la saison 9\u201d. \u201cBruno m\u2019a offert une bougie, c\u2019est vraiment gentil de sa part !\u201d, a-t-elle pr\u00e9cis\u00e9.<\/p>\n<p>Article \u00e9crit en collaboration avec 6Medias.<\/p>\n","protected":false},"excerpt":{"rendered":"Alors qu\u2019un week-end r\u00e9unissant de nombreux candidats de Mari\u00e9s au premier regard battait son plein ce 17 mai,&hellip;\n","protected":false},"author":2,"featured_media":109525,"comment_status":"","ping_status":"","sticky":false,"template":"","format":"standard","meta":{"footnotes":""},"categories":[1356],"tags":[22763,244,58,59,1011,27,5214,252,1364],"class_list":{"0":"post-109524","1":"post","2":"type-post","3":"status-publish","4":"format-standard","5":"has-post-thumbnail","7":"category-television","8":"tag-alicia-mariu00e9s-au-premier-regard-6","9":"tag-commentaire","10":"tag-divertissement","11":"tag-entertainment","12":"tag-fr","13":"tag-france","14":"tag-mariu00e9s-au-premier-regard","15":"tag-television","16":"tag-tv"},"share_on_mastodon":{"url":"https:\/\/pubeurope.com\/@fr\/114529319271933251","error":""},"_links":{"self":[{"href":"https:\/\/www.europesays.com\/fr\/wp-json\/wp\/v2\/posts\/109524","targetHints":{"allow":["GET"]}}],"collection":[{"href":"https:\/\/www.europesays.com\/fr\/wp-json\/wp\/v2\/posts"}],"about":[{"href":"https:\/\/www.europesays.com\/fr\/wp-json\/wp\/v2\/types\/post"}],"author":[{"embeddable":true,"href":"https:\/\/www.europesays.com\/fr\/wp-json\/wp\/v2\/users\/2"}],"replies":[{"embeddable":true,"href":"https:\/\/www.europesays.com\/fr\/wp-json\/wp\/v2\/comments?post=109524"}],"version-history":[{"count":0,"href":"https:\/\/www.europesays.com\/fr\/wp-json\/wp\/v2\/posts\/109524\/revisions"}],"wp:featuredmedia":[{"embeddable":true,"href":"https:\/\/www.europesays.com\/fr\/wp-json\/wp\/v2\/media\/109525"}],"wp:attachment":[{"href":"https:\/\/www.europesays.com\/fr\/wp-json\/wp\/v2\/media?parent=109524"}],"wp:term":[{"taxonomy":"category","embeddable":true,"href":"https:\/\/www.europesays.com\/fr\/wp-json\/wp\/v2\/categories?post=109524"},{"taxonomy":"post_tag","embeddable":true,"href":"https:\/\/www.europesays.com\/fr\/wp-json\/wp\/v2\/tags?post=109524"}],"curies":[{"name":"wp","href":"https:\/\/api.w.org\/{rel}","templated":true}]}}