{"id":1095265,"date":"2026-07-29T16:08:23","date_gmt":"2026-07-29T16:08:23","guid":{"rendered":"https:\/\/www.europesays.com\/fr\/1095265\/"},"modified":"2026-07-29T16:08:23","modified_gmt":"2026-07-29T16:08:23","slug":"la-federation-francaise-de-football-devoile-un-nouveau-logo-commun-a-toutes-les-equipes-lequipe","status":"publish","type":"post","link":"https:\/\/www.europesays.com\/fr\/1095265\/","title":{"rendered":"La F\u00e9d\u00e9ration fran\u00e7aise de football d\u00e9voile un nouveau logo commun \u00e0 toutes les \u00e9quipes &#8211; L&#039;\u00c9quipe"},"content":{"rendered":"<ol>\n<li><a href=\"https:\/\/news.google.com\/rss\/articles\/CBMi1AFBVV95cUxNYzN4VzMyQ0ljRndvYlJRT2lSSzRkYXlHV0oySW00NHRNUjRWZGlOelRycXg3MnV0cUZkbzdITGUtWnhwbVZWdVBWVU94QVpMQ2dPR2tPcGlqMVVtSVU0WDIwdTNfY0oxWlJydXdNUlhoc2ptX3BJTjlRWEkyZW44UmxlTjJOek5BcFQ2cEdUc0VKdFBQeHJfbTY1SWF1aUpnWGN5ZzVYRldlaVNWM3dTYkpvbU01NnZJU2RNQUdScFp2dndsRERGdHpoZ0NkYzllb1hPaQ?oc=5\" target=\"_blank\" rel=\"nofollow noopener\">La F\u00e9d\u00e9ration fran\u00e7aise de football d\u00e9voile un nouveau logo commun \u00e0 toutes les \u00e9quipes<\/a>&nbsp;&nbsp;L&rsquo;\u00c9quipe<\/li>\n<li><a href=\"https:\/\/news.google.com\/rss\/articles\/CBMipgJBVV95cUxNb2JNTVdyRnI3aW1OZWgwSDlNeUV1ZkZQNHpNcVBSWUdoMHY1andnV1I3MmxMaGI5QnRUVUxlYTZEX1BDNlhCckVzZ3NHN0ptV2NGSHVoallOdlo0NzZNZWY0NVIzZEVFRU9KZGxDUDlPLUU3UEp2U2FqaThaa1A1SlJkTlRRdkpmWWQ0RDJzZjRiU3EzOEk4RjVWcnRLVjRMekNCbWdmSmJSbWFCVWQxakNYN2xPa1BBM2dyY1NkVWpSYldHNTVZTGJ6Mk9XenotNDlwYlcyb18yZHNSTlBaNWt6LUw3Z0RfV3BWSUlDd1FUalhQano5bXZtRVZKQ0wtbjRCbEtvdDhJVDZXQ3RHQXRQZ1NvOWFUWXlybVBQZEtvVkJoa2c?oc=5\" target=\"_blank\" rel=\"nofollow noopener\">\u00ab Une r\u00e9f\u00e9rence du foot fran\u00e7ais et mondial \u00bb : selon vous la nomination de Zin\u00e9dine Zidane est un bon choix<\/a>&nbsp;&nbsp;Ouest-France<\/li>\n<li><a href=\"https:\/\/news.google.com\/rss\/articles\/CBMi0wFBVV95cUxNVVI0QkhIVjZpakkyS3R4Q254ajVoc3NYSk5uRFBmeEJ6d01COFNfU2JyRWRMdnU5RkZhdE1oUlVCQVNxUEhmbW81LW0xTkhRVzM1eFBJWWNDR0xxSnp3SG1PQWdkU1JYdHlMUGtCT3JkcXNXbHBQUWw2SXdHTGJ4TWw0NnJxOEtuZnFUdU96RWFTaVo0WW5MSjR4eFhtM24yWE5KU2hOSVRBVHRzRnJpVFlDRDFtYTV0aEdCUndxbEh2WDljdGRfOEU0S0N2SldMUks00gHSAUFVX3lxTE9XM21fakw5T2ZJRF9pUzlDd2VXSDFaZzNnSHM2dlZyX3d2VFlaV0x6dUcwejFNam0wM3VSRFUwY1hWS3Roam1YVGJXUzY4b0M5alF6X2xiWEFEczhRaFBKTHdoMUIteVhVRnVHdXRaZ1hVeHFtcEZoNWNja3lvTFRlMGcwc2FvR3hrTVRQdVFncXpMSF9lM0VzMlI1NzlSVklWT0JmcXJZLTBkQW95N0F6elpTdW43RmJGU19mTGVPazZaRUdUMDhsY2QzWVk5ODJpdw?oc=5\" target=\"_blank\" rel=\"nofollow noopener\">Bleus : L&rsquo;arriv\u00e9e de Zidane \u00e9merveille la presse : Sports &#8211; Orange<\/a>&nbsp;&nbsp;Sports &#8211; Orange<\/li>\n<li><a href=\"https:\/\/news.google.com\/rss\/articles\/CBMi9gFBVV95cUxQRE9Ncnc1RS1LeDc3RVRjQTRIRTl5bkNTSVJyd0NrYUYxdGFfZTF1SGZYV3Q5cXJXekpRc2lhdjB3ODZQd1RnZVgxUUJETDg4UjZ2NkF6YUkyQkI1X3piMTR3T1ZSdW5ZWGVJMHVDMW5FbFpjbU5ZSG40WHJvTTZaNmZqSHNTdmhvd2FlcmxPRGFYaHFBcHhVR2h4TXRETkhuYjhDelkybmNacW5rYnQwbVZOdFhSUzJaVV9pZFlnLThpQTlUYmRFd3dOUHQ2dC1hUGF1NU13SUkwMFNsWWo3V1J4Z28xWFNmanc4TTVSdkU3SjRWd1E?oc=5\" target=\"_blank\" rel=\"nofollow noopener\">\u00ab\u00a0Zidane est un dieu !\u00a0\u00bb : en Italie, l&rsquo;admiration des supporters pour le nouveau s\u00e9lectionneur des Bleus<\/a>&nbsp;&nbsp;franceinfo<\/li>\n<li><a href=\"https:\/\/news.google.com\/rss\/articles\/CBMi1wFBVV95cUxQYmRvdUkxcGpZU2Y3b0V5TXAxZGNMNWdZanZSQk40WmRIbWhKWmp4QkJJN0Y4aWtKYUllZmNGWjZsdU9qQTY4eHZnbVJBRUpXWjRtUXhNV2RiSGVmTTQ5Unp3UEQtQ1BieGd4MkQxZ2RFdW8xWTJyeHZneV9FQkxjWmJwQTFhYVp5TmpBWkJ3d1h2TDJZQ1V1UG5YUnY0ckY1YTktejRscXptWEMyd21KSjYxcXJxWnhTYTVTcXlTcGZHaVh0UE10dkJMWEhycjMzR1dsMFRCMA?oc=5\" target=\"_blank\" rel=\"nofollow noopener\">O\u00f9 habite Zidane ? Villas de luxe en Espagne, maison en France&#8230; D\u00e9tails sur ses propri\u00e9t\u00e9s<\/a>&nbsp;&nbsp;Journal des Femmes<\/li>\n<\/ol>\n","protected":false},"excerpt":{"rendered":"La F\u00e9d\u00e9ration fran\u00e7aise de football d\u00e9voile un nouveau logo commun \u00e0 toutes les \u00e9quipes&nbsp;&nbsp;L&rsquo;\u00c9quipe \u00ab Une r\u00e9f\u00e9rence du&hellip;\n","protected":false},"author":2,"featured_media":1095266,"comment_status":"","ping_status":"","sticky":false,"template":"","format":"standard","meta":{"footnotes":"","_share_on_mastodon":"0"},"categories":[2],"tags":[11,86760,85,63,1011,27,105177,12,25],"class_list":["post-1095265","post","type-post","status-publish","format-standard","has-post-thumbnail","category-actualites","tag-actualites","tag-actus-et-infos","tag-fff","tag-football","tag-fr","tag-france","tag-matheo-pouly","tag-news","tag-republique-francaise"],"share_on_mastodon":{"url":"https:\/\/pubeurope.com\/@fr\/117004134489926625","error":""},"_links":{"self":[{"href":"https:\/\/www.europesays.com\/fr\/wp-json\/wp\/v2\/posts\/1095265","targetHints":{"allow":["GET"]}}],"collection":[{"href":"https:\/\/www.europesays.com\/fr\/wp-json\/wp\/v2\/posts"}],"about":[{"href":"https:\/\/www.europesays.com\/fr\/wp-json\/wp\/v2\/types\/post"}],"author":[{"embeddable":true,"href":"https:\/\/www.europesays.com\/fr\/wp-json\/wp\/v2\/users\/2"}],"replies":[{"embeddable":true,"href":"https:\/\/www.europesays.com\/fr\/wp-json\/wp\/v2\/comments?post=1095265"}],"version-history":[{"count":0,"href":"https:\/\/www.europesays.com\/fr\/wp-json\/wp\/v2\/posts\/1095265\/revisions"}],"wp:featuredmedia":[{"embeddable":true,"href":"https:\/\/www.europesays.com\/fr\/wp-json\/wp\/v2\/media\/1095266"}],"wp:attachment":[{"href":"https:\/\/www.europesays.com\/fr\/wp-json\/wp\/v2\/media?parent=1095265"}],"wp:term":[{"taxonomy":"category","embeddable":true,"href":"https:\/\/www.europesays.com\/fr\/wp-json\/wp\/v2\/categories?post=1095265"},{"taxonomy":"post_tag","embeddable":true,"href":"https:\/\/www.europesays.com\/fr\/wp-json\/wp\/v2\/tags?post=1095265"}],"curies":[{"name":"wp","href":"https:\/\/api.w.org\/{rel}","templated":true}]}}