{"id":109534,"date":"2025-05-18T14:35:09","date_gmt":"2025-05-18T14:35:09","guid":{"rendered":"https:\/\/www.europesays.com\/fr\/109534\/"},"modified":"2025-05-18T14:35:09","modified_gmt":"2025-05-18T14:35:09","slug":"avec-sa-nouvelle-victoire-emilien-fait-tomber-un-record-mondial","status":"publish","type":"post","link":"https:\/\/www.europesays.com\/fr\/109534\/","title":{"rendered":"Avec sa nouvelle victoire, Emilien fait tomber un record mondial"},"content":{"rendered":"<p>Tous les midis, il s\u2019invite chez vous (si vous regardez <a href=\"https:\/\/www.20minutes.fr\/dossier\/tf1\" class=\"color-ultramarine c-link\" target=\"_blank\" rel=\"noopener\">TF1<\/a>). Et pourtant, ce n\u2019est pas pour vous apporter votre repas. <a href=\"https:\/\/www.20minutes.fr\/arts-stars\/television\/4134629-20250122-12-coups-midi-tf1-pourquoi-emilien-agace-autant-certains-fans-jeu\" target=\"_blank\" class=\"color-ultramarine c-link\" rel=\"noopener\">Emilien a remport\u00e9 ce dimanche sa 598e victoire <\/a>dans \u00ab\u00a0Les 12 coups de midi\u00a0\u00bb, <a href=\"https:\/\/www.programme-tv.net\/news\/tv\/378945-emilien-bat-un-record-du-monde-dans-les-12-coups-de-midi-l-ancien-tenant-du-titre-reagit-je-me-suis-fait-doubler\/\" target=\"_blank\" class=\"color-ultramarine c-link\" rel=\"noopener\">rapporte T\u00e9l\u00e9-Loisirs<\/a>. Vous vous dites mais quand \u00e9tait sa premi\u00e8re apparition dans l\u2019\u00e9mission anim\u00e9e par <a href=\"https:\/\/www.20minutes.fr\/arts-stars\/television\/jean-luc-reichmann\/\" class=\"color-ultramarine c-link\" target=\"_blank\" rel=\"noopener\">Jean-Luc Reichmann<\/a>\u00a0? Le 25 septembre\u00a02023.<\/p>\n<p>Avec ce 598e succ\u00e8s d\u2019affil\u00e9e, le jeune homme de 22 ans est devenu le joueur ayant atteint le plus gros gain de la t\u00e9l\u00e9vision fran\u00e7aise. Il s\u2019empare \u00e9galement du <a href=\"https:\/\/www.20minutes.fr\/dossier\/record_du_monde\" class=\"color-ultramarine c-link\" target=\"_blank\" rel=\"noopener\">record du monde<\/a> masculin du plus grand nombre de participations \u00e0 un jeu t\u00e9l\u00e9. Il en a d\u00e9poss\u00e9d\u00e9 Thomas, et ses 597 victoires \u00e0 \u00ab\u00a0Chacun son tour\u00a0\u00bb sur France 2.<\/p>\n<\/p>\n<p>T\u00e9l\u00e9-Loisirs annonce que pour d\u00e9passer les 785 participations de L\u00e9ana, \u00e9galement candidate de \u00ab\u00a0Chacun son tour\u00a0\u00bb, \u00c9milien doit tenir jusqu\u2019\u00e0 fin novembre dans \u00ab\u00a0<a href=\"https:\/\/www.20minutes.fr\/arts-stars\/television\/12-coups-midi\/\" class=\"color-ultramarine c-link\" target=\"_blank\" rel=\"noopener\">Les 12 coups de midi<\/a>\u00a0\u00bb pour rafler ce record du monde.<\/p>\n","protected":false},"excerpt":{"rendered":"Tous les midis, il s\u2019invite chez vous (si vous regardez TF1). Et pourtant, ce n\u2019est pas pour vous&hellip;\n","protected":false},"author":2,"featured_media":109535,"comment_status":"","ping_status":"","sticky":false,"template":"","format":"standard","meta":{"footnotes":""},"categories":[8],"tags":[58,59,1011,27,465,466,3241,22777,252,199],"class_list":{"0":"post-109534","1":"post","2":"type-post","3":"status-publish","4":"format-standard","5":"has-post-thumbnail","7":"category-divertissement","8":"tag-divertissement","9":"tag-entertainment","10":"tag-fr","11":"tag-france","12":"tag-jean-luc-reichmann","13":"tag-les-12-coups-de-midi","14":"tag-record","15":"tag-record-du-monde","16":"tag-television","17":"tag-tf1"},"share_on_mastodon":{"url":"https:\/\/pubeurope.com\/@fr\/114529338893418766","error":""},"_links":{"self":[{"href":"https:\/\/www.europesays.com\/fr\/wp-json\/wp\/v2\/posts\/109534","targetHints":{"allow":["GET"]}}],"collection":[{"href":"https:\/\/www.europesays.com\/fr\/wp-json\/wp\/v2\/posts"}],"about":[{"href":"https:\/\/www.europesays.com\/fr\/wp-json\/wp\/v2\/types\/post"}],"author":[{"embeddable":true,"href":"https:\/\/www.europesays.com\/fr\/wp-json\/wp\/v2\/users\/2"}],"replies":[{"embeddable":true,"href":"https:\/\/www.europesays.com\/fr\/wp-json\/wp\/v2\/comments?post=109534"}],"version-history":[{"count":0,"href":"https:\/\/www.europesays.com\/fr\/wp-json\/wp\/v2\/posts\/109534\/revisions"}],"wp:featuredmedia":[{"embeddable":true,"href":"https:\/\/www.europesays.com\/fr\/wp-json\/wp\/v2\/media\/109535"}],"wp:attachment":[{"href":"https:\/\/www.europesays.com\/fr\/wp-json\/wp\/v2\/media?parent=109534"}],"wp:term":[{"taxonomy":"category","embeddable":true,"href":"https:\/\/www.europesays.com\/fr\/wp-json\/wp\/v2\/categories?post=109534"},{"taxonomy":"post_tag","embeddable":true,"href":"https:\/\/www.europesays.com\/fr\/wp-json\/wp\/v2\/tags?post=109534"}],"curies":[{"name":"wp","href":"https:\/\/api.w.org\/{rel}","templated":true}]}}