{"id":109536,"date":"2025-05-18T14:36:14","date_gmt":"2025-05-18T14:36:14","guid":{"rendered":"https:\/\/www.europesays.com\/fr\/109536\/"},"modified":"2025-05-18T14:36:14","modified_gmt":"2025-05-18T14:36:14","slug":"apple-veut-ameliorer-lautonomie-de-ses-iphone-avec-laide-de-lia","status":"publish","type":"post","link":"https:\/\/www.europesays.com\/fr\/109536\/","title":{"rendered":"Apple veut am\u00e9liorer l&rsquo;autonomie de ses iPhone avec l&rsquo;aide de l&rsquo;IA"},"content":{"rendered":"<p>Apple pr\u00e9pare un nouveau coup de pinceau logiciel avec iOS 19, attendu en septembre, et cette fois la batterie est en ligne de mire. Selon Bloomberg, la marque \u00e0 la pomme veut int\u00e9grer un mode de gestion de la batterie pilot\u00e9 par l\u2019intelligence artificielle, une nouveaut\u00e9 con\u00e7ue pour prolonger l\u2019autonomie des iPhone, en particulier le futur iPhone 17.<\/p>\n<p> Une batterie plus fine, une IA plus maline <\/p>\n<p>Ce nouveau mod\u00e8le, qui serait beaucoup plus fin que les versions actuelles, serait \u00e9quip\u00e9 d\u2019une batterie plus petite, ce qui pourrait limiter son endurance. Pour compenser, Apple va exploiter les donn\u00e9es d\u2019usage collect\u00e9es sur les appareils, afin d\u2019identifier les habitudes des utilisateurs et ajuster la consommation en cons\u00e9quence\u00a0: applications mises en sommeil, fonctions en veille, limitation ponctuelle de certaines activit\u00e9s\u2026 tout sera orchestr\u00e9 par l\u2019IA.<\/p>\n<p>Un indicateur sur l\u2019\u00e9cran de verrouillage viendra \u00e9galement afficher une estimation du temps de recharge, un petit ajout pratique pour les utilisateurs press\u00e9s. La fonction ne sera pas exclusive aux nouveaux appareils\u00a0: tous les iPhones compatibles avec iOS 19 y auront acc\u00e8s.<\/p>\n<p>Cette fonction rejoint le bouquet d\u2019Apple Intelligence, la plateforme IA lanc\u00e9e par Apple pour concurrencer OpenAI, Google et consorts. Inaugur\u00e9e avec iOS 18, Apple Intelligence permet d\u00e9j\u00e0 de modifier du texte \u00e0 la vol\u00e9e, de cr\u00e9er des \u00e9mojis personnalis\u00e9s ou de g\u00e9n\u00e9rer des croquis. Des fonctionnalit\u00e9s assez basiques en regard de ce que peuvent accomplir les rivaux, et le constructeur a en plus loup\u00e9 le d\u00e9ploiement\u00a0: plusieurs outils ont \u00e9t\u00e9 annonc\u00e9s en fanfare avant d\u2019\u00eatre retard\u00e9s, \u00e0 commencer par le nouveau Siri toujours aux abonn\u00e9s absents.<\/p>\n<p>Au-del\u00e0 de cette fonction de gestion de la batterie par IA, Apple veut aller plus loin dans l\u2019interface, qui va b\u00e9n\u00e9ficier d\u2019un rafra\u00eechissement visuel baptis\u00e9 en interne \u00ab\u00a0Solarium\u00a0\u00bb. L\u2019inspiration est crois\u00e9e entre iPhone, iPad et Mac. Des am\u00e9liorations sont aussi pr\u00e9vues c\u00f4t\u00e9 connectivit\u00e9, notamment une fonction pour synchroniser automatiquement les identifiants Wi-Fi entre appareils, ce qui sera utile dans les h\u00f4tels, salles de sport ou bureaux.<\/p>\n<p>L\u2019entreprise californienne semble \u00e9galement avoir retenu les critiques des versions pr\u00e9c\u00e9dentes jug\u00e9es parfois instables\u00a0: cette fois, la stabilit\u00e9 et la fiabilit\u00e9 seraient des priorit\u00e9s, avec des ing\u00e9nieurs mobilis\u00e9s pour \u00e9viter les bugs g\u00eanants au lancement. Mais c\u2019est plus facile \u00e0 dire qu\u2019\u00e0 faire\u2026<\/p>\n<p>Apple compte finaliser la premi\u00e8re version b\u00eata d\u2019iOS 19 d\u2019ici fin mai, pour une pr\u00e9sentation officielle le 9 juin \u00e0 la conf\u00e9rence WWDC. Comme toujours, le d\u00e9ploiement pour le grand public est pr\u00e9vu en septembre, aux c\u00f4t\u00e9s de l\u2019iPhone 17 et de la nouvelle Apple Watch.<\/p>\n<blockquote>\n<p class=\"text-base text-neutral-700 dark:text-neutral-300\">\ud83d\udfe3 Pour ne manquer aucune news sur le Journal du Geek, abonnez-vous sur <a href=\"https:\/\/news.google.com\/publications\/CAAqBwgKMNr_hAswwYyCAw?hl=fr&amp;gl=FR&amp;ceid=FR%3Afr\" target=\"_blank\" rel=\"noopener\">Google Actualit\u00e9s<\/a> et sur <a href=\"https:\/\/whatsapp.com\/channel\/0029VaClM5y4tRry12tb7D2h\" target=\"_blank\" rel=\"noopener\">notre WhatsApp<\/a>. Et si vous nous adorez, on a <a href=\"https:\/\/www.journaldugeek.com\/newsletter\/\" target=\"_blank\" rel=\"noopener\">une newsletter tous les matins<\/a>.<\/p>\n<\/blockquote>\n","protected":false},"excerpt":{"rendered":"Apple pr\u00e9pare un nouveau coup de pinceau logiciel avec iOS 19, attendu en septembre, et cette fois la&hellip;\n","protected":false},"author":2,"featured_media":109537,"comment_status":"","ping_status":"","sticky":false,"template":"","format":"standard","meta":{"footnotes":""},"categories":[7],"tags":[733,668,1011,27,22778,43,40,41,39,42,44],"class_list":{"0":"post-109536","1":"post","2":"type-post","3":"status-publish","4":"format-standard","5":"has-post-thumbnail","7":"category-sciences-et-technologies","8":"tag-apple","9":"tag-apple-intelligence","10":"tag-fr","11":"tag-france","12":"tag-iphone-17","13":"tag-science","14":"tag-science-and-technology","15":"tag-sciences","16":"tag-sciences-et-technologies","17":"tag-technologies","18":"tag-technology"},"share_on_mastodon":{"url":"https:\/\/pubeurope.com\/@fr\/114529342888579850","error":""},"_links":{"self":[{"href":"https:\/\/www.europesays.com\/fr\/wp-json\/wp\/v2\/posts\/109536","targetHints":{"allow":["GET"]}}],"collection":[{"href":"https:\/\/www.europesays.com\/fr\/wp-json\/wp\/v2\/posts"}],"about":[{"href":"https:\/\/www.europesays.com\/fr\/wp-json\/wp\/v2\/types\/post"}],"author":[{"embeddable":true,"href":"https:\/\/www.europesays.com\/fr\/wp-json\/wp\/v2\/users\/2"}],"replies":[{"embeddable":true,"href":"https:\/\/www.europesays.com\/fr\/wp-json\/wp\/v2\/comments?post=109536"}],"version-history":[{"count":0,"href":"https:\/\/www.europesays.com\/fr\/wp-json\/wp\/v2\/posts\/109536\/revisions"}],"wp:featuredmedia":[{"embeddable":true,"href":"https:\/\/www.europesays.com\/fr\/wp-json\/wp\/v2\/media\/109537"}],"wp:attachment":[{"href":"https:\/\/www.europesays.com\/fr\/wp-json\/wp\/v2\/media?parent=109536"}],"wp:term":[{"taxonomy":"category","embeddable":true,"href":"https:\/\/www.europesays.com\/fr\/wp-json\/wp\/v2\/categories?post=109536"},{"taxonomy":"post_tag","embeddable":true,"href":"https:\/\/www.europesays.com\/fr\/wp-json\/wp\/v2\/tags?post=109536"}],"curies":[{"name":"wp","href":"https:\/\/api.w.org\/{rel}","templated":true}]}}