{"id":1095363,"date":"2026-07-29T17:17:34","date_gmt":"2026-07-29T17:17:34","guid":{"rendered":"https:\/\/www.europesays.com\/fr\/1095363\/"},"modified":"2026-07-29T17:17:34","modified_gmt":"2026-07-29T17:17:34","slug":"un-acte-de-vandalisme-environnemental-deux-sites-de-baignade-dans-la-seine-fermes-par-intermittence-a-cause-dune-pollution-au-fioul","status":"publish","type":"post","link":"https:\/\/www.europesays.com\/fr\/1095363\/","title":{"rendered":"\u00ab\u00a0Un acte de vandalisme environnemental\u00a0\u00bb : deux sites de baignade dans la Seine ferm\u00e9s par intermittence \u00e0 cause d&rsquo;une pollution au fioul"},"content":{"rendered":"<p class=\"article-p mdl\">Pas de baignade en pleine canicule \u00e0 cause d&rsquo;une pollution au fioul. Deux sites<a class=\"link\" href=\"https:\/\/www.rtl.fr\/actu\/meteo\/baignade-interdite-que-sont-les-cyanobacteries-qui-envahissent-les-points-d-eau-francais-lors-des-fortes-chaleurs-7900651444\" title=\"Baignade interdite : que sont les cyanobact\u00e9ries qui envahissent les points d&#039;eau fran\u00e7ais lors des fortes chaleurs ?\" rel=\"nofollow noopener\" target=\"_blank\"> de baignade dans la Seine<\/a>\u00a0sont ferm\u00e9s par intermittence depuis dimanche en raison d&rsquo;une pollution au fioul, indique la ville de Paris. Les sites de bras Marie, dans le 4e arrondissement, et de Bercy, dans le 12e, alternent entre des \u00ab\u00a0phases d&rsquo;ouverture et de fermeture\u00a0\u00bb depuis dimanche, ajoute Antoine Guillou, adjoint au maire charg\u00e9 entre autres de l&rsquo;Axe Seine.\u00a0<\/p>\n<p class=\"article-p mdl\">Selon la mairie, ces fermetures, qui touchent davantage le site du bras Marie, interviennent alors que la Seine est pollu\u00e9e apr\u00e8s un d\u00e9versement de fioul dans les \u00e9gouts de Saint-Maur-des-Foss\u00e9s, dans le Val-de-Marne, survenu dimanche.\u00a0<\/p>\n<p class=\"article-p mdl\">\u00ab\u00a0Des traces de pollution arrivent depuis dimanche sur Paris\u00a0\u00bb, poursuit l&rsquo;adjoint d&rsquo;<a class=\"link\" href=\"https:\/\/www.rtl.fr\/actu\/politique\/scandale-du-periscolaire-a-paris-pourquoi-emmanuel-gregoire-attaque-rachida-dati-pour-diffamation-7900655705\" title=\"Scandale du p\u00e9riscolaire \u00e0 Paris : pourquoi Emmanuel Gr\u00e9goire attaque Rachida Dati pour diffamation\" rel=\"nofollow noopener\" target=\"_blank\">Emmanuel Gr\u00e9goire<\/a>, qui explique : \u00ab\u00a0Si on observe la moindre trace, on ferme\u00a0\u00bb le site de baignade. Ce d\u00e9versement de fioul est \u00ab\u00a0un acte de vandalisme environnemental\u00a0\u00bb, d\u00e9nonce l&rsquo;adjoint au maire de Paris, soulignant que la mairie \u00ab\u00a0est en train de rassembler les \u00e9l\u00e9ments pour porter plainte pour atteinte environnementale\u00a0\u00bb.\u00a0<\/p>\n<p>            Un retour \u00e0 la normale dans les prochains jours ?<\/p>\n<p class=\"article-p mdl\">Pour l&rsquo;instant, le troisi\u00e8me site de baignade dans la Seine, celui de Grenelle pr\u00e8s de la tour Eiffel (15e, ouest), n&rsquo;est \u00ab\u00a0a priori pas impact\u00e9\u00a0\u00bb par la pollution car \u00ab\u00a0situ\u00e9 plus en aval\u00a0\u00bb du cours d&rsquo;eau, ajoute-t-il.\u00a0<br \/>\u00a0<br \/>Le retour \u00e0 la normale pour les deux autres sites de baignade va d\u00e9pendre \u00ab\u00a0du d\u00e9bit de la Seine et de la mani\u00e8re dont la pollution va, ou pas, se disperser\u00a0\u00bb, pr\u00e9cise Antoine Guillou, sans s&rsquo;avancer sur une date.\u00a0<\/p>\n<p class=\"article-p mdl\">La mairie \u00ab\u00a0d\u00e9ploie des techniques, notamment des dispositifs absorbants\u00a0\u00bb pour tenter d&rsquo;endiguer la pollution, selon lui. Selon nos confr\u00e8res du Parisien, cette m\u00eame pollution au fioul a entra\u00een\u00e9 la fermeture du site de baignade de Maisons-Alfort sur la Marne le week-end dernier.<\/p>\n<p>    La r\u00e9daction vous recommande<\/p>\n<p class=\"s-newsletter__title\">\n                L\u2019actualit\u00e9 par la r\u00e9daction de RTL dans votre bo\u00eete mail.\n            <\/p>\n<p class=\"s-newsletter__subtitle\">\n                Gr\u00e2ce \u00e0 votre compte RTL abonnez-vous \u00e0 la newsletter RTL info pour suivre toute l&rsquo;actualit\u00e9 au quotidien\n            <\/p>\n<p>\n                                    Lire la suite\n                                <\/p>\n<p class=\"article-google-preferred__title\">Ne laissez pas Google d\u00e9cider de vos sources.<\/p>\n<p>    <a href=\"https:\/\/www.google.com\/preferences\/source?q=https:\/\/www.rtl.fr\" target=\"_blank\" rel=\"noopener noreferrer nofollow\" class=\"article-google-preferred__btn at-class\" data-at-event=\"action\" data-at-category=\"actualite\" data-at-chapter1=\"pied_article\" data-at-chapter2=\"actu_debats_et_societe\" data-at-click=\"favori_google\">Ajouter RTL comme source pr\u00e9f\u00e9r\u00e9e<\/a><\/p>\n","protected":false},"excerpt":{"rendered":"Pas de baignade en pleine canicule \u00e0 cause d&rsquo;une pollution au fioul. Deux sites de baignade dans la&hellip;\n","protected":false},"author":2,"featured_media":1095364,"comment_status":"","ping_status":"","sticky":false,"template":"","format":"standard","meta":{"footnotes":"","_share_on_mastodon":"0"},"categories":[1888],"tags":[1111,1928,11,1927,15109,436,1777,674,107,1011,27,12,1926,626,1925,1800,25,13527],"class_list":["post-1095363","post","type-post","status-publish","format-standard","has-post-thumbnail","category-paris","tag-actu","tag-actu-paris","tag-actualites","tag-actualites-paris","tag-baignade","tag-environnement","tag-eu","tag-europe","tag-fil-info","tag-fr","tag-france","tag-news","tag-news-paris","tag-paris","tag-paris-news","tag-pollution","tag-republique-francaise","tag-seine"],"share_on_mastodon":{"url":"https:\/\/pubeurope.com\/@fr\/117004405799956393","error":""},"_links":{"self":[{"href":"https:\/\/www.europesays.com\/fr\/wp-json\/wp\/v2\/posts\/1095363","targetHints":{"allow":["GET"]}}],"collection":[{"href":"https:\/\/www.europesays.com\/fr\/wp-json\/wp\/v2\/posts"}],"about":[{"href":"https:\/\/www.europesays.com\/fr\/wp-json\/wp\/v2\/types\/post"}],"author":[{"embeddable":true,"href":"https:\/\/www.europesays.com\/fr\/wp-json\/wp\/v2\/users\/2"}],"replies":[{"embeddable":true,"href":"https:\/\/www.europesays.com\/fr\/wp-json\/wp\/v2\/comments?post=1095363"}],"version-history":[{"count":0,"href":"https:\/\/www.europesays.com\/fr\/wp-json\/wp\/v2\/posts\/1095363\/revisions"}],"wp:featuredmedia":[{"embeddable":true,"href":"https:\/\/www.europesays.com\/fr\/wp-json\/wp\/v2\/media\/1095364"}],"wp:attachment":[{"href":"https:\/\/www.europesays.com\/fr\/wp-json\/wp\/v2\/media?parent=1095363"}],"wp:term":[{"taxonomy":"category","embeddable":true,"href":"https:\/\/www.europesays.com\/fr\/wp-json\/wp\/v2\/categories?post=1095363"},{"taxonomy":"post_tag","embeddable":true,"href":"https:\/\/www.europesays.com\/fr\/wp-json\/wp\/v2\/tags?post=1095363"}],"curies":[{"name":"wp","href":"https:\/\/api.w.org\/{rel}","templated":true}]}}