{"id":1095369,"date":"2026-07-29T17:21:30","date_gmt":"2026-07-29T17:21:30","guid":{"rendered":"https:\/\/www.europesays.com\/fr\/1095369\/"},"modified":"2026-07-29T17:21:30","modified_gmt":"2026-07-29T17:21:30","slug":"en-pleine-canicule-ces-deux-sites-de-baignade-dans-la-seine-a-paris-ferment-pour-pollution","status":"publish","type":"post","link":"https:\/\/www.europesays.com\/fr\/1095369\/","title":{"rendered":"En pleine canicule, ces deux sites de baignade dans la Seine \u00e0 Paris ferment pour pollution"},"content":{"rendered":"\n<p> La lecture de ce contenu est susceptible d\u2019entra\u00eener un d\u00e9p\u00f4t de cookies de la part de l\u2019op\u00e9rateur tiers qui l\u2019h\u00e9berge. Compte-tenu des choix que vous avez exprim\u00e9s en mati\u00e8re de d\u00e9p\u00f4t de cookies, nous avons bloqu\u00e9 l\u2019affichage de ce contenu. Si vous souhaitez y acc\u00e9der, vous devez accepter la cat\u00e9gorie de cookies \u201cContenus tiers\u201d en cliquant sur le bouton ci-dessous. <\/p>\n<p> Lire la Vid\u00e9o              <\/p>\n<p class=\"asset asset-text\">Deux sites de baignade dans la Seine \u00e0 Paris sont ferm\u00e9s par intermittence depuis dimanche 26\u00a0juillet, du fait d\u2019une pollution au fioul, a indiqu\u00e9 ce mercredi\u00a029\u00a0la ville de Paris \u00e0 l\u2019AFP, confirmant une <a href=\"https:\/\/www.leparisien.fr\/paris-75\/un-acte-grave-et-illegal-deux-sites-de-baignade-dans-la-seine-fermes-a-paris-apres-un-deversement-sauvage-de-fioul-29-07-2026-N4SVGS2GQRER3LBUETW6S2UKLA.php\" target=\"_blank\" rel=\"noopener nofollow\" title=\"Nouvelle fen\u00eatre\">information du Parisien<\/a>.<\/p>\n<p class=\"asset asset-text\">Les sites parisiens de bras Marie, dans le IVe arrondissement, et de Bercy, dans le XIIe arrondissement, alternent entre des \u00ab\u00a0phases d\u2019ouverture et de fermeture\u00a0\u00bb depuis dimanche, pr\u00e9cise \u00e0 l\u2019AFP Antoine Guillou, adjoint au maire charg\u00e9 entre autres de l\u2019Axe Seine.<\/p>\n<p class=\"asset asset-text\">Selon la mairie, ces fermetures, qui touchent davantage le site du bras Marie, interviennent alors que la Seine est pollu\u00e9e apr\u00e8s un d\u00e9versement de fioul dimanche dans les \u00e9gouts de Saint-Maur-des-Foss\u00e9s, dans le Val-de-Marne. L\u2019adjoint d\u2019Emmanuel Gr\u00e9goire a pr\u00e9cis\u00e9 que \u00ab\u00a0des traces de pollution arrivent sur Paris\u00a0\u00bb, expliquant que les sites de baignade sont ferm\u00e9s \u00e0 \u00ab\u00a0la moindre trace\u00a0\u00bb observ\u00e9e.<\/p>\n<p class=\"asset asset-text\">Ce d\u00e9versement de fioul est \u00ab\u00a0un acte de vandalisme environnemental\u00a0\u00bb, d\u00e9nonce Antoine Guillou, soulignant que la mairie \u00ab\u00a0est en train de rassembler les \u00e9l\u00e9ments pour porter plainte pour atteinte environnementale\u00a0\u00bb.<\/p>\n<p class=\"asset asset-text\">Le retour \u00e0 la normale pour les deux sites de baignade va d\u00e9pendre \u00ab\u00a0du d\u00e9bit de la Seine et de la mani\u00e8re dont la pollution va, ou pas, se disperser\u00a0\u00bb, a ajout\u00e9 l\u2019adjoint parisien, sans s\u2019avancer sur une date. La mairie \u00ab\u00a0d\u00e9ploie des techniques, notamment des dispositifs absorbants\u00a0\u00bb pour tenter d\u2019endiguer la pollution, fait-il valoir.<\/p>\n<p class=\"asset asset-text\">Comme le pr\u00e9cise Le Parisien, cette pollution au fioul a d\u00e9j\u00e0 entra\u00een\u00e9 la fermeture du site de baignade de Maisons-Alfort sur la Marne le week-end dernier. Pour l\u2019instant, le troisi\u00e8me site de baignade dans la Seine, situ\u00e9 \u00e0 Grenelle dans le XVe arrondissement, n\u2019est \u00ab\u00a0a priori pas impact\u00e9\u00a0\u00bb par la pollution car \u00ab\u00a0situ\u00e9 plus en aval\u00a0\u00bb du cours d\u2019eau, d\u2019apr\u00e8s Antoine Guillou.<\/p>\n","protected":false},"excerpt":{"rendered":"La lecture de ce contenu est susceptible d\u2019entra\u00eener un d\u00e9p\u00f4t de cookies de la part de l\u2019op\u00e9rateur tiers&hellip;\n","protected":false},"author":2,"featured_media":1095370,"comment_status":"","ping_status":"","sticky":false,"template":"","format":"standard","meta":{"footnotes":"","_share_on_mastodon":"0"},"categories":[1888],"tags":[11,15109,1777,674,1011,27,12,626,25,13527],"class_list":["post-1095369","post","type-post","status-publish","format-standard","has-post-thumbnail","category-paris","tag-actualites","tag-baignade","tag-eu","tag-europe","tag-fr","tag-france","tag-news","tag-paris","tag-republique-francaise","tag-seine"],"share_on_mastodon":{"url":"https:\/\/pubeurope.com\/@fr\/117004421453036110","error":""},"_links":{"self":[{"href":"https:\/\/www.europesays.com\/fr\/wp-json\/wp\/v2\/posts\/1095369","targetHints":{"allow":["GET"]}}],"collection":[{"href":"https:\/\/www.europesays.com\/fr\/wp-json\/wp\/v2\/posts"}],"about":[{"href":"https:\/\/www.europesays.com\/fr\/wp-json\/wp\/v2\/types\/post"}],"author":[{"embeddable":true,"href":"https:\/\/www.europesays.com\/fr\/wp-json\/wp\/v2\/users\/2"}],"replies":[{"embeddable":true,"href":"https:\/\/www.europesays.com\/fr\/wp-json\/wp\/v2\/comments?post=1095369"}],"version-history":[{"count":0,"href":"https:\/\/www.europesays.com\/fr\/wp-json\/wp\/v2\/posts\/1095369\/revisions"}],"wp:featuredmedia":[{"embeddable":true,"href":"https:\/\/www.europesays.com\/fr\/wp-json\/wp\/v2\/media\/1095370"}],"wp:attachment":[{"href":"https:\/\/www.europesays.com\/fr\/wp-json\/wp\/v2\/media?parent=1095369"}],"wp:term":[{"taxonomy":"category","embeddable":true,"href":"https:\/\/www.europesays.com\/fr\/wp-json\/wp\/v2\/categories?post=1095369"},{"taxonomy":"post_tag","embeddable":true,"href":"https:\/\/www.europesays.com\/fr\/wp-json\/wp\/v2\/tags?post=1095369"}],"curies":[{"name":"wp","href":"https:\/\/api.w.org\/{rel}","templated":true}]}}