{"id":1095388,"date":"2026-07-29T17:32:22","date_gmt":"2026-07-29T17:32:22","guid":{"rendered":"https:\/\/www.europesays.com\/fr\/1095388\/"},"modified":"2026-07-29T17:32:22","modified_gmt":"2026-07-29T17:32:22","slug":"la-chaleur-menace-daggraver-lincendie-qui-ravage-la-region-de-bordeaux-en-france-2","status":"publish","type":"post","link":"https:\/\/www.europesays.com\/fr\/1095388\/","title":{"rendered":"La chaleur menace d&rsquo;aggraver l&rsquo;incendie qui ravage la r\u00e9gion de Bordeaux, en France"},"content":{"rendered":"<p>Un incendie de for\u00eat couvrant une superficie quatre fois sup\u00e9rieure \u00e0 celle de Paris n\u2019\u00e9tait toujours pas ma\u00eetris\u00e9, mercredi, dans le sud-ouest de la France<b> <\/b>\u2014 alors que deux pompiers ont perdu la vie en Gr\u00e8ce et que les \u00e9quipes d\u2019intervention de toute l\u2019Europe du Sud \u00e9taient confront\u00e9es \u00e0 une combinaison accablante de chaleur, de s\u00e9cheresse et de vents violents.<\/p>\n<p>Ces d\u00e9c\u00e8s en Cr\u00e8te ont donn\u00e9 une nouvelle dimension tragique \u00e0 une crise d\u2019incendies qui s\u2019\u00e9tend de la c\u00f4te atlantique \u00e0 la M\u00e9diterran\u00e9e orientale. Au plus fort des \u00e9vacuations, 300\u00a0000\u00a0personnes ont d\u00fb quitter leurs domiciles et leurs lieux de vacances en France et en Espagne.<\/p>\n<p>Les autorit\u00e9s de la Gironde ont indiqu\u00e9 que l\u2019incendie ne s\u2019\u00e9tait pas propag\u00e9 davantage au cours d\u2019une nuit calme, mais ont averti que la chaleur (qui devait atteindre 40\u00a0\u00b0C) et les vents pr\u00e9vus pendant la journ\u00e9e pouvaient faire reprendre de plus belle les flammes.<\/p>\n<p>Le terrain \u00e9tait si inflammable que les enqu\u00eateurs pensent que des travaux de d\u00e9broussaillage de routine effectu\u00e9s \u00e0 proximit\u00e9 d\u2019une ligne \u00e0 haute tension pourraient avoir d\u00e9clench\u00e9 l\u2019incendie, m\u00eame si ces travaux semblaient conformes \u00e0 la r\u00e9glementation.<\/p>\n<p>Au centre de commandement de L\u00e8ge, les pompiers se penchaient sur des cartes \u00e9tal\u00e9es sur le capot d\u2019une voiture, tandis que les commandants surveillaient les zones plus \u00e0 risque: le nord du Cap-Ferret; le couloir bois\u00e9 autour de Marcheprime, Cestas et Saint-Jean-d\u2019Illac; et un site militaire pr\u00e8s de Martignas, o\u00f9 un important foyer d\u2019incendie a n\u00e9cessit\u00e9 un d\u00e9ploiement important.<\/p>\n<p>Plus de 2200 pompiers et plus de 20\u00a0appareils restaient mobilis\u00e9s, soutenus par des \u00e9quipes venues de toute la France et par des partenaires europ\u00e9ens. <\/p>\n<p>\u00abNous intervenons rapidement et avec force d\u00e8s l\u2019apparition de tout nouveau d\u00e9gagement de fum\u00e9e\u00bb, a expliqu\u00e9 Matthieu Jomain, commandant des pompiers de la Gironde.<\/p>\n<p>En plus du centre de commandement, les civils tentaient eux-m\u00eames de tenir la ligne. \u00c0 Souge, des b\u00e9n\u00e9voles se sont mass\u00e9s aux abords des chemins de terre tandis qu\u2019un conducteur de pelleteuse local labourait le sol encore en feu, essayant d\u2019emp\u00eacher les flammes de revenir lorsque le vent d\u2019ouest annonc\u00e9 se l\u00e8verait. \u00c0 Lacanau, les habitants pompaient l\u2019eau d\u2019un lac pour remplir des citernes destin\u00e9es aux foyers d\u2019incendie et aux r\u00e9servoirs des pompiers.<\/p>\n<p>\u00abSi un jour un incendie se d\u00e9clarait dans notre coin, je sais tr\u00e8s bien que tous les gens d\u2019ici feraient la m\u00eame chose pour nous\u00bb, a d\u00e9clar\u00e9 Flavien Dubuch, 33\u00a0ans, qui a fait le trajet depuis Saint-\u00c9milion avec son p\u00e8re pour apporter son aide.<\/p>\n<p><b>La journ\u00e9e la plus chaude de la semaine<\/b><\/p>\n<p>La progression des grands incendies a \u00e9t\u00e9 stopp\u00e9e dans les Landes et le Var. La Gironde est d\u00e9sormais le th\u00e9\u00e2tre du plus grand combat contre les feux de for\u00eat encore en cours en France, a indiqu\u00e9 le ministre de l\u2019Int\u00e9rieur, Laurent Nu\u00f1ez.<\/p>\n<p>\u00c0 son apog\u00e9e, l\u2019incendie a contraint 220\u00a0000\u00a0personnes \u00e0 fuir. Depuis, des dizaines de milliers d\u2019entre elles ont \u00e9t\u00e9 autoris\u00e9es \u00e0 rentrer chez elles, mais les autorit\u00e9s ont averti que le danger n\u2019\u00e9tait pas encore \u00e9cart\u00e9.<\/p>\n<p>La chaleur extr\u00eame ass\u00e8che la v\u00e9g\u00e9tation et fait baisser le taux d\u2019humidit\u00e9, transformant les herbes, les broussailles et la liti\u00e8re foresti\u00e8re en combustible qui br\u00fble plus rapidement. Les vents peuvent projeter des braises d\u2019un c\u00f4t\u00e9 \u00e0 l\u2019autre des pare-feu et d\u00e9clencher de nouveaux fronts d\u2019incendie.<\/p>\n<p>M\u00e9t\u00e9o-France avait pr\u00e9venu que mercredi serait la journ\u00e9e la plus chaude et la plus s\u00e8che de la semaine, avec un risque \u00e9lev\u00e9 d\u2019incendie de for\u00eat dans toutes les r\u00e9gions du pays.<\/p>\n<p>La s\u00e9cheresse touche d\u00e9sormais la France m\u00e9tropolitaine et la Corse, les sols approchant le niveau de s\u00e9cheresse record atteint en ao\u00fbt\u00a02022, a pr\u00e9cis\u00e9 l\u2019agence.<\/p>\n<p>La fum\u00e9e provenant des incendies de Gironde et des Landes a \u00e9galement d\u00e9clench\u00e9 un \u00e9pisode de pollution aux particules qui se poursuit actuellement dans ces deux d\u00e9partements, ont indiqu\u00e9 les observatoires r\u00e9gionaux de la qualit\u00e9 de l\u2019air.<\/p>\n<p>La pr\u00e9f\u00e8te de la Gironde, Sophie Brocas, a indiqu\u00e9 que la situation \u00e9tait toujours compliqu\u00e9e, bien qu\u2019elle ait  autoris\u00e9 le retour de 60\u00a0000\u00a0personnes \u00e9vacu\u00e9es dans trois banlieues bordelaises \u00e9pargn\u00e9es par le feu.<\/p>\n<p>Ces mouvements contradictoires \u2014 des milliers de personnes \u00e9vacu\u00e9es des stations baln\u00e9aires tandis que d\u2019autres revenaient \u2014 t\u00e9moignent de la pr\u00e9carit\u00e9 de la situation.<\/p>\n<p>Les perturbations s\u2019\u00e9tendaient au-del\u00e0 de la zone incendi\u00e9e, en pleine saison touristique \u00e0 Bordeaux.<\/p>\n<p>\u00c9douard le Grix de la Salle, qui g\u00e8re le ch\u00e2teau Le Grand Verdus avec son fr\u00e8re, a indiqu\u00e9 que les appels officiels \u00e0 \u00e9viter la r\u00e9gion mena\u00e7aient son activit\u00e9 d\u2019\u0153notourisme. \u00abComment n\u2019ont-ils pas pens\u00e9 \u00e0 prot\u00e9ger ce secteur?\u00bb, a-t-il demand\u00e9 \u00e0 l\u2019Associated Press.<\/p>\n<p>\u00c0 un moment, l\u2019incendie de la Gironde a donn\u00e9 naissance \u00e0 un nuage d\u2019orage noir, \u00e9lectris\u00e9 et allum\u00e9 de l\u2019int\u00e9rieur, qui a g\u00e9n\u00e9r\u00e9 des \u00e9clairs, des vents violents et de nouveaux incendies au-del\u00e0 du front initial. Ce pyrocumulonimbus \u00e9tait le premier enregistr\u00e9 en France.<\/p>\n<p>Deux pompiers ont trouv\u00e9 la mort mercredi alors qu\u2019ils luttaient contre un incendie de for\u00eat dans la r\u00e9gion de R\u00e9thymnon, en Cr\u00e8te, selon le service des pompiers grec. Ils faisaient partie des quelque 125\u00a0pompiers qui combattaient les flammes attis\u00e9es par des vents violents, avec 4\u00a0h\u00e9licopt\u00e8res et 4\u00a0avions bombardiers d\u2019eau d\u00e9ploy\u00e9s.<\/p>\n<p>Les pompiers ont d\u00e9clar\u00e9 qu\u2019ils \u00e9taient morts \u00abdans l\u2019exercice de leurs fonctions, afin de prot\u00e9ger la vie et les biens des citoyens ainsi que l\u2019environnement naturel\u00bb.<\/p>\n<p><b>Quatri\u00e8me vague de chaleur en Espagne<\/b><\/p>\n<p>Au plus fort des \u00e9vacuations, environ 330\u00a0000\u00a0personnes ont \u00e9t\u00e9 contraintes de quitter leur domicile et les lieux de vacances \u00e0 travers la France et l\u2019Espagne. <\/p>\n<p>Des dizaines de milliers de personnes ont commenc\u00e9 \u00e0 rentrer chez elles dans le centre de l\u2019Espagne apr\u00e8s que les pompiers ont fait des avanc\u00e9es dans la lutte contre les incendies autour de Madrid et d\u2019\u00c1vila. Les ordres d\u2019\u00e9vacuation ont \u00e9t\u00e9 lev\u00e9s pour environ 20\u00a0000\u00a0personnes dans la r\u00e9gion de Madrid, tandis que les restrictions de confinement ont pris fin pour 14\u00a0000\u00a0autres.<\/p>\n<p>Mais 10\u00a0000\u00a0personnes restent soumises \u00e0 des ordres d\u2019\u00e9vacuation \u00e0 Castell\u00f3n, o\u00f9 un incendie \u00e9tait toujours hors de contr\u00f4le alors que l\u2019Espagne se pr\u00e9pare \u00e0 affronter sa quatri\u00e8me vague de chaleur de l\u2019\u00e9t\u00e9.<\/p>\n<p>Malgr\u00e9 tout, les autorit\u00e9s espagnoles ont commenc\u00e9 \u00e0 lever les ordres d\u2019\u00e9vacuation et de confinement pour des milliers de personnes apr\u00e8s que les pompiers eurent r\u00e9alis\u00e9 des progr\u00e8s.<\/p>\n<p>Selon le minist\u00e8re de l\u2019Int\u00e9rieur, plus de 1160 kilom\u00e8tres carr\u00e9s ont br\u00fbl\u00e9 en France cette ann\u00e9e.<\/p>\n<p>L\u2019Europe est le continent qui se r\u00e9chauffe le plus rapidement au monde, \u00e0 un rythme plus de deux fois sup\u00e9rieur \u00e0 la moyenne mondiale, selon le service climatique Copernicus de l\u2019Union europ\u00e9enne.<\/p>\n<p>L\u2019Europe occidentale a enregistr\u00e9 son mois de juin le plus chaud jamais observ\u00e9, la chaleur extr\u00eame et la s\u00e9cheresse g\u00e9n\u00e9ralis\u00e9e ayant contribu\u00e9 \u00e0 la propagation et \u00e0 l\u2019intensification des incendies.<\/p>\n<p>___<\/p>\n<p>Elena Becatoros, Suman Naishadham, Alex Turnbull, John Leicester et Masha Macpherson ont contribu\u00e9 \u00e0 cette d\u00e9p\u00eache.<\/p>\n","protected":false},"excerpt":{"rendered":"Un incendie de for\u00eat couvrant une superficie quatre fois sup\u00e9rieure \u00e0 celle de Paris n\u2019\u00e9tait toujours pas ma\u00eetris\u00e9,&hellip;\n","protected":false},"author":2,"featured_media":1095389,"comment_status":"","ping_status":"","sticky":false,"template":"","format":"standard","meta":{"footnotes":"","_share_on_mastodon":"0"},"categories":[4],"tags":[11,1011,27,21610,15788,1854,12,25],"class_list":["post-1095388","post","type-post","status-publish","format-standard","has-post-thumbnail","category-france","tag-actualites","tag-fr","tag-france","tag-https-lactualite-com-sujet-catastrophe","tag-https-lactualite-com-sujet-environnement","tag-https-lactualite-com-sujet-international","tag-news","tag-republique-francaise"],"share_on_mastodon":{"url":"https:\/\/pubeurope.com\/@fr\/117004464781016899","error":""},"_links":{"self":[{"href":"https:\/\/www.europesays.com\/fr\/wp-json\/wp\/v2\/posts\/1095388","targetHints":{"allow":["GET"]}}],"collection":[{"href":"https:\/\/www.europesays.com\/fr\/wp-json\/wp\/v2\/posts"}],"about":[{"href":"https:\/\/www.europesays.com\/fr\/wp-json\/wp\/v2\/types\/post"}],"author":[{"embeddable":true,"href":"https:\/\/www.europesays.com\/fr\/wp-json\/wp\/v2\/users\/2"}],"replies":[{"embeddable":true,"href":"https:\/\/www.europesays.com\/fr\/wp-json\/wp\/v2\/comments?post=1095388"}],"version-history":[{"count":0,"href":"https:\/\/www.europesays.com\/fr\/wp-json\/wp\/v2\/posts\/1095388\/revisions"}],"wp:featuredmedia":[{"embeddable":true,"href":"https:\/\/www.europesays.com\/fr\/wp-json\/wp\/v2\/media\/1095389"}],"wp:attachment":[{"href":"https:\/\/www.europesays.com\/fr\/wp-json\/wp\/v2\/media?parent=1095388"}],"wp:term":[{"taxonomy":"category","embeddable":true,"href":"https:\/\/www.europesays.com\/fr\/wp-json\/wp\/v2\/categories?post=1095388"},{"taxonomy":"post_tag","embeddable":true,"href":"https:\/\/www.europesays.com\/fr\/wp-json\/wp\/v2\/tags?post=1095388"}],"curies":[{"name":"wp","href":"https:\/\/api.w.org\/{rel}","templated":true}]}}