{"id":109540,"date":"2025-05-18T14:38:09","date_gmt":"2025-05-18T14:38:09","guid":{"rendered":"https:\/\/www.europesays.com\/fr\/109540\/"},"modified":"2025-05-18T14:38:09","modified_gmt":"2025-05-18T14:38:09","slug":"en-direct-guerre-en-ukraine-rencontre-entre-zelensky-et-vance-en-marge-de-la-messe-inaugurale-du-pape-leon-xiv","status":"publish","type":"post","link":"https:\/\/www.europesays.com\/fr\/109540\/","title":{"rendered":"EN DIRECT &#8211; Guerre en Ukraine : rencontre entre Zelensky et Vance en marge de la messe inaugurale du pape L\u00e9on XIV"},"content":{"rendered":"<p>Voici les informations marquantes des derni\u00e8res 24 heures, relatives au conflit :<\/p>\n<p>&#8211; Une attaque russe de drone sur un minibus transportant des civils dans le nord de l&rsquo;Ukraine a fait neuf morts et quatre bless\u00e9s, ont annonc\u00e9 les autorit\u00e9s r\u00e9gionales samedi.<\/p>\n<p>&#8211; Une rencontre entre les pr\u00e9sidents russe Vladimir Poutine et ukrainien Volodymyr Zelensky est \u00ab\u00a0possible\u00a0\u00bb \u00e0 la condition que Moscou et Kiev ait trouv\u00e9 des \u00ab\u00a0accords\u00a0\u00bb au pr\u00e9alable, a indiqu\u00e9 le Kremlin.<\/p>\n<p>&#8211; Les premiers pourparlers de paix directs depuis 2022 entre la Russie et l&rsquo;Ukraine, \u00e0 Istanbul cette semaine, ont \u00e9t\u00e9 \u00ab\u00a0extr\u00eamement importants\u00a0\u00bb pour aller vers la fin de la guerre, a d\u00e9clar\u00e9 le pr\u00e9sident turc Recep Tayyip Erdogan, dans des propos publi\u00e9s samedi.<\/p>\n<p>&#8211; Donald Trump a indiqu\u00e9 sur son r\u00e9seau Truth Social qu&rsquo;il parlerait lundi par t\u00e9l\u00e9phone avec ses homologues russe et ukrainien.<\/p>\n<p>&#8211; Emmanuel Macron se dit \u00ab\u00a0s\u00fbr\u00a0\u00bb que Donald Trump va \u00ab\u00a0r\u00e9agir\u00a0\u00bb face au \u00ab\u00a0cynisme\u00a0\u00bb de Vladimir Poutine, apr\u00e8s une nouvelle frappe russe de drone en Ukraine.\u00a0<\/p>\n<p>&#8211; Volodymyr Zelensky a indiqu\u00e9 qu&rsquo;il avait rencontr\u00e9 pour la premi\u00e8re fois le Premier ministre canadien, Mark Carney, assurant avoir discut\u00e9 \u00ab\u00a0en d\u00e9tail\u00a0\u00bb avec Mark Carney de \u00ab\u00a0sanctions qui pourraient \u00eatre efficaces\u00a0\u00bb contre la Russie.<\/p>\n","protected":false},"excerpt":{"rendered":"Voici les informations marquantes des derni\u00e8res 24 heures, relatives au conflit : &#8211; Une attaque russe de drone&hellip;\n","protected":false},"author":2,"featured_media":109541,"comment_status":"","ping_status":"","sticky":false,"template":"","format":"standard","meta":{"footnotes":""},"categories":[5],"tags":[1111,11,1921,75,1011,27,1918,1922,14,12,132,220,133,1920,135,134,28],"class_list":{"0":"post-109540","1":"post","2":"type-post","3":"status-publish","4":"format-standard","5":"has-post-thumbnail","7":"category-international","8":"tag-actu","9":"tag-actualites","10":"tag-article-video","11":"tag-donald-trump","12":"tag-fr","13":"tag-france","14":"tag-guerre-en-ukraine-une-treve-en-negociation","15":"tag-info","16":"tag-international","17":"tag-news","18":"tag-russie","19":"tag-ukraine","20":"tag-video","21":"tag-video-international","22":"tag-vladimir-poutine","23":"tag-volodymyr-zelensky","24":"tag-world"},"share_on_mastodon":{"url":"https:\/\/pubeurope.com\/@fr\/114529350770187013","error":""},"_links":{"self":[{"href":"https:\/\/www.europesays.com\/fr\/wp-json\/wp\/v2\/posts\/109540","targetHints":{"allow":["GET"]}}],"collection":[{"href":"https:\/\/www.europesays.com\/fr\/wp-json\/wp\/v2\/posts"}],"about":[{"href":"https:\/\/www.europesays.com\/fr\/wp-json\/wp\/v2\/types\/post"}],"author":[{"embeddable":true,"href":"https:\/\/www.europesays.com\/fr\/wp-json\/wp\/v2\/users\/2"}],"replies":[{"embeddable":true,"href":"https:\/\/www.europesays.com\/fr\/wp-json\/wp\/v2\/comments?post=109540"}],"version-history":[{"count":0,"href":"https:\/\/www.europesays.com\/fr\/wp-json\/wp\/v2\/posts\/109540\/revisions"}],"wp:featuredmedia":[{"embeddable":true,"href":"https:\/\/www.europesays.com\/fr\/wp-json\/wp\/v2\/media\/109541"}],"wp:attachment":[{"href":"https:\/\/www.europesays.com\/fr\/wp-json\/wp\/v2\/media?parent=109540"}],"wp:term":[{"taxonomy":"category","embeddable":true,"href":"https:\/\/www.europesays.com\/fr\/wp-json\/wp\/v2\/categories?post=109540"},{"taxonomy":"post_tag","embeddable":true,"href":"https:\/\/www.europesays.com\/fr\/wp-json\/wp\/v2\/tags?post=109540"}],"curies":[{"name":"wp","href":"https:\/\/api.w.org\/{rel}","templated":true}]}}