{"id":109546,"date":"2025-05-18T14:42:12","date_gmt":"2025-05-18T14:42:12","guid":{"rendered":"https:\/\/www.europesays.com\/fr\/109546\/"},"modified":"2025-05-18T14:42:12","modified_gmt":"2025-05-18T14:42:12","slug":"une-bande-de-faineants-jean-michel-larque-impitoyable-apres-la-relegation-de-las-saint-etienne","status":"publish","type":"post","link":"https:\/\/www.europesays.com\/fr\/109546\/","title":{"rendered":"\u00abUne bande de fain\u00e9ants\u00bb, Jean-Michel Larqu\u00e9 impitoyable apr\u00e8s la rel\u00e9gation de l\u2019AS Saint-Etienne"},"content":{"rendered":"<p>Tr\u00e8s amer apr\u00e8s rel\u00e9gation officielle des Verts samedi, l\u2019ancien milieu de terrain s\u2019en est pris \u00e0 l\u2019actionnaire mais pas uniquement.<\/p>\n<p class=\"fig-paragraph\">L\u2019AS Saint-Etienne \u00e9voluera la saison prochaine en Ligue 2. La r\u00e9trogradation des Verts a \u00e9t\u00e9 officialis\u00e9e\u00a0<a href=\"http:\/\/www.lefigaro.fr\/sports\/football\/ligue-1\/ligue-1-le-havre-miracule-lacazette-reussit-ses-adieux-les-verts-coulent-en-ligue-2-les-tops-et-les-flops-de-la-34e-et-derniere-journee-20250518\" data-fig-type=\"NewsFlash\" data-gtm-custom-categorie=\"navigation\" data-gtm-custom-action=\"crossclick\" data-gtm-custom-label=\"Contextuel\" data-gtm-event=\"customEventSPE\" data-fig-domain=\"LEFIGARO\" target=\"_blank\" rel=\"noopener\">apr\u00e8s la d\u00e9faite samedi face \u00e0 Toulouse (2-3)<\/a>\u00a0\u00e0 l\u2019occasion de la derni\u00e8re journ\u00e9e de Ligue 1 \u00e0 Geoffroy-Guichard. Un retour \u00e0 l\u2019\u00e9chelon inf\u00e9rieur qui fait mal \u00e0 Jean-Michel Larqu\u00e9, ancien joueur du Forez (402 matches entre 1966 et 1977) et toujours tr\u00e8s attach\u00e9 au club 17e du championnat 2024-2025.<\/p>\n<blockquote class=\"fig-quote&#10;    \">\n<p class=\"fig-quote__text\">Je vais mal, tr\u00e8s mal<\/p>\n<p>            Jean-Michel Larqu\u00e9\n    <\/p><\/blockquote>\n<p class=\"fig-paragraph\">\u00abJe vais mal, tr\u00e8s mal\u00bb a expliqu\u00e9 l\u2019ex-international interrog\u00e9 par RMC Sport avant d\u2019avouer qu\u2019il \u00e9tait partag\u00e9 entre les sentiments de \u00abcol\u00e8re et tristesse\u00bb. \u00ab \u00c7a va mal parce que j\u2019avais v\u00e9cu le retour en Ligue 1 comme une d\u00e9livrance et j\u2019ai l\u2019impression que je suis en train de vivre une longue descente aux enfers\u00bb, a d\u00e9plor\u00e9 \u00abcapitaine Larqu\u00e9\u00bb, surnom qui lui avait \u00e9t\u00e9 attribu\u00e9 lorsqu\u2019il \u00e9tait consultant r\u00e9gulier sur la radio.<\/p>\n<p class=\"fig-paragraph\">Mais Larqu\u00e9 s\u2019attendait finalement \u00e0 cette plong\u00e9e dans l\u2019antichambre de la Ligue 1 en raison de l\u2019incomp\u00e9tence, selon lui, du nouvel actionnaire, Larry Tanenbaum. \u00abQuand quelqu\u2019un te dit \u00ab\u00a0c\u2019est pas grave\u00a0\u00bb pour une descente en Ligue 2, il ne regarde que son nombril ce monsieur. Je suis triste parce que ces gens-l\u00e0 (les supporters st\u00e9phanois) se saignent les veines pour assister au match. Tu es un triste sire si tu consid\u00e8res que ce n\u2019est pas grave. C\u2019est catastrophique.\u00bb<\/p>\n<p>La cellule de recrutement point\u00e9e du doigt<\/p>\n<p class=\"fig-paragraph\">La t\u00eate du club n\u2019est toutefois pas la seule responsable de ce naufrage. La cellule de recrutement n\u2019\u00e9chappe pas \u00e0 ses critiques violentes\u00a0: \u00abIls ont recrut\u00e9 10 joueurs et samedi sur le terrain il y en avait que deux. La cellule de recrutement, c\u2019est une bande de fain\u00e9ants\u00bb, a-t-il l\u00e2ch\u00e9, estimant que cette cellule pense d\u2019abord \u00e0 faire des plus-values, plus qu\u2019\u00e0 former une bonne \u00e9quipe. \u00abIls avaient un bon joueur qui sortait du centre de formation (Mathis Amougou). Ils l\u2019ont transf\u00e9r\u00e9 (\u00e0 Chelsea). Quand ils auront fini de sucer le sang de l\u2019AS Saint-Etienne ils partiront\u00bb, a encore assen\u00e9 Larqu\u00e9 qui \u00e9pargne en revanche les joueurs et les supporters.<\/p>\n<p>La direction du club demande aux supporters de croire au projet<\/p>\n<p class=\"fig-paragraph\">Samedi soir, apr\u00e8s le revers face \u00e0 Toulouse, Ivan Gazidis, le pr\u00e9sident ex\u00e9cutif de l\u2019ASSE, a appel\u00e9 \u00e0 l\u2019union sacr\u00e9e des supporters alors que le club traverse la temp\u00eate en promettant que le projet de l\u2019actionnaire n\u2019\u00e9tait pas remis en cause. \u00abJe veux leur dire de continuer \u00e0 croire en nous. Je sais que c\u2019est dur, surtout ce soir mais on ressent la m\u00eame chose que les supporters ce soir. On les comprend. Transformer le club en quelque chose dont ils pourront \u00eatre fiers, \u00e7a demande des changements dans beaucoup de domaines, \u00e7a prend du temps, il y a de gros challenges auxquels on doit faire face, mais on est forts. (&#8230;) Nous passerons devant la DNCG cet \u00e9t\u00e9, nous sommes solides. On sera de retour en Ligue 1 et on sera comp\u00e9titifs en Ligue 1 dans un style de jeu qui repr\u00e9sentera leurs valeurs et dont ils pourront \u00eatre fiers. C\u2019est notre objectif et on l\u2019atteindra.\u00bb<\/p>\n","protected":false},"excerpt":{"rendered":"Tr\u00e8s amer apr\u00e8s rel\u00e9gation officielle des Verts samedi, l\u2019ancien milieu de terrain s\u2019en est pris \u00e0 l\u2019actionnaire mais&hellip;\n","protected":false},"author":2,"featured_media":109547,"comment_status":"","ping_status":"","sticky":false,"template":"","format":"standard","meta":{"footnotes":""},"categories":[9653],"tags":[1111,11,444,2430,525,1981,814,1777,674,2257,63,1011,27,22779,3309,66,1307,955,12,1176,978,93,25,1980,4001],"class_list":{"0":"post-109546","1":"post","2":"type-post","3":"status-publish","4":"format-standard","5":"has-post-thumbnail","7":"category-saint-etienne","8":"tag-actu","9":"tag-actualites","10":"tag-as-saint-etienne","11":"tag-auvergne-rhone-alpes","12":"tag-calendrier","13":"tag-classement","14":"tag-direct","15":"tag-eu","16":"tag-europe","17":"tag-foot","18":"tag-football","19":"tag-fr","20":"tag-france","21":"tag-jean-michel-larque","22":"tag-l1","23":"tag-ligue-1","24":"tag-lille","25":"tag-match","26":"tag-news","27":"tag-olympique-de-marseille","28":"tag-olympique-lyonnais","29":"tag-psg","30":"tag-republique-francaise","31":"tag-resultats","32":"tag-saint-etienne"},"share_on_mastodon":{"url":"https:\/\/pubeurope.com\/@fr\/114529366391866744","error":""},"_links":{"self":[{"href":"https:\/\/www.europesays.com\/fr\/wp-json\/wp\/v2\/posts\/109546","targetHints":{"allow":["GET"]}}],"collection":[{"href":"https:\/\/www.europesays.com\/fr\/wp-json\/wp\/v2\/posts"}],"about":[{"href":"https:\/\/www.europesays.com\/fr\/wp-json\/wp\/v2\/types\/post"}],"author":[{"embeddable":true,"href":"https:\/\/www.europesays.com\/fr\/wp-json\/wp\/v2\/users\/2"}],"replies":[{"embeddable":true,"href":"https:\/\/www.europesays.com\/fr\/wp-json\/wp\/v2\/comments?post=109546"}],"version-history":[{"count":0,"href":"https:\/\/www.europesays.com\/fr\/wp-json\/wp\/v2\/posts\/109546\/revisions"}],"wp:featuredmedia":[{"embeddable":true,"href":"https:\/\/www.europesays.com\/fr\/wp-json\/wp\/v2\/media\/109547"}],"wp:attachment":[{"href":"https:\/\/www.europesays.com\/fr\/wp-json\/wp\/v2\/media?parent=109546"}],"wp:term":[{"taxonomy":"category","embeddable":true,"href":"https:\/\/www.europesays.com\/fr\/wp-json\/wp\/v2\/categories?post=109546"},{"taxonomy":"post_tag","embeddable":true,"href":"https:\/\/www.europesays.com\/fr\/wp-json\/wp\/v2\/tags?post=109546"}],"curies":[{"name":"wp","href":"https:\/\/api.w.org\/{rel}","templated":true}]}}