{"id":109548,"date":"2025-05-18T14:43:10","date_gmt":"2025-05-18T14:43:10","guid":{"rendered":"https:\/\/www.europesays.com\/fr\/109548\/"},"modified":"2025-05-18T14:43:10","modified_gmt":"2025-05-18T14:43:10","slug":"un-opera-specialement-cree-pour-les-bebes","status":"publish","type":"post","link":"https:\/\/www.europesays.com\/fr\/109548\/","title":{"rendered":"un op\u00e9ra sp\u00e9cialement cr\u00e9\u00e9 pour les b\u00e9b\u00e9s"},"content":{"rendered":"<p>C\u2019est un incontournable du cadeau de naissance, le mobile\u00a0: cinq figurines pendues \u00e0 des fils au-dessus du berceau, une ritournelle \u00e0 remonter \u00e0 la force du poignet et des heures de tranquillit\u00e9 (plus ou moins) assur\u00e9es avec b\u00e9b\u00e9. \u00ab\u00a0C\u2019est un public r\u00e9ceptif sensoriellement, on le sait bien, que ce soit \u00e0 la lumi\u00e8re, aux d\u00e9cors, aux mouvements, au toucher, et aux sons bien s\u00fbr.\u00a0\u00bb<\/p>\n<p>Un public \u00e2g\u00e9 de 6 mois \u00e0 3 ans, r\u00e9ceptif certes, mais un peu n\u00e9glig\u00e9 sur le territoire. \u00ab\u00a0Alors on a eu envie de pallier ce manque, poursuit \u00c9lise Nemoz, directrice de projet citoyen \u00e0 l\u2019Op\u00e9ra national de Lorraine. Pas seulement avec un moment musical sur trois coussins, comme on a pu le voir ailleurs. Mais en leur proposant un v\u00e9ritable op\u00e9ra.\u00a0\u00bb<\/p>\n<p>L\u2019op\u00e9ra r\u00e9invent\u00e9 pour les tout petits m\u00f4mes, c\u2019est le challenge propos\u00e9 \u00e0 Bogdan Hatisi, qui l\u2019a relev\u00e9 avec l\u2019Op\u00e9ra berceau, concept tout nouveau\u00a0!<\/p>\n<p>Pour ainsi dire un mobile g\u00e9ant, de port\u00e9es de notes r\u00e9agissant aux mouvements de l\u2019air, sous lesquelles se lovent les&#8230;<\/p>\n","protected":false},"excerpt":{"rendered":"C\u2019est un incontournable du cadeau de naissance, le mobile\u00a0: cinq figurines pendues \u00e0 des fils au-dessus du berceau,&hellip;\n","protected":false},"author":2,"featured_media":109549,"comment_status":"","ping_status":"","sticky":false,"template":"","format":"standard","meta":{"footnotes":""},"categories":[9635],"tags":[1111,11,1687,1707,1704,1706,1705,1057,1777,674,1011,27,775,873,1702,1703,12,25,3140],"class_list":{"0":"post-109548","1":"post","2":"type-post","3":"status-publish","4":"format-standard","5":"has-post-thumbnail","7":"category-nancy","8":"tag-actu","9":"tag-actualites","10":"tag-culture-loisirs","11":"tag-edition-luneville","12":"tag-edition-nancy-et-agglomeration","13":"tag-edition-pont-a-mousson","14":"tag-edition-toul","15":"tag-education","16":"tag-eu","17":"tag-europe","18":"tag-fr","19":"tag-france","20":"tag-grand-est","21":"tag-musique","22":"tag-nancy","23":"tag-nancy-ville-54b","24":"tag-news","25":"tag-republique-francaise","26":"tag-spectacle"},"share_on_mastodon":{"url":"https:\/\/pubeurope.com\/@fr\/114529370341598716","error":""},"_links":{"self":[{"href":"https:\/\/www.europesays.com\/fr\/wp-json\/wp\/v2\/posts\/109548","targetHints":{"allow":["GET"]}}],"collection":[{"href":"https:\/\/www.europesays.com\/fr\/wp-json\/wp\/v2\/posts"}],"about":[{"href":"https:\/\/www.europesays.com\/fr\/wp-json\/wp\/v2\/types\/post"}],"author":[{"embeddable":true,"href":"https:\/\/www.europesays.com\/fr\/wp-json\/wp\/v2\/users\/2"}],"replies":[{"embeddable":true,"href":"https:\/\/www.europesays.com\/fr\/wp-json\/wp\/v2\/comments?post=109548"}],"version-history":[{"count":0,"href":"https:\/\/www.europesays.com\/fr\/wp-json\/wp\/v2\/posts\/109548\/revisions"}],"wp:featuredmedia":[{"embeddable":true,"href":"https:\/\/www.europesays.com\/fr\/wp-json\/wp\/v2\/media\/109549"}],"wp:attachment":[{"href":"https:\/\/www.europesays.com\/fr\/wp-json\/wp\/v2\/media?parent=109548"}],"wp:term":[{"taxonomy":"category","embeddable":true,"href":"https:\/\/www.europesays.com\/fr\/wp-json\/wp\/v2\/categories?post=109548"},{"taxonomy":"post_tag","embeddable":true,"href":"https:\/\/www.europesays.com\/fr\/wp-json\/wp\/v2\/tags?post=109548"}],"curies":[{"name":"wp","href":"https:\/\/api.w.org\/{rel}","templated":true}]}}