{"id":109555,"date":"2025-05-18T14:48:16","date_gmt":"2025-05-18T14:48:16","guid":{"rendered":"https:\/\/www.europesays.com\/fr\/109555\/"},"modified":"2025-05-18T14:48:16","modified_gmt":"2025-05-18T14:48:16","slug":"montpellier-des-assises-regionales-pour-reflechir-a-la-place-des-femmes-dans-les-filieres-numeriques","status":"publish","type":"post","link":"https:\/\/www.europesays.com\/fr\/109555\/","title":{"rendered":"Montpellier. Des Assises r\u00e9gionales pour r\u00e9fl\u00e9chir \u00e0 la place des femmes dans les fili\u00e8res num\u00e9riques"},"content":{"rendered":"<p>            Par<br \/>\n        <strong><br \/>\n            <a href=\"https:\/\/actu.fr\/auteur\/a-saliba\" title=\"Consulter tous les articles de Alexandre Saliba\" target=\"_blank\" rel=\"noopener\">Alexandre Saliba<\/a><br \/>\n        <\/strong><\/p>\n<p>        Publi\u00e9 le<\/p>\n<p>            18 mai 2025 \u00e0 16h37        <\/p>\n<p>\u00ab\u00a0Nous, on veut faire savoir aux femmes qu\u2019<strong>elles ont le droit<\/strong> de s\u2019impliquer dans ce milieu.\u00a0\u00bb Cette phrase de <strong>Corentin Peyrot des Gachons<\/strong>, responsable du p\u00f4le Talents dans l\u2019association <strong>La M\u00eal\u00e9e<\/strong>, est tr\u00e8s simple, mais elle r\u00e9sume parfaitement l\u2019objectif des <strong>Assises en r\u00e9gion de la f\u00e9minisation des m\u00e9tiers et fili\u00e8res num\u00e9riques<\/strong> qui se sont tenues mercredi 14 et jeudi 15 mai, \u00e0 l\u2019H\u00f4tel de ville de Montpellier.<\/p>\n<p>    <a href=\"https:\/\/www.google.com\/maps\/embed?pb=!1m18!1m12!1m3!1d2889.3810124983447!2d3.8944075750924867!3d43.59860785596167!2m3!1f0!2f0!3f0!3m2!1i1024!2i768!4f13.1!3m3!1m2!1s0x12b6ae016ee41ecf%3A0x43ad717412e05b44!2sH%C3%B4tel%20de%20Ville%20de%20Montpellier!5e0!3m2!1sfr!2sfr!4v1747386366367!5m2!1sfr!2sfr\" title=\"Ouvrie le lien\" target=\"_blank\" rel=\"noopener\">Cliquez ici pour visualiser le contenu<\/a><\/p>\n<p class=\" wall-content\">Les Assises se sont tenues en deux jours. Mercredi, l\u2019H\u00f4tel de ville \u00e9tait ouvert au public, qui pouvait venir assister \u00e0 diff\u00e9rentes activit\u00e9s. L\u2019association la M\u00eal\u00e9e et la fondation Femmes@num\u00e9rique organisent des tables rondes et des ateliers sur diff\u00e9rents th\u00e8mes, comme \u00ab\u00a0Comment p\u00e9renniser la place des femmes dans la tech ?\u00a0\u00bb ou \u00ab\u00a0Comment d\u00e9construire les st\u00e9r\u00e9otypes de genre qui persistent dans l\u2019industrie technologique ?\u00a0\u00bb, parmi d\u2019autres. Une vingtaine de stands des partenaires des Assises en r\u00e9gion ont \u00e9t\u00e9 mont\u00e9s sur les bords de la salle, pour que les visiteuses puissent rencontrer, discuter, lier des contacts avec des entreprises du num\u00e9rique.\u00a0<\/p>\n<p>\u00ab\u00a0Le monde a besoin de plus de femmes pour \u00eatre \u00e9quilibr\u00e9\u00a0\u00bb<\/p>\n<p class=\" wall-content\">Plusieurs acteurs du milieu du num\u00e9rique et\/ou de l\u2019\u00e9galit\u00e9 entre les femmes et les hommes ont pris la parole ce mercredi, et parmi eux quelques personnalit\u00e9s connues du grand public comme Aurore Berg\u00e9, actuelle ministre de l\u2019Egalit\u00e9 entre les femmes et les hommes, mais \u00e9galement Elisabeth Moreno, ancienne ministre au m\u00eame poste sous le gouvernement Castex.<\/p>\n<p class=\" wall-content\">Cette derni\u00e8re a pris la parole plusieurs fois dans la journ\u00e9e, et s\u2019est exprim\u00e9e lors d\u2019une conf\u00e9rence \u00e0 la mi-journ\u00e9e. Elle explique avoir choisi de s\u2019adresser aux femmes trop souvent ignor\u00e9es dans ce milieu domin\u00e9 par les hommes : \u00ab\u00a0Bonjour \u00e0 celles qui ont trop de fois entendu que le num\u00e9rique, ce n\u2019est pas pour les filles. Bonjour \u00e0 celles et ceux qui se demandent comment il est possible qu\u2019il y ait plus d\u2019hommes qui s\u2019appellent Jean en France que de femmes qui travaillent dans le num\u00e9rique.\u00a0\u00bb<\/p>\n<p>Vid\u00e9os : en ce moment sur Actu<br \/>\n    <img   decoding=\"async\" loading=\"lazy\" src=\"https:\/\/www.europesays.com\/fr\/wp-content\/uploads\/2025\/05\/20250514-125109-960x640.jpg\" alt=\"Elisabeth Moreno a re\u00e7u une affiche de pr\u00e9vention contre le racisme de la part de la ville de Montpellier\" width=\"960\" height=\"640\"\/><br \/>\n    Elisabeth Moreno a re\u00e7u une affiche de pr\u00e9vention contre le racisme de la part de la ville de Montpellier (\u00a9M\u00e9tropolitain\/AS)<\/p>\n<p class=\" wall-content\">Sa prise de parole s\u2019est \u00e9largie \u00e0 la place des femmes dans la soci\u00e9t\u00e9, et le besoin des femmes de s\u2019affirmer et de revendiquer leur place, allant jusqu\u2019\u00e0 invoquer un besoin mondial : \u00ab\u00a0Le monde a d\u00e9sesp\u00e9r\u00e9ment besoin d\u2019\u00e9quilibre. Seul ce qui est \u00e9quilibr\u00e9 est harmonieux, les extr\u00eames cr\u00e9ent le chaos alors que l\u2019\u00e9quilibre rassure. Le num\u00e9rique aujourd\u2019hui n\u2019est pas harmonieux.\u00a0\u00bb Manu Reynaud, adjoint au maire en charge du num\u00e9rique, avait aussi exprim\u00e9 un avis du m\u00eame acabit, en affirmant que ces Assises \u00e9taient une r\u00e9ponse politique \u00e0 ce qu\u2019il se passait actuellement dans le monde, aux Etats-Unis mais pas uniquement.<\/p>\n<p>Un \u00e9v\u00e8nement qui s\u2019adresse encore trop \u00e0 un public d\u00e9j\u00e0 convaincu<\/p>\n<p class=\" wall-content\">Pour la troisi\u00e8me \u00e9dition de ces Assises, la M\u00eal\u00e9e semble satisfaite du public qu\u2019elle a r\u00e9ussi \u00e0 rassembler (plus de 250 personnes se sont inscrites). Corentin Peyrot des Gachons explique que la journ\u00e9e plus \u00ab\u00a0institutionnelle\u00a0\u00bb du mercredi est tr\u00e8s int\u00e9ressante en ce qu\u2019elle regroupe des profils diff\u00e9rents pour \u00ab\u00a0poser un constat et des enjeux sur la situation dans le num\u00e9rique\u00a0\u00bb, des entreprises aux \u00e9coles en passant par des femmes en reconversion professionnelle et des associations.<\/p>\n<p class=\" wall-content\">Toutefois, lui comme Elisabeth Moreno le reconnaissent, le public pr\u00e9sent ce mercredi \u00e9tait compos\u00e9 de personnes d\u00e9j\u00e0 sensibilis\u00e9es \u00e0 ces enjeux. \u00ab\u00a0Aller chercher d\u2019autres personnes, c\u2019est un travail de fourmi. Ce qu\u2019on peut faire, c\u2019est aller parler dans les \u00e9coles, aux \u00e9l\u00e8ves et aux enseignants, mais aussi aux parents, l\u00e0 o\u00f9 tout le monde n\u2019est pas d\u00e9j\u00e0 convaincu parce qu\u2019on veut leur dire.\u00a0\u00bb<\/p>\n<p class=\" wall-content\">L\u2019int\u00e9r\u00eat de la deuxi\u00e8me journ\u00e9e des Assises est alors encore plus grand, puisque la M\u00eal\u00e9e et la fondation Femmes@num\u00e9rique (dont Elisabeth Moreno est la pr\u00e9sidente) ont organis\u00e9 une journ\u00e9e d\u00e9couvertes \u00e0 Dell Technologies pour pr\u00e9senter aux \u00e9l\u00e8ves pr\u00e9sents, et donc particuli\u00e8rement les jeunes filles, les possibilit\u00e9s d\u2019emploi dans le num\u00e9rique.\u00a0<\/p>\n<p class=\" wall-content\">Suivez toute l\u2019actualit\u00e9 de vos villes et m\u00e9dias favoris en vous inscrivant \u00e0 <a href=\"https:\/\/moncompte.actu.fr\" title=\"D\u00e9couvez Mon Actu\" rel=\"nofollow noopener\" data-trk=\"{&quot;cta&quot;:{&quot;action&quot;:&quot;https:\\\/\\\/moncompte.actu.fr&quot;,&quot;category&quot;:&quot;mon compte&quot;,&quot;from&quot;:&quot;article footer&quot;,&quot;name&quot;:&quot;Mon actu&quot;,&quot;type&quot;:&quot;cta&quot;}}\" target=\"_blank\">Mon Actu<\/a>.<\/p>\n","protected":false},"excerpt":{"rendered":"Par Alexandre Saliba Publi\u00e9 le 18 mai 2025 \u00e0 16h37 \u00ab\u00a0Nous, on veut faire savoir aux femmes qu\u2019elles&hellip;\n","protected":false},"author":2,"featured_media":109556,"comment_status":"","ping_status":"","sticky":false,"template":"","format":"standard","meta":{"footnotes":""},"categories":[9599],"tags":[1111,11,341,1777,674,6757,1011,27,2208,12,2680,25,104],"class_list":{"0":"post-109555","1":"post","2":"type-post","3":"status-publish","4":"format-standard","5":"has-post-thumbnail","7":"category-montpellier","8":"tag-actu","9":"tag-actualites","10":"tag-emploi","11":"tag-eu","12":"tag-europe","13":"tag-feminisme","14":"tag-fr","15":"tag-france","16":"tag-montpellier","17":"tag-news","18":"tag-occitanie","19":"tag-republique-francaise","20":"tag-societe"},"share_on_mastodon":{"url":"https:\/\/pubeurope.com\/@fr\/114529390131782857","error":""},"_links":{"self":[{"href":"https:\/\/www.europesays.com\/fr\/wp-json\/wp\/v2\/posts\/109555","targetHints":{"allow":["GET"]}}],"collection":[{"href":"https:\/\/www.europesays.com\/fr\/wp-json\/wp\/v2\/posts"}],"about":[{"href":"https:\/\/www.europesays.com\/fr\/wp-json\/wp\/v2\/types\/post"}],"author":[{"embeddable":true,"href":"https:\/\/www.europesays.com\/fr\/wp-json\/wp\/v2\/users\/2"}],"replies":[{"embeddable":true,"href":"https:\/\/www.europesays.com\/fr\/wp-json\/wp\/v2\/comments?post=109555"}],"version-history":[{"count":0,"href":"https:\/\/www.europesays.com\/fr\/wp-json\/wp\/v2\/posts\/109555\/revisions"}],"wp:featuredmedia":[{"embeddable":true,"href":"https:\/\/www.europesays.com\/fr\/wp-json\/wp\/v2\/media\/109556"}],"wp:attachment":[{"href":"https:\/\/www.europesays.com\/fr\/wp-json\/wp\/v2\/media?parent=109555"}],"wp:term":[{"taxonomy":"category","embeddable":true,"href":"https:\/\/www.europesays.com\/fr\/wp-json\/wp\/v2\/categories?post=109555"},{"taxonomy":"post_tag","embeddable":true,"href":"https:\/\/www.europesays.com\/fr\/wp-json\/wp\/v2\/tags?post=109555"}],"curies":[{"name":"wp","href":"https:\/\/api.w.org\/{rel}","templated":true}]}}