{"id":109557,"date":"2025-05-18T14:49:07","date_gmt":"2025-05-18T14:49:07","guid":{"rendered":"https:\/\/www.europesays.com\/fr\/109557\/"},"modified":"2025-05-18T14:49:07","modified_gmt":"2025-05-18T14:49:07","slug":"interview-lhumoriste-thomas-marty-sapprete-a-taper-la-bise-au-zenith-de-rouen","status":"publish","type":"post","link":"https:\/\/www.europesays.com\/fr\/109557\/","title":{"rendered":"Interview. L&rsquo;humoriste Thomas Marty s\u2019appr\u00eate \u00e0 taper la bise au Z\u00e9nith de Rouen"},"content":{"rendered":"<p>            Par<br \/>\n        <strong><br \/>\n            <a href=\"https:\/\/actu.fr\/auteur\/laredaction\" title=\"Consulter tous les articles de R\u00e9daction Normandie\" target=\"_blank\" rel=\"noopener\">R\u00e9daction Normandie<\/a><br \/>\n        <\/strong><\/p>\n<p>        Publi\u00e9 le<\/p>\n<p>            18 mai 2025 \u00e0 16h18        <\/p>\n<p>Avec ses millions de vues comptabilis\u00e9es,<strong> Thomas Marty est devenu l\u2019humoriste ph\u00e9nom\u00e8ne des r\u00e9seaux sociaux<\/strong> et du net. Avec \u00ab\u2009Allez la bise\u2009!\u2009\u00bb, il s\u2019en ira dresser, le 24\u00a0mai au Z\u00e9nith <a href=\"https:\/\/actu.fr\/normandie\/rouen_76540\" target=\"_blank\" rel=\"noopener\">de Rouen (Seine-Maritime)<\/a>, un portrait familial dont l\u2019humour fait toujours aussi mouche.<\/p>\n<p class=\"ac-article-content__question wall-content\"><strong class=\"color-primary\">Actu : <\/strong>\u00ab\u2009Allez la bise\u2009!\u2009\u00bb est un portrait familial entre votre p\u00e8re Pascalou, Moumoune, votre \u00e9pouse, ou encore votre belle famille bretonne. Est-ce que c\u2019est en parlant ce que vous connaissiez le mieux que le public a pu se reconna\u00eetre en vous\u2009?<\/p>\n<p class=\" wall-content\"><strong class=\"color-primary\">Thomas Marty : <\/strong>Il est vrai que lorsqu\u2019on arrive sur sc\u00e8ne et qu\u2019on veut faire ce m\u00e9tier, il n\u2019y a pas d\u2019\u00e9cole pour \u00e9crire des blagues et un spectacle. Donc je suis parti de moi et de ce que je connaissais le mieux, ma famille. Et du coup, je me suis mis \u00e0 en tirer un portrait et je fais des liens avec eux. Pascalou, mon p\u00e8re, Moumoune, mon \u00e9pouse bretonne, ainsi que mon grand fr\u00e8re qui est devenu avocat. J\u2019ai pu en tirer un vaste portrait. Mais il est vrai qu\u2019\u00e0 la fin du spectacle et surtout \u00e0 travers les rires, on trouve que nous sommes un peu les m\u00eames, ce qui est assez dingue en soi.<\/p>\n<p class=\"ac-article-content__question wall-content\">Vous \u00eates la r\u00e9v\u00e9lation des r\u00e9seaux sociaux et du net mais cela demande un investissement chronophage sur l\u2019activit\u00e9 en ligne. Est-ce que \u00e7a veut dire que vous \u00eates vou\u00e9 \u00e0 cette surabondance de contenus jusqu\u2019\u00e0 ce que vous puissiez vous en passer\u2009?<\/p>\n<p class=\" wall-content\"><strong class=\"color-primary\">TM : <\/strong>Compl\u00e8tement, je le pense aussi. Il y a certes un ou deux artistes qui peuvent sortir comme \u00e7a en faisant juste une ou deux vid\u00e9os et \u00e7a cartonne par la suite. Mais s\u2019il n\u2019y a pas ce ph\u00e9nom\u00e8ne o\u00f9 l\u2019on explose du jour au lendemain, on y est un peu oblig\u00e9. Ces r\u00e9seaux sociaux nous tiennent et peuvent faire tenir une carri\u00e8re. Si on est absents des r\u00e9seaux sociaux, je vois difficilement comment on pourrait remplir sur des salles surtout avec des jauges aussi cons\u00e9quentes.<\/p>\n<p class=\"ac-article-content__question wall-content\">Votre humour requiert dr\u00f4lerie dans l\u2019observation du quotidien mais aussi de la finauderie. Comment travaillez-vous avec Alexis Le Rossignol, votre comp\u00e8re d\u2019\u00e9criture\u2009?<\/p>\n<p class=\" wall-content\"><strong class=\"color-primary\">TM : <\/strong>C\u2019est quelque part une question de profondeur m\u00eame si le sens de l\u2019observation n\u2019est pas toujours \u00e9vident au quotidien. \u00c0 titre d\u2019exemple, j\u2019avais sorti une blague sur les cacahu\u00e8tes \u00e0 mon p\u00e8re. Et une personne, un jour me dit qu\u2019elle trouve cela quelque peu insignifiant et que selon elle, cela n\u2019int\u00e9ressait personne. Un jour, je d\u00e9cide de la remettre dans le spectacle et je vois que les gens sont morts de rire. Je sens alors qu\u2019il se passe quelque chose dans la salle. Je mets cette vid\u00e9o sur les r\u00e9seaux sociaux et elle fait plus de 12 millions de vues. Au final, on se rend compte qu\u2019il y a un message \u00e0 travers tout \u00e7a. Il y a une observation, un travail. De l\u00e0, j\u2019ai compris qu\u2019il fallait que j\u2019aille dans mon sens car \u00e7a me fait rire et les gens s\u2019y retrouvent.<\/p>\n<p class=\"ac-article-content__question wall-content\">Mais au d\u00e9part, vous faites pas mal de sc\u00e8nes ouvertes dont le Jamel Comedy Club, des festivals. On y ressent \u00e9galement ce c\u00f4t\u00e9 stand-up\u2026<\/p>\n<p class=\" wall-content\"><strong class=\"color-primary\">TM : <\/strong>Dans le stand-up, on nous ass\u00e8ne pas mal sur le fait qu\u2019il faut faire passer des messages mais ce n\u2019est pas forc\u00e9ment mon cas. C\u2019est pour \u00e7a qu\u2019Alexis, de temps en temps, m\u2019aide \u00e0 introduire des petits messages et \u00e0 y mettre un peu de profondeur \u00e9galement. Et cela m\u2019aide car il vient derri\u00e8re moi, il m\u2019aide et me chapote un peu. C\u2019est comme \u00e7a que l\u2019on avance aussi.<\/p>\n<p class=\"ac-article-content__question wall-content\">Justement, comment assurez-vous ce passage transitionnel vers la sc\u00e8ne\u2009alors que l\u2019urgence de la blague dans l\u2019instantan\u00e9it\u00e9 est primordiale en vid\u00e9o.<\/p>\n<p class=\" wall-content\"><strong class=\"color-primary\">TM : <\/strong>J\u2019ai envie de dire que c\u2019est le jeu tout simplement. Aujourd\u2019hui, les gens sur les r\u00e9seaux sociaux sont attir\u00e9s par le fait qu\u2019il doit y avoir une blague toutes les cinq secondes. Presque comme une mitraillette. Alors que sur un spectacle, certains stand-upper vont avoir blague sur blague mais \u00e0 un moment, on va l\u00e2cher par ce qu\u2019on ne sait pas o\u00f9 est-ce qu\u2019il nous emm\u00e8ne. Ce que les gens aiment dans ce spectacle-l\u00e0, c\u2019est le jeu, le mime, le temps et le fait que je raconte une histoire. Au bout de deux ou trois\u00a0ans de sc\u00e8ne, je me suis rendu compte qu\u2019il \u00e9tait important d\u2019instaurer une histoire, un contexte et un lieu. Et je vais prendre le temps de narrer la situation comme dans un repas de famille o\u00f9 l\u2019on attend la chute qui fait mouche.<\/p>\n<p>Vid\u00e9os : en ce moment sur Actu<\/p>\n<p class=\"ac-article-content__question wall-content\">Ce qui vous caract\u00e9rise, c\u2019est cet aspect espi\u00e8gle voire filou qui s\u2019y d\u00e9gage et pla\u00eet beaucoup. Est-ce cela aussi, la marque de fabrique Thomas Marty\u2009?<\/p>\n<p class=\" wall-content\"><strong class=\"color-primary\">TM : <\/strong>C\u2019est compl\u00e8tement \u00e7a\u2009! Mais cet aspect, je le ressens depuis tr\u00e8s longtemps. \u00c0 l\u2019\u00e9cole, j\u2019\u00e9tais toujours le plus petit de ma classe et j\u2019\u00e9tais toujours un peu le petit filou. J\u2019\u00e9tais au rugby, j\u2019\u00e9tais toujours le petit demi-m\u00eal\u00e9. D\u00e8s qu\u2019il y avait un petit coup \u00e0 faire, c\u2019\u00e9tait toujours moi. (Rires). Je reconnais que cette l\u00e9g\u00e8re filouterie fait partie de moi et j\u2019aime bien la raconter.<\/p>\n<p class=\"ac-article-content__question wall-content\">La notion de proximit\u00e9 avec le public para\u00eet essentielle dans \u00ab\u2009Allez la bise\u2009!\u2009\u00bb. Est-ce un \u00e9l\u00e9ment fondamental pour vous, de l\u2019entretenir dans cette relation\u2009?<\/p>\n<p class=\" wall-content\"><strong class=\"color-primary\">TM : <\/strong>Oui, tout \u00e0 fait. C\u2019est pour cette raison que je propose \u00e0 c\u00f4t\u00e9 un autre spectacle qui s\u2019appelle \u00ab\u2009Une soir\u00e9e entre potes\u2009\u00bb dans des petites salles. Et j\u2019adore raconter des anecdotes mais surtout \u00e9couter celles des gens. Maintenant, je prends ce petit plaisir d\u2019organiser ces petites soir\u00e9es entre nous. \u00c0 travers le stand-up, je raconte ces anecdotes o\u00f9 on en rajoute forc\u00e9ment un peu plus. Car il est vrai qu\u2019un spectacle o\u00f9 il y a trop d\u2019impros, cela peut devenir un peu long. Je pr\u00e9f\u00e8re privil\u00e9gier un spectacle avec 80\u2009% d\u2019\u00e9crit et 20\u2009% d\u2019impro et un autre \u00e0 c\u00f4t\u00e9 o\u00f9 il y a que de l\u2019impro. Je pr\u00e9pare le deuxi\u00e8me spectacle o\u00f9 je vais parler un peu du temps qui passe en accentuant sur un c\u00f4t\u00e9 touchant. Mais avec les m\u00eames fondamentaux, la famille qui \u00e9volue et le fait que je vais devenir papa. J\u2019h\u00e9site m\u00eame \u00e0 l\u2019intituler, \u00ab\u2009Le sens de la famille\u2009\u00bb\u2026 Nous verrons.<\/p>\n<p>Au Z\u00e9nith, avenue des Canadiens, au Grand-Quevilly, samedi 24 mai 2025, \u00e0 20 heures.<br \/>\nTarifs\u2009: de 36 \u00e0 39\u00a0euros.<br \/>\nBilletterie\u2009<a href=\"https:\/\/billetterie.zenith-de-rouen.com\/fr\/product\/1025\/zenith_rouen\/thomas_marty_zenith_rouen_samedi_24_mai_2025_20_00\" target=\"_blank\" rel=\"noopener\">en cliquant ici<\/a>.<\/p>\n<p class=\" wall-content\"><strong>Par notre correspondant Guillaume Bataille<\/strong><\/p>\n<p>Suivez l\u2019actualit\u00e9 de Rouen <a href=\"https:\/\/www.whatsapp.com\/channel\/0029VaKfnf99hXF2ddApFB1D\" target=\"_blank\" rel=\"noopener\">sur notre cha\u00eene WhatsApp<\/a> et <a href=\"https:\/\/www.tiktok.com\/@76actu.fr?lang=fr\" target=\"_blank\" rel=\"noopener\">sur notre compte TikTok<\/a><\/p>\n<p class=\" wall-content\">Suivez toute l\u2019actualit\u00e9 de vos villes et m\u00e9dias favoris en vous inscrivant \u00e0 <a href=\"https:\/\/moncompte.actu.fr\" title=\"D\u00e9couvez Mon Actu\" rel=\"nofollow noopener\" data-trk=\"{&quot;cta&quot;:{&quot;action&quot;:&quot;https:\\\/\\\/moncompte.actu.fr&quot;,&quot;category&quot;:&quot;mon compte&quot;,&quot;from&quot;:&quot;article footer&quot;,&quot;name&quot;:&quot;Mon actu&quot;,&quot;type&quot;:&quot;cta&quot;}}\" target=\"_blank\">Mon Actu<\/a>.<\/p>\n<p>                    <script async src=\"\/\/www.tiktok.com\/embed.js\"><\/script><\/p>\n","protected":false},"excerpt":{"rendered":"Par R\u00e9daction Normandie Publi\u00e9 le 18 mai 2025 \u00e0 16h18 Avec ses millions de vues comptabilis\u00e9es, Thomas Marty&hellip;\n","protected":false},"author":2,"featured_media":109558,"comment_status":"","ping_status":"","sticky":false,"template":"","format":"standard","meta":{"footnotes":""},"categories":[9587],"tags":[1111,11,9086,1777,674,1011,27,1652,12,5161,9026,25,9590,9894],"class_list":{"0":"post-109557","1":"post","2":"type-post","3":"status-publish","4":"format-standard","5":"has-post-thumbnail","7":"category-rouen","8":"tag-actu","9":"tag-actualites","10":"tag-bon-plan-a-rouen","11":"tag-eu","12":"tag-europe","13":"tag-fr","14":"tag-france","15":"tag-loisirs-culture","16":"tag-news","17":"tag-normandie","18":"tag-portrait","19":"tag-republique-francaise","20":"tag-rouen","21":"tag-zenith-de-rouen"},"share_on_mastodon":{"url":"https:\/\/pubeurope.com\/@fr\/114529393863858988","error":""},"_links":{"self":[{"href":"https:\/\/www.europesays.com\/fr\/wp-json\/wp\/v2\/posts\/109557","targetHints":{"allow":["GET"]}}],"collection":[{"href":"https:\/\/www.europesays.com\/fr\/wp-json\/wp\/v2\/posts"}],"about":[{"href":"https:\/\/www.europesays.com\/fr\/wp-json\/wp\/v2\/types\/post"}],"author":[{"embeddable":true,"href":"https:\/\/www.europesays.com\/fr\/wp-json\/wp\/v2\/users\/2"}],"replies":[{"embeddable":true,"href":"https:\/\/www.europesays.com\/fr\/wp-json\/wp\/v2\/comments?post=109557"}],"version-history":[{"count":0,"href":"https:\/\/www.europesays.com\/fr\/wp-json\/wp\/v2\/posts\/109557\/revisions"}],"wp:featuredmedia":[{"embeddable":true,"href":"https:\/\/www.europesays.com\/fr\/wp-json\/wp\/v2\/media\/109558"}],"wp:attachment":[{"href":"https:\/\/www.europesays.com\/fr\/wp-json\/wp\/v2\/media?parent=109557"}],"wp:term":[{"taxonomy":"category","embeddable":true,"href":"https:\/\/www.europesays.com\/fr\/wp-json\/wp\/v2\/categories?post=109557"},{"taxonomy":"post_tag","embeddable":true,"href":"https:\/\/www.europesays.com\/fr\/wp-json\/wp\/v2\/tags?post=109557"}],"curies":[{"name":"wp","href":"https:\/\/api.w.org\/{rel}","templated":true}]}}