{"id":1095599,"date":"2026-07-29T19:50:23","date_gmt":"2026-07-29T19:50:23","guid":{"rendered":"https:\/\/www.europesays.com\/fr\/1095599\/"},"modified":"2026-07-29T19:50:23","modified_gmt":"2026-07-29T19:50:23","slug":"le-prix-de-paris-aux-invalides-na-aucune-chance-de-faire-son-retour","status":"publish","type":"post","link":"https:\/\/www.europesays.com\/fr\/1095599\/","title":{"rendered":"L&rsquo;E-Prix de Paris aux Invalides n&rsquo;a \u00ab\u00a0aucune chance\u00a0\u00bb de faire son retour"},"content":{"rendered":"<p>De 2016 \u00e0 2019, la ville de Paris a accueilli quatre fois la Formule E, avec un circuit trac\u00e9 autour des Invalides. Le Covid a entra\u00een\u00e9 l&rsquo;annulation des \u00e9ditions 2020 et 2021 et les discussions pour un retour de la capitale au <a href=\"https:\/\/fr.motorsport.com\/formula-e\/schedule\/\" data-custom-text=\"1\" rel=\"nofollow noopener\" target=\"_blank\">calendrier<\/a> du championnat n&rsquo;ont jamais abouti par la suite.<\/p>\n<p>Aujourd&rsquo;hui, l&rsquo;E-Prix de Paris n&rsquo;est plus qu&rsquo;un souvenir et la Formule E n&rsquo;envisage pas un retour de cette \u00e9preuve \u00e0 court terme, en tout cas pas sur le circuit des Invalides. Assez tortueux, le trac\u00e9 n&rsquo;est plus adapt\u00e9 \u00e0 sa future monoplace, la Gen4, plus puissante que ses devanci\u00e8res, et il est difficile de trouver un lieu adapt\u00e9 dans les rues parisiennes.<\/p>\n<p>\u00ab\u00a0La capacit\u00e9 \u00e0 faire rouler une Gen4 dans le c\u0153ur de Paris para\u00eet improbable, tout simplement parce que mettre en place une configuration de course dans le centre-ville est assez compliqu\u00e9\u00a0\u00bb, a r\u00e9cemment expliqu\u00e9 Jeff\u00a0Dodds, le directeur g\u00e9n\u00e9ral de la Formule E, en r\u00e9ponse \u00e0 une question de <strong>Motorsport.com<\/strong> France lors d&rsquo;une rencontre avec les m\u00e9dias.<\/p>\n<p>Lire aussi :<\/p>\n<p>\u00ab\u00a0Et vous savez, l&rsquo;ancien circuit, celui sur lequel nous roulions auparavant \u00e0 Paris, il n&rsquo;y a absolument aucune chance de pouvoir y retourner, et certainement pas avec une Gen4.\u00a0\u00bb<\/p>\n<p>C&rsquo;est d&rsquo;ailleurs une tendance globale pour la Formule E. Initialement uniquement disput\u00e9 sur des circuits urbains, qui ont le m\u00e9rite d&rsquo;offrir des lignes droites courtes et de gros freinages favorables \u00e0 la r\u00e9cup\u00e9ration d&rsquo;\u00e9nergie, le championnat multiplie d\u00e9sormais les visites sur des circuits permanents, ce qui va se renforcer avec l&rsquo;arriv\u00e9e d&rsquo;Austin, Brands Hatch et Zandvoort au calendrier 2026-2027.<\/p>\n<p>   <img decoding=\"async\" draggable=\"false\" src=\"https:\/\/www.europesays.com\/fr\/wp-content\/uploads\/2026\/07\/pascal-wehrlein-mahindra-racin-1.jpg\" alt=\"L'E-Prix de Paris offrait un cadre unique aux pilotes.\" width=\"1200\" height=\"800\" loading=\"lazy\"\/> <\/p>\n<p class=\"title\">L&rsquo;E-Prix de Paris offrait un cadre unique aux pilotes.<\/p>\n<p class=\"photographer\">Photo de: Dom Romney \/ Motorsport Images<\/p>\n<p>La France pourrait donc revenir au calendrier de la Formule E \u00e0 travers l&rsquo;un de ses circuits permanents. Le pays fait en tout cas toujours partie des destinations o\u00f9 Dodds aimerait que le championnat se produise\u00a0: \u00ab\u00a0Oui, la France est sur notre liste. Nous sommes constamment en discussions avec la France.\u00a0\u00bb<\/p>\n<p>\u00ab\u00a0Nous continuons \u00e0 discuter avec environ une douzaine de lieux\u00a0\u00bb, a-t-il ajout\u00e9. \u00ab\u00a0Et la France est toujours ce que nous consid\u00e9rons comme une destination de premier choix pour nous. C&rsquo;est encore un lieu avec lequel nous discutons.\u00a0\u00bb<\/p>\n<p>En attendant qu&rsquo;un nouvel E-Prix se concr\u00e9tise dans l&rsquo;Hexagone, la Formule E s&rsquo;appuie sur l&rsquo;E-Prix de Monaco, certes pas v\u00e9ritablement une \u00e9preuve en France \u00e0 proprement parler, mais une destination id\u00e9ale pour de nombreux Fran\u00e7ais.<\/p>\n<p>\u00ab\u00a0Je sais que vous allez lever les yeux au ciel quand je vais le dire, mais \u00e9videmment, nous avons Monaco\u00a0\u00bb, a pr\u00e9cis\u00e9 Jeff Dodds. \u00ab\u00a0Nous savons que ce n&rsquo;est pas en France, mais d&rsquo;un point de vue proximit\u00e9, beaucoup de gens voyagent depuis le sud de la France pour voir la course l\u00e0-bas.\u00a0\u00bb<\/p>\n<p>Lire aussi :<\/p>\n<p>            Votre avis nous int\u00e9resse !<\/p>\n<p class=\"mt-auto\">Qu&rsquo;aimeriez-vous voir sur Motorsport.com ?<\/p>\n<p>            <a href=\"#\" class=\"ms-link text-link font-bold\">R\u00e9pondez \u00e0 notre enqu\u00eate en 5 minutes.<\/a><\/p>\n<p class=\"mt-1 text-body\">&#8211; L&rsquo;\u00e9quipe Motorsport.com<\/p>\n","protected":false},"excerpt":{"rendered":"De 2016 \u00e0 2019, la ville de Paris a accueilli quatre fois la Formule E, avec un circuit&hellip;\n","protected":false},"author":2,"featured_media":1095600,"comment_status":"","ping_status":"","sticky":false,"template":"","format":"standard","meta":{"footnotes":"","_share_on_mastodon":"0"},"categories":[1888],"tags":[1111,1928,11,1927,1777,674,8313,1011,27,112876,12,1926,626,1925,25],"class_list":["post-1095599","post","type-post","status-publish","format-standard","has-post-thumbnail","category-paris","tag-actu","tag-actu-paris","tag-actualites","tag-actualites-paris","tag-eu","tag-europe","tag-formule-e","tag-fr","tag-france","tag-le-prix-de-paris-aux-invalides-na-aucune-chance-de-faire-son-retour","tag-news","tag-news-paris","tag-paris","tag-paris-news","tag-republique-francaise"],"share_on_mastodon":{"url":"https:\/\/pubeurope.com\/@fr\/117005008809103946","error":""},"_links":{"self":[{"href":"https:\/\/www.europesays.com\/fr\/wp-json\/wp\/v2\/posts\/1095599","targetHints":{"allow":["GET"]}}],"collection":[{"href":"https:\/\/www.europesays.com\/fr\/wp-json\/wp\/v2\/posts"}],"about":[{"href":"https:\/\/www.europesays.com\/fr\/wp-json\/wp\/v2\/types\/post"}],"author":[{"embeddable":true,"href":"https:\/\/www.europesays.com\/fr\/wp-json\/wp\/v2\/users\/2"}],"replies":[{"embeddable":true,"href":"https:\/\/www.europesays.com\/fr\/wp-json\/wp\/v2\/comments?post=1095599"}],"version-history":[{"count":0,"href":"https:\/\/www.europesays.com\/fr\/wp-json\/wp\/v2\/posts\/1095599\/revisions"}],"wp:featuredmedia":[{"embeddable":true,"href":"https:\/\/www.europesays.com\/fr\/wp-json\/wp\/v2\/media\/1095600"}],"wp:attachment":[{"href":"https:\/\/www.europesays.com\/fr\/wp-json\/wp\/v2\/media?parent=1095599"}],"wp:term":[{"taxonomy":"category","embeddable":true,"href":"https:\/\/www.europesays.com\/fr\/wp-json\/wp\/v2\/categories?post=1095599"},{"taxonomy":"post_tag","embeddable":true,"href":"https:\/\/www.europesays.com\/fr\/wp-json\/wp\/v2\/tags?post=1095599"}],"curies":[{"name":"wp","href":"https:\/\/api.w.org\/{rel}","templated":true}]}}