{"id":109563,"date":"2025-05-18T14:54:26","date_gmt":"2025-05-18T14:54:26","guid":{"rendered":"https:\/\/www.europesays.com\/fr\/109563\/"},"modified":"2025-05-18T14:54:26","modified_gmt":"2025-05-18T14:54:26","slug":"a-vern-sur-seiche-un-banc-un-peu-special-pour-annoncer-le-festival-un-week-end-a-la-rue","status":"publish","type":"post","link":"https:\/\/www.europesays.com\/fr\/109563\/","title":{"rendered":"\u00c0 Vern-sur-Seiche, un banc un peu sp\u00e9cial pour annoncer le festival Un Week-end \u00e0 la rue"},"content":{"rendered":"<p>C\u2019est un banc un peu d\u00e9glingu\u00e9 mais avec plein d\u2019histoires \u00e0 raconter, et surtout annonciateur du festival intercommunal Un Week-end \u00e0 la rue, qui a \u00e9t\u00e9 install\u00e9 devant Le Volume, \u00e0 <a href=\"https:\/\/rennes.maville.com\/bretagne\/ille-et-vilaine\/vern-sur-seiche\/\" target=\"_blank\" rel=\"noopener\">Vern-sur-Seiche<\/a>.<\/p>\n<p>La 7e \u00e9dition du festival aura lieu du 6 au 9\u00a0juin 2025, dans les communes de Bourgbarr\u00e9, Chantepie, Corps-Nuds, Nouvoitou, Saint-Armel et Vern-sur-Seiche, qui s\u2019associent pour organiser un week-end haut en couleur autour des arts de la rue.<\/p>\n<p>N\u00e9 de l\u2019imagination du graphiste cornusien Arnaud Vall\u00e9e pour les affiches de la 2e \u00e9dition du festival, ce banc a tellement inspir\u00e9 les organisateurs du Week-end \u00e0 la rue qu\u2019ils ont demand\u00e9 aux artistes du collectif Les Oeils de lui donner vie d\u00e8s l\u2019\u00e9dition de 2019. Et chaque ann\u00e9e, il part en tourn\u00e9e pour annoncer le festival et rencontrer son public.<\/p>\n<p>\u00ab\u00a0Mascotte du festival\u00a0\u00bb<\/p>\n<p>Depuis le mois d\u2019avril\u00a02025, le banc parcourt les communes du festival, avec un message\u00a0: <strong>\u00ab\u00a0Asseyez-vous le temps d\u2019une photo \u00e0 partager sur les r\u00e9seaux sociaux en taguant #UnWeekendALaRue.\u00a0\u00bb<\/strong> Apr\u00e8s Nouvoitou, Corps-Nuds, Chantepie, il est \u00e0 Vern jusqu\u2019au 20\u00a0mai, avant de rejoindre Bourgbarr\u00e9. Quand il aura fini sa tourn\u00e9e de pr\u00e9sentation, il sera install\u00e9 sur chacun des sites des spectacles. Pour les organisateurs du festival, <strong>\u00ab\u00a0il s\u2019agit de mieux faire conna\u00eetre le banc et de mieux l\u2019identifier comme mascotte du festival\u00a0\u00bb<\/strong>.<\/p>\n<p>\u00a0<\/p>\n","protected":false},"excerpt":{"rendered":"C\u2019est un banc un peu d\u00e9glingu\u00e9 mais avec plein d\u2019histoires \u00e0 raconter, et surtout annonciateur du festival intercommunal&hellip;\n","protected":false},"author":2,"featured_media":109564,"comment_status":"","ping_status":"","sticky":false,"template":"","format":"standard","meta":{"footnotes":""},"categories":[2821],"tags":[1111,11,18306,22781,829,1777,674,849,1011,27,12,3086,584,25,3640,22782,9310,4064],"class_list":{"0":"post-109563","1":"post","2":"type-post","3":"status-publish","4":"format-standard","5":"has-post-thumbnail","7":"category-rennes","8":"tag-actu","9":"tag-actualites","10":"tag-annoncer","11":"tag-banc","12":"tag-bretagne","13":"tag-eu","14":"tag-europe","15":"tag-festival","16":"tag-fr","17":"tag-france","18":"tag-news","19":"tag-redon","20":"tag-rennes","21":"tag-republique-francaise","22":"tag-rue","23":"tag-special","24":"tag-vern-sur-seiche","25":"tag-week-end"},"share_on_mastodon":{"url":"https:\/\/pubeurope.com\/@fr\/114529413578110679","error":""},"_links":{"self":[{"href":"https:\/\/www.europesays.com\/fr\/wp-json\/wp\/v2\/posts\/109563","targetHints":{"allow":["GET"]}}],"collection":[{"href":"https:\/\/www.europesays.com\/fr\/wp-json\/wp\/v2\/posts"}],"about":[{"href":"https:\/\/www.europesays.com\/fr\/wp-json\/wp\/v2\/types\/post"}],"author":[{"embeddable":true,"href":"https:\/\/www.europesays.com\/fr\/wp-json\/wp\/v2\/users\/2"}],"replies":[{"embeddable":true,"href":"https:\/\/www.europesays.com\/fr\/wp-json\/wp\/v2\/comments?post=109563"}],"version-history":[{"count":0,"href":"https:\/\/www.europesays.com\/fr\/wp-json\/wp\/v2\/posts\/109563\/revisions"}],"wp:featuredmedia":[{"embeddable":true,"href":"https:\/\/www.europesays.com\/fr\/wp-json\/wp\/v2\/media\/109564"}],"wp:attachment":[{"href":"https:\/\/www.europesays.com\/fr\/wp-json\/wp\/v2\/media?parent=109563"}],"wp:term":[{"taxonomy":"category","embeddable":true,"href":"https:\/\/www.europesays.com\/fr\/wp-json\/wp\/v2\/categories?post=109563"},{"taxonomy":"post_tag","embeddable":true,"href":"https:\/\/www.europesays.com\/fr\/wp-json\/wp\/v2\/tags?post=109563"}],"curies":[{"name":"wp","href":"https:\/\/api.w.org\/{rel}","templated":true}]}}