{"id":109567,"date":"2025-05-18T14:56:30","date_gmt":"2025-05-18T14:56:30","guid":{"rendered":"https:\/\/www.europesays.com\/fr\/109567\/"},"modified":"2025-05-18T14:56:30","modified_gmt":"2025-05-18T14:56:30","slug":"la-francaise-elsa-jacquemot-gagne-sarah-iliev-eliminee","status":"publish","type":"post","link":"https:\/\/www.europesays.com\/fr\/109567\/","title":{"rendered":"la Fran\u00e7aise Elsa Jacquemot gagne, Sarah Iliev \u00e9limin\u00e9e"},"content":{"rendered":"<p>        &#13;<br \/>\n        <a href=\"https:\/\/www.europesays.com\/fr\/wp-content\/uploads\/2025\/05\/image-1747482694.jpg\" title=\"L'Alsacienne Sarah Iliev en conf\u00e9rence de presse. Photo Thomas Toussaint\" class=\"chocolat-image GA-tracking\" data-ga_type=\"click\" data-ga_category=\"D\u00e9tail\" data-ga_action=\"zoomer\" data-ga_label=\"agrandir image\">&#13;<br \/>\n            <img loading=\"lazy\" decoding=\"async\" src=\"https:\/\/www.europesays.com\/fr\/wp-content\/uploads\/2025\/05\/image-1747482694.jpg\" alt=\"L'Alsacienne Sarah Iliev en conf\u00e9rence de presse. Photo Thomas Toussaint\"\/>&#13;<br \/>\n        <\/a>&#13;<br \/>\n                L&rsquo;Alsacienne Sarah Iliev en conf\u00e9rence de presse. Photo Thomas Toussaint&#13;<\/p>\n<p>\u00a0\u00ab\u00a0Je suis un peu triste apr\u00e8s cette d\u00e9faite mais \u00e7a va\u2026 J\u2019\u00e9tais encore \u00e0 Paris il y a deux jours au Centre national d\u2019entra\u00eenement quand j\u2019ai appris que j\u2019avais une wild-card pour les IS ce qui m\u2019a fait tr\u00e8s plaisir. Le central est \u00e9norme, il a y deux ans je n\u2019avais pas l\u2019impression d\u2019\u00eatre petite sur le terrain mais l\u00e0, c\u2019\u00e9tait l\u2019inverse. Les infrastructures se sont d\u00e9velopp\u00e9es, les vestiaires ont chang\u00e9, on a nos pr\u00e9noms sur chaque casier comme \u00e0 Roland-Garros. C\u2019\u00e9tait d\u00e9j\u00e0 bien mais l\u00e0, tout est mieux. Savoir que les IS gagnent en calibre, \u00e7a motive grave\u00a0: \u00e7a donne envie de revenir et cette fois-ci sans wild-card\u00a0!\u00a0\u00bb<\/p>\n<p>\u00ab\u00a0Remonter sur le court central m\u2019a rappel\u00e9 de bons souvenirs, je vois comment j\u2019\u00e9volue face \u00e0 de bonnes joueuses. Et il y a l\u2019ambiance aussi dans les tribunes, ce n\u2019est pas quelque chose que je vis quotidiennement dans les autres tournois, c\u2019est cool.\u00a0\u00bb<\/p>\n<p>\u00a0\u00ab\u00a0J\u2019ai fait un bon match, j\u2019y ai eu pas mal d\u2019opportunit\u00e9s, je ne les ai pas saisies et je suis d\u00e9go\u00fbt\u00e9e. Mais c\u2019\u00e9tait une bonne exp\u00e9rience. Dolehide est hyper-puissante, je n\u2019ai pas l\u2019habitude de jouer contre des filles comme elle, \u00e7a me change vraiment de mes habitudes. J\u2019ai mis du temps \u00e0 m\u2019adapter mais j\u2019ai loup\u00e9 des occasions. C\u2019est dur parce que je n\u2019ai pas les solutions tout de suite. Et en plus je ne suis pas trop dans une dynamique o\u00f9 je gagne des matches hyper serr\u00e9s. Face \u00e0 de telles adversaires, je sens que je peux les accrocher comme je peux me prendre deux sets. Mais si ma t\u00eate est au bon endroit et que le physique va bien, je trouve que j\u2019arrive \u00e0 faire de bons matchs et que je ne passe pas loin d\u2019un 3e set.\u00a0\u00bb<\/p>\n<p>\u00ab\u00a0Mon service, par exemple, il faut vraiment que je l\u2019am\u00e9liore. Sur terre battue, vu mon manque de puissance, envoyer du fond du court ce n\u2019est pas forc\u00e9ment l\u00e0 o\u00f9 je vais faire mal. L\u2019id\u00e9e est de varier plus mon jeu.\u00a0\u00bb<\/p>\n<p>\u00ab\u00a0J\u2019aurais pu oser plus, rentrer plus dans le terrain. Contre ce genre de joueuse, attendre que ce soit elle qui fasse la faute, \u00e7a ne marche pas. J\u2019\u00e9tais un peu trop passive et pas assez agressives par moments.\u00a0\u00bb<\/p>\n<p>Ne pas avoir eu de wild-card pour Roland Garros, j\u2019\u00e9tais d\u00e9go\u00fbt\u00e9 mais ce n\u2019est pas moi qui prend la d\u00e9cision et ils doivent avoir leurs raisons.<\/p>\n<p>La suite\u00a0? Je pense que je vais m\u2019entra\u00eener \u00e0 Strasbourg, je suis inscrite dans des tournois 35\u00a0000 en Croatie. Vers juillet, il y aura des gros tournois en France.<\/p>\n<p>On ne se voit plus tr\u00e8s souvent mais St\u00e9phane me conna\u00eet par c\u0153ur et m\u2019a bien aid\u00e9e. \u00e7a me rappelle quand je m\u2019entra\u00eenais \u00e0 la Ligue d\u2019Alsace\u00a0\u00bb<\/p>\n","protected":false},"excerpt":{"rendered":"&#13; &#13; &#13; &#13; L&rsquo;Alsacienne Sarah Iliev en conf\u00e9rence de presse. Photo Thomas Toussaint&#13; \u00a0\u00ab\u00a0Je suis un peu&hellip;\n","protected":false},"author":2,"featured_media":109568,"comment_status":"","ping_status":"","sticky":false,"template":"","format":"standard","meta":{"footnotes":""},"categories":[2820],"tags":[1111,11,2649,3545,2880,1777,674,107,1701,1011,27,775,16055,12,25,517,640,1467],"class_list":{"0":"post-109567","1":"post","2":"type-post","3":"status-publish","4":"format-standard","5":"has-post-thumbnail","7":"category-strasbourg","8":"tag-actu","9":"tag-actualites","10":"tag-bas-rhin","11":"tag-direct-sport","12":"tag-edition-strasbourg","13":"tag-eu","14":"tag-europe","15":"tag-fil-info","16":"tag-fil-info-sport","17":"tag-fr","18":"tag-france","19":"tag-grand-est","20":"tag-internationaux-de-strasbourg","21":"tag-news","22":"tag-republique-francaise","23":"tag-sport","24":"tag-strasbourg","25":"tag-tennis"},"share_on_mastodon":{"url":"https:\/\/pubeurope.com\/@fr\/114529421455984219","error":""},"_links":{"self":[{"href":"https:\/\/www.europesays.com\/fr\/wp-json\/wp\/v2\/posts\/109567","targetHints":{"allow":["GET"]}}],"collection":[{"href":"https:\/\/www.europesays.com\/fr\/wp-json\/wp\/v2\/posts"}],"about":[{"href":"https:\/\/www.europesays.com\/fr\/wp-json\/wp\/v2\/types\/post"}],"author":[{"embeddable":true,"href":"https:\/\/www.europesays.com\/fr\/wp-json\/wp\/v2\/users\/2"}],"replies":[{"embeddable":true,"href":"https:\/\/www.europesays.com\/fr\/wp-json\/wp\/v2\/comments?post=109567"}],"version-history":[{"count":0,"href":"https:\/\/www.europesays.com\/fr\/wp-json\/wp\/v2\/posts\/109567\/revisions"}],"wp:featuredmedia":[{"embeddable":true,"href":"https:\/\/www.europesays.com\/fr\/wp-json\/wp\/v2\/media\/109568"}],"wp:attachment":[{"href":"https:\/\/www.europesays.com\/fr\/wp-json\/wp\/v2\/media?parent=109567"}],"wp:term":[{"taxonomy":"category","embeddable":true,"href":"https:\/\/www.europesays.com\/fr\/wp-json\/wp\/v2\/categories?post=109567"},{"taxonomy":"post_tag","embeddable":true,"href":"https:\/\/www.europesays.com\/fr\/wp-json\/wp\/v2\/tags?post=109567"}],"curies":[{"name":"wp","href":"https:\/\/api.w.org\/{rel}","templated":true}]}}