{"id":109569,"date":"2025-05-18T14:57:22","date_gmt":"2025-05-18T14:57:22","guid":{"rendered":"https:\/\/www.europesays.com\/fr\/109569\/"},"modified":"2025-05-18T14:57:22","modified_gmt":"2025-05-18T14:57:22","slug":"ligue-1-le-rc-strasbourg-qualifie-en-ligue-conference-si-sport-3","status":"publish","type":"post","link":"https:\/\/www.europesays.com\/fr\/109569\/","title":{"rendered":"Ligue 1. Le RC Strasbourg qualifi\u00e9 en Ligue Conf\u00e9rence si\u2026 . Sport"},"content":{"rendered":"<p>Le d\u00e9nouement de la saison 2024-2025 de Ligue 1 a \u00e9t\u00e9 riche en \u00e9motions <a href=\"https:\/\/www.ouest-france.fr\/sport\/football\/ligue-1\/direct\/direct-course-a-leurope-lutte-pour-le-maintien-suivez-le-multiplex-de-la-34e-journee-de-ligue-1-e2490379-ce23-4bff-b62d-c4f8f8fb6622\" target=\"_self\" rel=\"noopener\">lors du multiplex de la 34e journ\u00e9e samedi 17\u00a0mai<\/a>. Si Le Havre a exult\u00e9 apr\u00e8s avoir sauv\u00e9 sa peau \u00e0 la derni\u00e8re minute sur la pelouse de Strasbourg (2-3), les Alsaciens ont vu leur r\u00eave d\u2019Europe s\u2019envoler. Ou du moins, en partie. Ce but conc\u00e9d\u00e9 \u00e0 la 90 +\u00a09e minute sur un penalty d\u2019Abdoulaye Tour\u00e9 a fait glisser les hommes de Liam Rosenior derri\u00e8re l\u2019OL, <a href=\"https:\/\/www.ouest-france.fr\/sport\/football\/ligue-1\/classement\/\" target=\"_self\" rel=\"noopener\">\u00e0 la 7e place du championnat<\/a>.<\/p>\n<p>Une place qui ne qualifie le club pour aucune coupe d\u2019Europe \u00e0 l\u2019heure actuelle. Mais cela pourrait changer samedi 24\u00a0mai, lors de la finale de la coupe de France entre le PSG et Reims. Une place europ\u00e9enne est r\u00e9serv\u00e9e au vainqueur de la coupe nationale, ce dont n\u2019auraient pas besoin les Parisiens, d\u00e9j\u00e0 assur\u00e9s de jouer la Ligue des champions l\u2019ann\u00e9e prochaine gr\u00e2ce \u00e0 leur premi\u00e8re place en championnat.<br \/>Ainsi, si le PSG l\u2019emporte, le ticket europ\u00e9en reviendrait \u00e0 Strasbourg, qui se qualifierait pour les barrages de la Ligue Conf\u00e9rence (C4). Ce qui propulserait dans le m\u00eame temps l\u2019OL en Ligue Europa, par ailleurs.<\/p>\n<p><strong>Lire aussi\u00a0: <\/strong> <a href=\"https:\/\/rennes.maville.com\/sport\/detail_-ligue-1.-combien-les-clubs-vont-ils-gagner-en-fonction-de-leur-classement-final-_54135-6811999_actu.Htm\" target=\"_self\" rel=\"noopener\">Ligue 1. Combien les clubs vont-ils gagner en fonction de leur classement final\u00a0?<\/a><\/p>\n<p>Le RC Strasbourg qualifi\u00e9 en Ligue Conf\u00e9rence si\u2026<\/p>\n<p>Le PSG bat Reims en finale de la Coupe de France samedi 24\u00a0mai (21\u00a0h).<\/p>\n<p>\u00a0<\/p>\n","protected":false},"excerpt":{"rendered":"Le d\u00e9nouement de la saison 2024-2025 de Ligue 1 a \u00e9t\u00e9 riche en \u00e9motions lors du multiplex de&hellip;\n","protected":false},"author":2,"featured_media":109090,"comment_status":"","ping_status":"","sticky":false,"template":"","format":"standard","meta":{"footnotes":""},"categories":[2820],"tags":[1111,11,3809,1465,1777,674,63,1011,27,775,1792,1922,12,3086,25,479,517,640,1470],"class_list":{"0":"post-109569","1":"post","2":"type-post","3":"status-publish","4":"format-standard","5":"has-post-thumbnail","7":"category-strasbourg","8":"tag-actu","9":"tag-actualites","10":"tag-ball","11":"tag-basket","12":"tag-eu","13":"tag-europe","14":"tag-football","15":"tag-fr","16":"tag-france","17":"tag-grand-est","18":"tag-handball","19":"tag-info","20":"tag-news","21":"tag-redon","22":"tag-republique-francaise","23":"tag-rugby","24":"tag-sport","25":"tag-strasbourg","26":"tag-volley"},"share_on_mastodon":{"url":"https:\/\/pubeurope.com\/@fr\/114529425329558655","error":""},"_links":{"self":[{"href":"https:\/\/www.europesays.com\/fr\/wp-json\/wp\/v2\/posts\/109569","targetHints":{"allow":["GET"]}}],"collection":[{"href":"https:\/\/www.europesays.com\/fr\/wp-json\/wp\/v2\/posts"}],"about":[{"href":"https:\/\/www.europesays.com\/fr\/wp-json\/wp\/v2\/types\/post"}],"author":[{"embeddable":true,"href":"https:\/\/www.europesays.com\/fr\/wp-json\/wp\/v2\/users\/2"}],"replies":[{"embeddable":true,"href":"https:\/\/www.europesays.com\/fr\/wp-json\/wp\/v2\/comments?post=109569"}],"version-history":[{"count":0,"href":"https:\/\/www.europesays.com\/fr\/wp-json\/wp\/v2\/posts\/109569\/revisions"}],"wp:featuredmedia":[{"embeddable":true,"href":"https:\/\/www.europesays.com\/fr\/wp-json\/wp\/v2\/media\/109090"}],"wp:attachment":[{"href":"https:\/\/www.europesays.com\/fr\/wp-json\/wp\/v2\/media?parent=109569"}],"wp:term":[{"taxonomy":"category","embeddable":true,"href":"https:\/\/www.europesays.com\/fr\/wp-json\/wp\/v2\/categories?post=109569"},{"taxonomy":"post_tag","embeddable":true,"href":"https:\/\/www.europesays.com\/fr\/wp-json\/wp\/v2\/tags?post=109569"}],"curies":[{"name":"wp","href":"https:\/\/api.w.org\/{rel}","templated":true}]}}