{"id":109584,"date":"2025-05-18T15:07:08","date_gmt":"2025-05-18T15:07:08","guid":{"rendered":"https:\/\/www.europesays.com\/fr\/109584\/"},"modified":"2025-05-18T15:07:08","modified_gmt":"2025-05-18T15:07:08","slug":"une-semaine-de-portes-ouvertes-au-sein-du-groupe-malecot","status":"publish","type":"post","link":"https:\/\/www.europesays.com\/fr\/109584\/","title":{"rendered":"une semaine de portes ouvertes au sein du groupe Mal\u00e9cot"},"content":{"rendered":"<p>            Par<br \/>\n        <strong><br \/>\n            <a href=\"https:\/\/actu.fr\/auteur\/nicolas-demollien\" title=\"Consulter tous les articles de Nicolas Demollien\" rel=\"nofollow noopener\" target=\"_blank\">Nicolas Demollien<\/a><br \/>\n        <\/strong><\/p>\n<p>        Publi\u00e9 le<\/p>\n<p>            18 mai 2025 \u00e0 17h00        <\/p>\n<p>Et si vous d\u00e9couvriez l\u2019<b>\u00e9tablissement et service d\u2019aide par le travail (Esat)<\/b> du <b>groupe Mal\u00e9cot<\/b> dans la m\u00e9tropole de <a href=\"https:\/\/actu.fr\/hauts-de-france\/lille_59350\" rel=\"nofollow noopener\" target=\"_blank\">Lille<\/a> (Nord). La structure, g\u00e9r\u00e9e par l\u2019<b>association Les Papillons Blancs de Lille<\/b>, <b>ouvre ses portes<\/b> du 20 au 23 mai 2025 \u00e0 l\u2019occasion de la Semaine des achats socialement et \u00e9cologiquement responsables.<\/p>\n<p>Sept rendez-vous dans l\u2019Esat du groupe Mal\u00e9cot dans la m\u00e9tropole de Lille<\/p>\n<p class=\" wall-content\">Du 19 au 23 mai, partout en France, des structures de l\u2019ESS proposent des \u00e9v\u00e9nements \u00e0 l\u2019occasion de la 5\u1d49 Semaine des Achats Socialement et \u00c9cologiquement Responsables (SASER). C\u2019est dans ce contexte que l\u2019Esat du Groupe Mal\u00e9cot propose 7 rendez-vous, \u00ab\u00a0chacun permettant de d\u00e9couvrir l\u2019un de ses sites, \u00e0 la rencontre des travailleurs et salari\u00e9s\u00a0\u00bb, explique-t-on du c\u00f4t\u00e9 des Papillons Blancs de Lille.<\/p>\n<p class=\" wall-content\">L\u2019Esat du Groupe Mal\u00e9cot est implant\u00e9 sur sept sites dans la m\u00e9tropole lilloise : \u00e0 Lille (rue Boissy d\u2019Anglas), Lille-Fives, Lomme, Seclin, Loos, Armenti\u00e8res et Comines. Au total, environ <b>900 travailleurs en situation de handicap mental sont accompagn\u00e9s<\/b>. Chacun des sites accompagne de 110 \u00e0 140 personnes.<\/p>\n<p class=\" wall-content\">Au sein de l\u2019Esat du Groupe Mal\u00e9cot, plus de 14 prestations sont propos\u00e9es : conditionnement, conditionnement alimentaire, pr\u00e9paration de commande, traiteur, production brassicole, nettoyage auto, entretien des locaux, entretien des espaces verts, transcription en FALC (facile \u00e0 lire et \u00e0 comprendre), pressing, impression num\u00e9rique et multi-services, destruction d\u2019archives, travaux de second \u0153uvre, confection\u2026 Certaines prestations sont assur\u00e9es au sein des ateliers, d\u2019autres chez les clients, dans le cadre de prestations ou de mises \u00e0 disposition.<\/p>\n<p>Quel programme sur la semaine ?<\/p>\n<p class=\" wall-content\">Du 20 au 23 mai, les rendez-vous sont ouverts \u00e0 tous. Ils pourraient notamment int\u00e9resser des acheteurs (au sein d\u2019entreprises et de collectivit\u00e9s) qui pourront d\u00e9couvrir les savoir-faire et toutes les possibilit\u00e9s de collaboration avec l\u2019Esat ainsi que les valeurs d\u00e9fendues.<\/p>\n<p>Vid\u00e9os : en ce moment sur Actu<\/p>\n<p class=\" wall-content\">Le programme d\u00e9taill\u00e9 est le suivant :<\/p>\n<ul class=\" wall-content\">\n<li>Mardi 20 mai de 10h \u00e0 12h : site d\u2019Armenti\u00e8res (29 rue Coli)<\/li>\n<li>Mardi 20 mai de 14h \u00e0 16h : site de Lille-Boissy (3 rue Boissy d\u2019Anglas)<\/li>\n<li>Mercredi 21 mai de 10h \u00e0 12h : site de Comines (47 rue de Lille)<\/li>\n<li>Jeudi 22 mai de 10h \u00e0 12h : site de Lomme (399 avenue de Dunkerque)<\/li>\n<li>Jeudi 22 mai de 14h \u00e0 16h : site de Loos (89 rue Georges Poti\u00e9)<\/li>\n<li>Vendredi 23 mai de 10h \u00e0 12h : site de Seclin (rue du Mont de Templemars)<\/li>\n<li>Vendredi 23 mai de 14h \u00e0 16h : site de Lille-Fives (145 rue de Lannoy)<\/li>\n<\/ul>\n<p class=\" wall-content\">Renseignements par mail \u00e0\u00a0<a href=\"http:\/\/actu.fr\/cdn-cgi\/l\/email-protection#bbd6d2c8c8d2d4d595ded8d4fbcbdacbd2d7d7d4d5c8d9d7dad5d8c896d7d2d7d7de95d4c9dc\" rel=\"nofollow noopener\" target=\"_blank\">[email\u00a0protected]<\/a>, formulaire d\u2019inscription disponible sur le site <a href=\"https:\/\/www.groupe-malecot.fr\/semaine-portes-ouvertes-de-notre-esat-du-19-au-23-mai-2025\/\" rel=\"nofollow noopener\" target=\"_blank\">groupe-malecot.fr<\/a>.<\/p>\n<p class=\" wall-content\">Suivez toute l\u2019actualit\u00e9 de vos villes et m\u00e9dias favoris en vous inscrivant \u00e0 <a href=\"https:\/\/moncompte.actu.fr\" title=\"D\u00e9couvez Mon Actu\" rel=\"nofollow noopener\" data-trk=\"{&quot;cta&quot;:{&quot;action&quot;:&quot;https:\\\/\\\/moncompte.actu.fr&quot;,&quot;category&quot;:&quot;mon compte&quot;,&quot;from&quot;:&quot;article footer&quot;,&quot;name&quot;:&quot;Mon actu&quot;,&quot;type&quot;:&quot;cta&quot;}}\" target=\"_blank\">Mon Actu<\/a>.<\/p>\n","protected":false},"excerpt":{"rendered":"Par Nicolas Demollien Publi\u00e9 le 18 mai 2025 \u00e0 17h00 Et si vous d\u00e9couvriez l\u2019\u00e9tablissement et service d\u2019aide&hellip;\n","protected":false},"author":2,"featured_media":109585,"comment_status":"","ping_status":"","sticky":false,"template":"","format":"standard","meta":{"footnotes":""},"categories":[2815],"tags":[1111,11,1777,674,1011,27,1943,811,1307,12,25,104],"class_list":{"0":"post-109584","1":"post","2":"type-post","3":"status-publish","4":"format-standard","5":"has-post-thumbnail","7":"category-lille","8":"tag-actu","9":"tag-actualites","10":"tag-eu","11":"tag-europe","12":"tag-fr","13":"tag-france","14":"tag-handicap","15":"tag-hauts-de-france","16":"tag-lille","17":"tag-news","18":"tag-republique-francaise","19":"tag-societe"},"share_on_mastodon":{"url":"https:\/\/pubeurope.com\/@fr\/114529464893125873","error":""},"_links":{"self":[{"href":"https:\/\/www.europesays.com\/fr\/wp-json\/wp\/v2\/posts\/109584","targetHints":{"allow":["GET"]}}],"collection":[{"href":"https:\/\/www.europesays.com\/fr\/wp-json\/wp\/v2\/posts"}],"about":[{"href":"https:\/\/www.europesays.com\/fr\/wp-json\/wp\/v2\/types\/post"}],"author":[{"embeddable":true,"href":"https:\/\/www.europesays.com\/fr\/wp-json\/wp\/v2\/users\/2"}],"replies":[{"embeddable":true,"href":"https:\/\/www.europesays.com\/fr\/wp-json\/wp\/v2\/comments?post=109584"}],"version-history":[{"count":0,"href":"https:\/\/www.europesays.com\/fr\/wp-json\/wp\/v2\/posts\/109584\/revisions"}],"wp:featuredmedia":[{"embeddable":true,"href":"https:\/\/www.europesays.com\/fr\/wp-json\/wp\/v2\/media\/109585"}],"wp:attachment":[{"href":"https:\/\/www.europesays.com\/fr\/wp-json\/wp\/v2\/media?parent=109584"}],"wp:term":[{"taxonomy":"category","embeddable":true,"href":"https:\/\/www.europesays.com\/fr\/wp-json\/wp\/v2\/categories?post=109584"},{"taxonomy":"post_tag","embeddable":true,"href":"https:\/\/www.europesays.com\/fr\/wp-json\/wp\/v2\/tags?post=109584"}],"curies":[{"name":"wp","href":"https:\/\/api.w.org\/{rel}","templated":true}]}}