{"id":109588,"date":"2025-05-18T15:09:05","date_gmt":"2025-05-18T15:09:05","guid":{"rendered":"https:\/\/www.europesays.com\/fr\/109588\/"},"modified":"2025-05-18T15:09:05","modified_gmt":"2025-05-18T15:09:05","slug":"prix-robert-mizrahi-pour-la-transmission-de-la-memoire-plus-quun-hommage-un-acte-de-vigilance","status":"publish","type":"post","link":"https:\/\/www.europesays.com\/fr\/109588\/","title":{"rendered":"prix Robert-Mizrahi pour la transmission de la m\u00e9moire, \u00ab\u00a0plus qu&rsquo;un hommage, un acte de vigilance\u00a0\u00bb"},"content":{"rendered":"<p>Il \u00e9tait question de m\u00e9moire, d\u2019histoire, de transmission et d\u2019espoir, ce dimanche 18\u00a0mai au Palais du Pharo, \u00e0 <a href=\"https:\/\/www.laprovence.com\/region\/Edition-marseille\" target=\"_blank\" rel=\"noopener\">Marseille<\/a> (7e), \u00e0 l\u2019occasion de la remise du <a href=\"https:\/\/www.laprovence.com\/article\/societe\/87774786521196\/80-ans-de-la-liberation-dauschwitz-comment-faire-vivre-la-memoire-de-la-shoah-quand-il-ny-aura-plus-de-survivants\" target=\"_blank\" rel=\"noopener\">prix Robert-Mizrahi<\/a>. Cette r\u00e9compense imagin\u00e9e par le Fonds social juif unifi\u00e9 (FSJU) Marseille Provence salue le travail m\u00e9moriel pr\u00e9sent\u00e9 par un lyc\u00e9en ou \u00e9tudiant. Pour sa 5e \u00e9dition, la 4e en partenariat avec la Ville de Marseille, c\u2019est la jeune Ana\u00eblle Dahan qui a \u00e9t\u00e9 prim\u00e9e par le maire (DVG) Beno\u00eet Payan et le <a href=\"https:\/\/laprovence.com\/article\/economie\/6960979\/la-tsedaka-une-campagne-solidaire-du-fonds-social-juif.html\" target=\"_blank\" rel=\"noopener\">pr\u00e9sident du FSJU Marseille Provence, Lionel Stora<\/a>, pour son projet articul\u00e9 autour de 18\u00a0cartes postales retra\u00e7ant la vie de Jacques Seidenberg.<\/p>\n<p>Venu de Belgique, l\u2019homme n\u2019a pas cach\u00e9 sa surprise et son \u00e9motion au moment de prendre la parole sur la sc\u00e8ne du Pharo, face \u00e0 un parterre d\u2019invit\u00e9s, \u00e9lus et personnalit\u00e9s comme le <a href=\"https:\/\/www.laprovence.com\/article\/region\/303851951896815\/le-nouveau-prefet-de-region-georges-francois-leclerc-a-pris-ses-fonctions\" target=\"_blank\" rel=\"noopener\">pr\u00e9fet de r\u00e9gion Georges-Fran\u00e7ois Leclerc<\/a> et le d\u00e9put\u00e9 (PS) Laurent Lhardit.<\/p>\n","protected":false},"excerpt":{"rendered":"Il \u00e9tait question de m\u00e9moire, d\u2019histoire, de transmission et d\u2019espoir, ce dimanche 18\u00a0mai au Palais du Pharo, \u00e0&hellip;\n","protected":false},"author":2,"featured_media":109589,"comment_status":"","ping_status":"","sticky":false,"template":"","format":"standard","meta":{"footnotes":""},"categories":[2814],"tags":[17,1111,11,1777,674,1011,27,884,280,12,378,471,2141,882,25,22784,104,19420],"class_list":{"0":"post-109588","1":"post","2":"type-post","3":"status-publish","4":"format-standard","5":"has-post-thumbnail","7":"category-marseille","8":"tag-17","9":"tag-actu","10":"tag-actualites","11":"tag-eu","12":"tag-europe","13":"tag-fr","14":"tag-france","15":"tag-marseille","16":"tag-memoire","17":"tag-news","18":"tag-plus","19":"tag-pour","20":"tag-prix","21":"tag-provence-alpes-cote-dazur","22":"tag-republique-francaise","23":"tag-robert-mizrahi","24":"tag-societe","25":"tag-transmission"},"share_on_mastodon":{"url":"https:\/\/pubeurope.com\/@fr\/114529472564558600","error":""},"_links":{"self":[{"href":"https:\/\/www.europesays.com\/fr\/wp-json\/wp\/v2\/posts\/109588","targetHints":{"allow":["GET"]}}],"collection":[{"href":"https:\/\/www.europesays.com\/fr\/wp-json\/wp\/v2\/posts"}],"about":[{"href":"https:\/\/www.europesays.com\/fr\/wp-json\/wp\/v2\/types\/post"}],"author":[{"embeddable":true,"href":"https:\/\/www.europesays.com\/fr\/wp-json\/wp\/v2\/users\/2"}],"replies":[{"embeddable":true,"href":"https:\/\/www.europesays.com\/fr\/wp-json\/wp\/v2\/comments?post=109588"}],"version-history":[{"count":0,"href":"https:\/\/www.europesays.com\/fr\/wp-json\/wp\/v2\/posts\/109588\/revisions"}],"wp:featuredmedia":[{"embeddable":true,"href":"https:\/\/www.europesays.com\/fr\/wp-json\/wp\/v2\/media\/109589"}],"wp:attachment":[{"href":"https:\/\/www.europesays.com\/fr\/wp-json\/wp\/v2\/media?parent=109588"}],"wp:term":[{"taxonomy":"category","embeddable":true,"href":"https:\/\/www.europesays.com\/fr\/wp-json\/wp\/v2\/categories?post=109588"},{"taxonomy":"post_tag","embeddable":true,"href":"https:\/\/www.europesays.com\/fr\/wp-json\/wp\/v2\/tags?post=109588"}],"curies":[{"name":"wp","href":"https:\/\/api.w.org\/{rel}","templated":true}]}}