{"id":109590,"date":"2025-05-18T15:10:11","date_gmt":"2025-05-18T15:10:11","guid":{"rendered":"https:\/\/www.europesays.com\/fr\/109590\/"},"modified":"2025-05-18T15:10:11","modified_gmt":"2025-05-18T15:10:11","slug":"il-faut-recoudre-a-marseille-le-tissu-du-logement-et-le-tissu-du-social-2","status":"publish","type":"post","link":"https:\/\/www.europesays.com\/fr\/109590\/","title":{"rendered":"\u00ab\u00a0il faut recoudre \u00e0 Marseille le tissu du logement et le tissu du social\u00a0\u00bb"},"content":{"rendered":"<p>L&rsquo;adjoint Printemps Marseillais au maire de Marseille en charge du Logement est l&rsquo;invit\u00e9 de Rue de la R\u00e9publique.<\/p>\n<p>Lutte contre l&rsquo;habitat indigne et les marchands de sommeil, construction de logements sociaux, r\u00e9novation des copropri\u00e9t\u00e9s d\u00e9grad\u00e9es, r\u00e9gulation Airbnb dans la ville et extension du permis m\u00e9tropolitain de louer sont au menu de cette nouvelle \u00e9mission.<\/p>\n<p>Patrick Amico est au micro de Didier Gesualdi et L\u00e9o Purguette de la Marseillaise.<\/p>\n<p>\u00a0<\/p><\/p>\n","protected":false},"excerpt":{"rendered":"L&rsquo;adjoint Printemps Marseillais au maire de Marseille en charge du Logement est l&rsquo;invit\u00e9 de Rue de la R\u00e9publique.&hellip;\n","protected":false},"author":2,"featured_media":109236,"comment_status":"","ping_status":"","sticky":false,"template":"","format":"standard","meta":{"footnotes":""},"categories":[2814],"tags":[1111,11,7345,6469,22742,22743,1777,674,1011,27,16354,884,21363,2800,12,22741,882,25],"class_list":{"0":"post-109590","1":"post","2":"type-post","3":"status-publish","4":"format-standard","5":"has-post-thumbnail","7":"category-marseille","8":"tag-actu","9":"tag-actualites","10":"tag-airbnb","11":"tag-benoit-payan","12":"tag-conseil-metropole","13":"tag-crise-du-logement","14":"tag-eu","15":"tag-europe","16":"tag-fr","17":"tag-france","18":"tag-logement-social","19":"tag-marseille","20":"tag-martine-vassal","21":"tag-metropole","22":"tag-news","23":"tag-permis-de-louer","24":"tag-provence-alpes-cote-dazur","25":"tag-republique-francaise"},"share_on_mastodon":{"url":"https:\/\/pubeurope.com\/@fr\/114529476520097456","error":""},"_links":{"self":[{"href":"https:\/\/www.europesays.com\/fr\/wp-json\/wp\/v2\/posts\/109590","targetHints":{"allow":["GET"]}}],"collection":[{"href":"https:\/\/www.europesays.com\/fr\/wp-json\/wp\/v2\/posts"}],"about":[{"href":"https:\/\/www.europesays.com\/fr\/wp-json\/wp\/v2\/types\/post"}],"author":[{"embeddable":true,"href":"https:\/\/www.europesays.com\/fr\/wp-json\/wp\/v2\/users\/2"}],"replies":[{"embeddable":true,"href":"https:\/\/www.europesays.com\/fr\/wp-json\/wp\/v2\/comments?post=109590"}],"version-history":[{"count":0,"href":"https:\/\/www.europesays.com\/fr\/wp-json\/wp\/v2\/posts\/109590\/revisions"}],"wp:featuredmedia":[{"embeddable":true,"href":"https:\/\/www.europesays.com\/fr\/wp-json\/wp\/v2\/media\/109236"}],"wp:attachment":[{"href":"https:\/\/www.europesays.com\/fr\/wp-json\/wp\/v2\/media?parent=109590"}],"wp:term":[{"taxonomy":"category","embeddable":true,"href":"https:\/\/www.europesays.com\/fr\/wp-json\/wp\/v2\/categories?post=109590"},{"taxonomy":"post_tag","embeddable":true,"href":"https:\/\/www.europesays.com\/fr\/wp-json\/wp\/v2\/tags?post=109590"}],"curies":[{"name":"wp","href":"https:\/\/api.w.org\/{rel}","templated":true}]}}