{"id":1095967,"date":"2026-07-30T00:13:16","date_gmt":"2026-07-30T00:13:16","guid":{"rendered":"https:\/\/www.europesays.com\/fr\/1095967\/"},"modified":"2026-07-30T00:13:16","modified_gmt":"2026-07-30T00:13:16","slug":"animaux-lautre-urgence-tf1-info","status":"publish","type":"post","link":"https:\/\/www.europesays.com\/fr\/1095967\/","title":{"rendered":"Animaux : l&rsquo;autre urgence | TF1 Info"},"content":{"rendered":"<p class=\"jsx-a2e2feb2a010d590 Time\">Publi\u00e9 le 29 juillet 2026 \u00e0 19h57<\/p>\n<p class=\"jsx-3150768112 jsx-3884010115 ExpandableText__Text\">Les animaux font partie des premi\u00e8res victimes de ces incendies. Ils sont vuln\u00e9rables et parfois pi\u00e9g\u00e9s par les flammes. Des volontaires, des v\u00e9t\u00e9rinaires, s&rsquo;occupent des b\u00eates bless\u00e9es. Des b\u00e9n\u00e9voles recherchent \u00e9galement des animaux domestiques laiss\u00e9s derri\u00e8re eux par des propri\u00e9taires \u00e9vacu\u00e9s dans la catastrophe. Avec ces incendies g\u00e9ants, c&rsquo;est la faune sauvage qui paie le plus lourd tribu. Les vents tournants d\u00e9sorientent les animaux. Certains ont pu \u00eatre sauv\u00e9s in extremis.<\/p>\n<p>Lire plusReplier<\/p>\n","protected":false},"excerpt":{"rendered":"Publi\u00e9 le 29 juillet 2026 \u00e0 19h57 Les animaux font partie des premi\u00e8res victimes de ces incendies. Ils&hellip;\n","protected":false},"author":2,"featured_media":1095968,"comment_status":"","ping_status":"","sticky":false,"template":"","format":"standard","meta":{"footnotes":"","_share_on_mastodon":"0"},"categories":[1356],"tags":[58,59,1011,27,1310,2952,252,1364,133,7166,34308],"class_list":["post-1095967","post","type-post","status-publish","format-standard","has-post-thumbnail","category-television","tag-divertissement","tag-entertainment","tag-fr","tag-france","tag-incendie","tag-le-20h","tag-television","tag-tv","tag-video","tag-video-initiatives-positives","tag-vie-en-regions"],"share_on_mastodon":{"url":"https:\/\/pubeurope.com\/@fr\/117006041517176986","error":""},"_links":{"self":[{"href":"https:\/\/www.europesays.com\/fr\/wp-json\/wp\/v2\/posts\/1095967","targetHints":{"allow":["GET"]}}],"collection":[{"href":"https:\/\/www.europesays.com\/fr\/wp-json\/wp\/v2\/posts"}],"about":[{"href":"https:\/\/www.europesays.com\/fr\/wp-json\/wp\/v2\/types\/post"}],"author":[{"embeddable":true,"href":"https:\/\/www.europesays.com\/fr\/wp-json\/wp\/v2\/users\/2"}],"replies":[{"embeddable":true,"href":"https:\/\/www.europesays.com\/fr\/wp-json\/wp\/v2\/comments?post=1095967"}],"version-history":[{"count":0,"href":"https:\/\/www.europesays.com\/fr\/wp-json\/wp\/v2\/posts\/1095967\/revisions"}],"wp:featuredmedia":[{"embeddable":true,"href":"https:\/\/www.europesays.com\/fr\/wp-json\/wp\/v2\/media\/1095968"}],"wp:attachment":[{"href":"https:\/\/www.europesays.com\/fr\/wp-json\/wp\/v2\/media?parent=1095967"}],"wp:term":[{"taxonomy":"category","embeddable":true,"href":"https:\/\/www.europesays.com\/fr\/wp-json\/wp\/v2\/categories?post=1095967"},{"taxonomy":"post_tag","embeddable":true,"href":"https:\/\/www.europesays.com\/fr\/wp-json\/wp\/v2\/tags?post=1095967"}],"curies":[{"name":"wp","href":"https:\/\/api.w.org\/{rel}","templated":true}]}}