{"id":10960,"date":"2025-04-08T19:20:10","date_gmt":"2025-04-08T19:20:10","guid":{"rendered":"https:\/\/www.europesays.com\/fr\/10960\/"},"modified":"2025-04-08T19:20:10","modified_gmt":"2025-04-08T19:20:10","slug":"une-premiere-edition-reussie-pour-le-grand-prix-cycliste-les-bords-de-sarre","status":"publish","type":"post","link":"https:\/\/www.europesays.com\/fr\/10960\/","title":{"rendered":"une premi\u00e8re \u00e9dition r\u00e9ussie pour le grand prix cycliste Les Bords de Sarre"},"content":{"rendered":"<p>Il n&rsquo;y avait pas que les professionnels du World Tour sur les routes ce dimanche. Alors que le Tour des Flandres se d\u00e9roulait au m\u00eame moment, la premi\u00e8re \u00e9dition du grand prix Les Bords de Sarre s&rsquo;est tenue \u00e0 Sarrebourg ce 6 avril. Malgr\u00e9 le vent et une temp\u00e9rature moindre que la veille, le beau temps \u00e9tait au rendez-vous et le public s&rsquo;est pris au jeu en s&rsquo;arr\u00eatant le long du parcours pour encourager les participants.<\/p>\n","protected":false},"excerpt":{"rendered":"Il n&rsquo;y avait pas que les professionnels du World Tour sur les routes ce dimanche. Alors que le&hellip;\n","protected":false},"author":2,"featured_media":10961,"comment_status":"","ping_status":"","sticky":false,"template":"","format":"standard","meta":{"footnotes":""},"categories":[1411],"tags":[1687,1154,207,5327,1011,27,5325,2798,5326,104,60,1631],"class_list":{"0":"post-10960","1":"post","2":"type-post","3":"status-publish","4":"format-standard","5":"has-post-thumbnail","7":"category-cyclisme","8":"tag-culture-loisirs","9":"tag-cycling","10":"tag-cyclisme","11":"tag-edition-sarrebourg-chateau-salins","12":"tag-fr","13":"tag-france","14":"tag-galerie-media","15":"tag-galerie-photo","16":"tag-sarrebourg","17":"tag-societe","18":"tag-sports","19":"tag-vie-associative"},"share_on_mastodon":{"url":"https:\/\/pubeurope.com\/@fr\/114303967148698868","error":""},"_links":{"self":[{"href":"https:\/\/www.europesays.com\/fr\/wp-json\/wp\/v2\/posts\/10960","targetHints":{"allow":["GET"]}}],"collection":[{"href":"https:\/\/www.europesays.com\/fr\/wp-json\/wp\/v2\/posts"}],"about":[{"href":"https:\/\/www.europesays.com\/fr\/wp-json\/wp\/v2\/types\/post"}],"author":[{"embeddable":true,"href":"https:\/\/www.europesays.com\/fr\/wp-json\/wp\/v2\/users\/2"}],"replies":[{"embeddable":true,"href":"https:\/\/www.europesays.com\/fr\/wp-json\/wp\/v2\/comments?post=10960"}],"version-history":[{"count":0,"href":"https:\/\/www.europesays.com\/fr\/wp-json\/wp\/v2\/posts\/10960\/revisions"}],"wp:featuredmedia":[{"embeddable":true,"href":"https:\/\/www.europesays.com\/fr\/wp-json\/wp\/v2\/media\/10961"}],"wp:attachment":[{"href":"https:\/\/www.europesays.com\/fr\/wp-json\/wp\/v2\/media?parent=10960"}],"wp:term":[{"taxonomy":"category","embeddable":true,"href":"https:\/\/www.europesays.com\/fr\/wp-json\/wp\/v2\/categories?post=10960"},{"taxonomy":"post_tag","embeddable":true,"href":"https:\/\/www.europesays.com\/fr\/wp-json\/wp\/v2\/tags?post=10960"}],"curies":[{"name":"wp","href":"https:\/\/api.w.org\/{rel}","templated":true}]}}